{"id":3273,"date":"2015-09-02T11:35:42","date_gmt":"2015-09-02T10:35:42","guid":{"rendered":"https:\/\/antonio-justo.eu\/?p=3273"},"modified":"2015-09-02T11:35:42","modified_gmt":"2015-09-02T10:35:42","slug":"armadilha-da-turquia-para-a-nato-ser-envolvida-numa-guerra-civil","status":"publish","type":"post","link":"https:\/\/antonio-justo.eu\/?p=3273","title":{"rendered":"ARMADILHA DA TURQUIA PARA A NATO SER ENVOLVIDA NUMA GUERRA CIVIL"},"content":{"rendered":"<p style=\"text-align: center;\">\n<strong>Alemanha c\u00famplice com a Turquia na Luta contra os Curdos<\/strong><\/p>\n<p>A For\u00e7a A\u00e9rea turca aproveita para bombardear durante dias consecutivas aldeias curdas da Regi\u00e3o Aut\u00f3noma do Curdist\u00e3o (norte do Iraque) sob o pretexto de atacar posi\u00e7\u00f5es do PKK. A Turquia faz guerra de forma preventiva a evitar a forma\u00e7\u00e3o do Curdist\u00e3o numa fase p\u00f3s-guerra em que \u00e9 pretendida a divis\u00e3o do territ\u00f3rio hoje pertencente ao Iraque e \u00e0 S\u00edria.<\/p>\n<p>A Turquia do presidente Erdogan comporta-se agressiva e autorit\u00e1ria para o interior e para o exterior, aproveitando-se da debilidade da S\u00edria e do Iraque. Tamb\u00e9m a NATO perde a credibilidade ao falar contra a agressividade da R\u00fassia contra a Ucr\u00e2nia e ao fechar os olhos perante a agressividade da Turquia contra os curdos nas zonas fronteiri\u00e7as.<\/p>\n<p>A Alemanha tem \u201cM\u00edsseis Patriot\u201d com 400 soldados alem\u00e3es na Turquia desde 2013 supostamente para defenderem a Turquia de poss\u00edveis ataques do Regime de Assad da S\u00edria. Por outro lado o governo de Ancara quer aniquilar Assad e supostamente defender os seus irm\u00e3os de confiss\u00e3o religiosa sunita que querem instalar na S\u00edria e no Iraque o movimento terrorista \u201cEstado Isl\u00e2mico\u201d (EI).<\/p>\n<p>H\u00e1 duas semanas avi\u00f5es de guerra turcos mataram 9 civilistas em Zargala (zona curda no Norte do Iraque onde a PKK tem influ\u00eancia). O partido curdo da Turquia PKK vingou-se logo no dia seguinte com um atentado suicida a um quartel turco em Dogubayazit onde morreram dois militares, ficando 31 feridos.<\/p>\n<p>O presidente turco Erdogan espera com a sua m\u00e3o de ferro contra PKK poder voltar a recuperar os votos perdidos pelo seu partido AKP nas \u00faltimas elei\u00e7\u00f5es (Erdogan quer provocar novas elei\u00e7\u00f5es para alcan\u00e7ar a maioria absoluta perdida e impor as suas inten\u00e7\u00f5es autocr\u00e1ticas atrav\u00e9s de referendo para mudar a Constitui\u00e7\u00e3o no sentido de puxar a Turquia para o radicalismo religioso).<\/p>\n<p>O Governo turco tem bombardeado alvos curdos da PKK na S\u00edria sob o pretexto de guerrear o terrorismo do EI. Interfere assim na guerra civil da S\u00edria para defender interesses pr\u00f3prios. Com as costas e o flanco de avan\u00e7ada protegidos pela NATO e pelos M\u00edsseis Patriotik da Alemanha, a Turquia n\u00e3o se v\u00ea na necessidade de negociar e de assumir compromissos com os curdos da Turquia aproveitando, pelo contr\u00e1rio, para enfraquecer os curdos do Iraque e da S\u00edria que t\u00eam sido os \u00fanicos parceiros fi\u00e1veis na luta contra o terrorismo do EI. O aliado da coliga\u00e7\u00e3o contra o EI, a Autoridade Nacional Curda no Iraque, v\u00ea-se prejudicado devido \u00e0s interven\u00e7\u00f5es turcas. A Turquia s\u00f3 se revela interessada nos seus interesses nacionalistas arriscando uma guerra civil. Torna-se escandalosa a maneira como a Europa se torna conivente com a pol\u00edtica americana que tem desestabilizado a \u00c1frica do Norte e se deixa instrumentalizar pela Turquia n\u00e3o tendo em considera\u00e7\u00e3o os interesses europeus.<\/p>\n<p>Conclus\u00e3o<br \/>\nDesde 1984 o conflito entre o Governo turco e a zona da Turquia curda que aspira a uma certa autonomia j\u00e1 provocou 40.000 mortos, a destrui\u00e7\u00e3o de 3.000 aldeias curdas e v\u00e1rios milh\u00f5es de refugiados curdos para outras zonas da Turquia e para a Europa.<\/p>\n<p>S\u00f3 as conversa\u00e7\u00f5es pol\u00edticas a n\u00edvel nacional e internacional poderiam possibilitar uma solu\u00e7\u00e3o justa. A Turquia colabora com o Ocidente naquilo que a beneficia ou no sentido de impedir a forma\u00e7\u00e3o de um Estado Curdist\u00e3o. A sua forma\u00e7\u00e3o nas suas fronteiras instaria os curdos da zona da Turquia a n\u00e3o se deixarem discriminar pelo governo de Ancara. A NATO n\u00e3o parece estar interessada dado ter apostado na Turquia como sua zona avan\u00e7ada no meio isl\u00e2mico. Uma longa guerra civil avizinha-se como probabilidade mais pens\u00e1vel atendendo ao facto de os mais fortes (Turquia e aliados) n\u00e3o terem considera\u00e7\u00e3o por problemas de legitimidade existencial de povos que se encontram em situa\u00e7\u00e3o de v\u00edtima da sua pol\u00edtica imperialista.<br \/>\nAnt\u00f3nio da Cunha Duarte Justo<br \/>\nJornalista<br \/>\nIn Pegadas do Tempo www.antonio-justo<\/p>\n","protected":false},"excerpt":{"rendered":"<p>Alemanha c\u00famplice com a Turquia na Luta contra os Curdos A For\u00e7a A\u00e9rea turca aproveita para bombardear durante dias consecutivas aldeias curdas da Regi\u00e3o Aut\u00f3noma do Curdist\u00e3o (norte do Iraque) sob o pretexto de atacar posi\u00e7\u00f5es do PKK. A Turquia faz guerra de forma preventiva a evitar a forma\u00e7\u00e3o do Curdist\u00e3o numa fase p\u00f3s-guerra em &hellip; <a href=\"https:\/\/antonio-justo.eu\/?p=3273\" class=\"more-link\">Continuar a ler <span class=\"screen-reader-text\">ARMADILHA DA TURQUIA PARA A NATO SER ENVOLVIDA NUMA GUERRA CIVIL<\/span><\/a><\/p>\n","protected":false},"author":1,"featured_media":0,"comment_status":"open","ping_status":"open","sticky":false,"template":"","format":"standard","meta":{"sfsi_plus_gutenberg_text_before_share":"","sfsi_plus_gutenberg_show_text_before_share":"","sfsi_plus_gutenberg_icon_type":"","sfsi_plus_gutenberg_icon_alignemt":"","sfsi_plus_gutenburg_max_per_row":"","footnotes":""},"categories":[7],"tags":[],"class_list":["post-3273","post","type-post","status-publish","format-standard","hentry","category-politica"],"_links":{"self":[{"href":"https:\/\/antonio-justo.eu\/index.php?rest_route=\/wp\/v2\/posts\/3273","targetHints":{"allow":["GET"]}}],"collection":[{"href":"https:\/\/antonio-justo.eu\/index.php?rest_route=\/wp\/v2\/posts"}],"about":[{"href":"https:\/\/antonio-justo.eu\/index.php?rest_route=\/wp\/v2\/types\/post"}],"author":[{"embeddable":true,"href":"https:\/\/antonio-justo.eu\/index.php?rest_route=\/wp\/v2\/users\/1"}],"replies":[{"embeddable":true,"href":"https:\/\/antonio-justo.eu\/index.php?rest_route=%2Fwp%2Fv2%2Fcomments&post=3273"}],"version-history":[{"count":1,"href":"https:\/\/antonio-justo.eu\/index.php?rest_route=\/wp\/v2\/posts\/3273\/revisions"}],"predecessor-version":[{"id":3274,"href":"https:\/\/antonio-justo.eu\/index.php?rest_route=\/wp\/v2\/posts\/3273\/revisions\/3274"}],"wp:attachment":[{"href":"https:\/\/antonio-justo.eu\/index.php?rest_route=%2Fwp%2Fv2%2Fmedia&parent=3273"}],"wp:term":[{"taxonomy":"category","embeddable":true,"href":"https:\/\/antonio-justo.eu\/index.php?rest_route=%2Fwp%2Fv2%2Fcategories&post=3273"},{"taxonomy":"post_tag","embeddable":true,"href":"https:\/\/antonio-justo.eu\/index.php?rest_route=%2Fwp%2Fv2%2Ftags&post=3273"}],"curies":[{"name":"wp","href":"https:\/\/api.w.org\/{rel}","templated":true}]}}