{"id":3271,"date":"2015-09-02T11:16:34","date_gmt":"2015-09-02T10:16:34","guid":{"rendered":"https:\/\/antonio-justo.eu\/?p=3271"},"modified":"2015-09-02T11:16:34","modified_gmt":"2015-09-02T10:16:34","slug":"salario-minimo-na-alemanha-cabeleireirasos","status":"publish","type":"post","link":"https:\/\/antonio-justo.eu\/?p=3271","title":{"rendered":"SAL\u00c1RIO M\u00cdNIMO NA ALEMANHA \u2013 CABELEIREIRAS\/OS"},"content":{"rendered":"<p>&nbsp;<\/p>\n<p style=\"text-align: justify;\">As excep\u00e7\u00f5es \u00e0 regra do ordenado m\u00ednimo na Alemanha acabaram a partir de um de Agosto. Tamb\u00e9m as firmas de cabeleireiros passam a pagar 8,50 Euros il\u00edquidos \u00e0 hora. Antes cabeleireiros na parte oriental da Alemanha tinham um ordenado de 7,5 Euros e na parte ocidental 8 Euros.<br \/>\nCom o in\u00edcio de Agosto tamb\u00e9m se tornou mais f\u00e1cil a burocracia para patr\u00f5es que pagam o sal\u00e1rio m\u00ednimo.<br \/>\nAgora, os patr\u00f5es n\u00e3o precisam de registrar os tempos de trabalho do trabalhador se o seu sal\u00e1rio regular for superior a 2.000 euros brutos mensais e se o sal\u00e1rio l\u00edquido de cada oper\u00e1rio tiver sido pago em cada um dos \u00faltimos 12 meses.<\/p>\n<p style=\"text-align: justify;\">Al\u00e9m do ordenado m\u00ednimo para cabeleireiros\/as pode consultar outras aplica\u00e7\u00f5es de lei a partir de 1.08.2015 em http:\/\/www.t-online.de\/wirtschaft\/id_74904376\/ab-1-august-das-aendert-sich-bei-mindestlohn-kfw-und-mietrecht-.html<br \/>\nOutras informa\u00e7\u00f5es em ingl\u00eas: http:\/\/www.wageindicator.org\/main\/salary\/minimum-wage\/germany<\/p>\n","protected":false},"excerpt":{"rendered":"<p>&nbsp; As excep\u00e7\u00f5es \u00e0 regra do ordenado m\u00ednimo na Alemanha acabaram a partir de um de Agosto. Tamb\u00e9m as firmas de cabeleireiros passam a pagar 8,50 Euros il\u00edquidos \u00e0 hora. Antes cabeleireiros na parte oriental da Alemanha tinham um ordenado de 7,5 Euros e na parte ocidental 8 Euros. Com o in\u00edcio de Agosto tamb\u00e9m &hellip; <a href=\"https:\/\/antonio-justo.eu\/?p=3271\" class=\"more-link\">Continuar a ler <span class=\"screen-reader-text\">SAL\u00c1RIO M\u00cdNIMO NA ALEMANHA \u2013 CABELEIREIRAS\/OS<\/span><\/a><\/p>\n","protected":false},"author":1,"featured_media":0,"comment_status":"open","ping_status":"open","sticky":false,"template":"","format":"standard","meta":{"sfsi_plus_gutenberg_text_before_share":"","sfsi_plus_gutenberg_show_text_before_share":"","sfsi_plus_gutenberg_icon_type":"","sfsi_plus_gutenberg_icon_alignemt":"","sfsi_plus_gutenburg_max_per_row":"","footnotes":""},"categories":[1],"tags":[],"class_list":["post-3271","post","type-post","status-publish","format-standard","hentry","category-sem-categoria"],"_links":{"self":[{"href":"https:\/\/antonio-justo.eu\/index.php?rest_route=\/wp\/v2\/posts\/3271","targetHints":{"allow":["GET"]}}],"collection":[{"href":"https:\/\/antonio-justo.eu\/index.php?rest_route=\/wp\/v2\/posts"}],"about":[{"href":"https:\/\/antonio-justo.eu\/index.php?rest_route=\/wp\/v2\/types\/post"}],"author":[{"embeddable":true,"href":"https:\/\/antonio-justo.eu\/index.php?rest_route=\/wp\/v2\/users\/1"}],"replies":[{"embeddable":true,"href":"https:\/\/antonio-justo.eu\/index.php?rest_route=%2Fwp%2Fv2%2Fcomments&post=3271"}],"version-history":[{"count":1,"href":"https:\/\/antonio-justo.eu\/index.php?rest_route=\/wp\/v2\/posts\/3271\/revisions"}],"predecessor-version":[{"id":3272,"href":"https:\/\/antonio-justo.eu\/index.php?rest_route=\/wp\/v2\/posts\/3271\/revisions\/3272"}],"wp:attachment":[{"href":"https:\/\/antonio-justo.eu\/index.php?rest_route=%2Fwp%2Fv2%2Fmedia&parent=3271"}],"wp:term":[{"taxonomy":"category","embeddable":true,"href":"https:\/\/antonio-justo.eu\/index.php?rest_route=%2Fwp%2Fv2%2Fcategories&post=3271"},{"taxonomy":"post_tag","embeddable":true,"href":"https:\/\/antonio-justo.eu\/index.php?rest_route=%2Fwp%2Fv2%2Ftags&post=3271"}],"curies":[{"name":"wp","href":"https:\/\/api.w.org\/{rel}","templated":true}]}}