{"id":3226,"date":"2015-07-22T15:02:48","date_gmt":"2015-07-22T14:02:48","guid":{"rendered":"https:\/\/antonio-justo.eu\/?p=3226"},"modified":"2015-07-22T19:50:59","modified_gmt":"2015-07-22T18:50:59","slug":"ideia-de-uma-nova-uniao-monetaria-do-euro-na-mesa-da-agenda-politica","status":"publish","type":"post","link":"https:\/\/antonio-justo.eu\/?p=3226","title":{"rendered":"IDEIA DE UMA NOVA UNI\u00c3O MONET\u00c1RIA EURO NA MESA DA AGENDA POL\u00cdTICA"},"content":{"rendered":"<p style=\"text-align: center;\"><span style=\"color: #ff0000;\"><strong><span style=\"color: #ff0000;\">Agora vira-se o Feiti\u00e7o contra o Feiticeiro!<\/span><\/strong><\/span><\/p>\n<p style=\"text-align: justify;\">\u201cO que amea\u00e7a a Europa n\u00e3o \u00e9 um demais mas sim um demasiado pouco\u201d disse Francois Hollande! Procura com isto colocar-se na vanguarda da Europa para com a Alemanha colocar a Zona Euro na carruagem nobre da UE. Quer para isso uma Zona Euro com um governo, com um or\u00e7amento pr\u00f3prio e um parlamento que o legitime. Este governo ditaria as normas dos estados membros. <strong>Hollande e Merkel querem marchar \u00e0 frente com um n\u00facleo de estados a que se poderiam juntar pa\u00edses dispostos a integrar-se. A este grupo poderiam pertencer, tamb\u00e9m a B\u00e9lgica, Pa\u00edses Baixos, It\u00e1lia e Luxemburgo, assim como Portugal e Espanha, segundo refere a imprensa alem\u00e3.<\/strong><\/p>\n<p style=\"text-align: justify;\"><strong>J\u00e1 em 1994, Wolfgang Sch\u00e4uble tinha elaborado uma proposta juntamente com Karl Lamer para a Comiss\u00e3o Parlamentar da Pol\u00edtica Externa (HNA 22.07) em que propunham a cria\u00e7\u00e3o de uma Europa de duas velocidades.<\/strong> Est\u00e1 prevista para o outono uma reuni\u00e3o em Bruxelas sobre o desenvolvimento da Uni\u00e3o Econ\u00f3mica e Monet\u00e1ria. At\u00e9 l\u00e1, a Gr\u00e9cia j\u00e1 ter\u00e1, certamente, iniciado o recuo do Euro.<\/p>\n<p style=\"text-align: center;\"><strong><span style=\"color: #ff0000;\">No Princ\u00edpio a Gr\u00e9cia impedia outros Pa\u00edses de entrar no Club CEE e agora queixa-se<\/span><\/strong><\/p>\n<p style=\"text-align: justify;\">No contencioso entre o grupo Euro e a Gr\u00e9cia afirma-se a consci\u00eancia de que o dinheiro \u00e9 poder (se n\u00e3o o poder) e este determina (infelizmente) a realidade embora muitos vivessem melhor com um outro credo em que interesses encobertos n\u00e3o determinassem a realidade. N\u00e3o \u00e9 f\u00e1cil a coordena\u00e7\u00e3o das leis fundamentais da economia com as da pol\u00edtica numa Europa em que a inten\u00e7\u00e3o subjacente \u00e9 fazer da \u201cEuropa um continente competitivo\u201d.<\/p>\n<p style=\"text-align: justify;\">Uma bagun\u00e7a para a economia e para todos e em especial para a esquerda que via na Gr\u00e9cia o esp\u00edrito de luta a activar contra os governos; uma bagun\u00e7a porque a afirma\u00e7\u00e3o do status quo n\u00e3o oferece perspectivas de futuro nem para uns nem para outros!<\/p>\n<p style=\"text-align: justify;\">Cada Estado, cada ideologia procura servir-se sem pensar nos custos do servi\u00e7o. A Gr\u00e9cia j\u00e1 em 1985 sabia tirar proveito da sua situa\u00e7\u00e3o usando do direito a veto para bloquear a entrada de Portugal e Espanha na CEE. Em 1985 o governo grego era contra o acordo que regularia a entrada de Portugal e Espanha para a CEE. <strong>A entrada s\u00f3 foi poss\u00edvel em 1986 depois de a Gr\u00e9cia ter recebido como contrapartida da retirada do seu veto \u201cum aux\u00edlio adicional no quadro das verbas para os PIM: dois mil milh\u00f5es de d\u00f3lares \u201c da CEE<\/strong> (Di\u00e1rio de Lisboa\/Funda\u00e7\u00e3o M\u00e1rio Soares).<\/p>\n<p style=\"text-align: justify;\">Portugal tem muito boa reputa\u00e7\u00e3o em toda a Europa. Mas s\u00f3 um governo, uma oposi\u00e7\u00e3o e uma opini\u00e3o p\u00fablica orientada pela solu\u00e7\u00e3o de problemas na base de factos concretos e de dados econ\u00f3micos (e n\u00e3o de intrigas a entre pessoas de partidos rivais) poder\u00e1 fazer o pa\u00eds progredir!<br \/>\n<strong>Ant\u00f3nio da Cunha Duarte Justo<\/strong><br \/>\nwww.antonio-justo.eu<\/p>\n","protected":false},"excerpt":{"rendered":"<p>Agora vira-se o Feiti\u00e7o contra o Feiticeiro! \u201cO que amea\u00e7a a Europa n\u00e3o \u00e9 um demais mas sim um demasiado pouco\u201d disse Francois Hollande! Procura com isto colocar-se na vanguarda da Europa para com a Alemanha colocar a Zona Euro na carruagem nobre da UE. Quer para isso uma Zona Euro com um governo, com &hellip; <a href=\"https:\/\/antonio-justo.eu\/?p=3226\" class=\"more-link\">Continuar a ler <span class=\"screen-reader-text\">IDEIA DE UMA NOVA UNI\u00c3O MONET\u00c1RIA EURO NA MESA DA AGENDA POL\u00cdTICA<\/span><\/a><\/p>\n","protected":false},"author":1,"featured_media":0,"comment_status":"open","ping_status":"open","sticky":false,"template":"","format":"standard","meta":{"sfsi_plus_gutenberg_text_before_share":"","sfsi_plus_gutenberg_show_text_before_share":"","sfsi_plus_gutenberg_icon_type":"","sfsi_plus_gutenberg_icon_alignemt":"","sfsi_plus_gutenburg_max_per_row":"","footnotes":""},"categories":[14,7],"tags":[],"class_list":["post-3226","post","type-post","status-publish","format-standard","hentry","category-economia","category-politica"],"_links":{"self":[{"href":"https:\/\/antonio-justo.eu\/index.php?rest_route=\/wp\/v2\/posts\/3226","targetHints":{"allow":["GET"]}}],"collection":[{"href":"https:\/\/antonio-justo.eu\/index.php?rest_route=\/wp\/v2\/posts"}],"about":[{"href":"https:\/\/antonio-justo.eu\/index.php?rest_route=\/wp\/v2\/types\/post"}],"author":[{"embeddable":true,"href":"https:\/\/antonio-justo.eu\/index.php?rest_route=\/wp\/v2\/users\/1"}],"replies":[{"embeddable":true,"href":"https:\/\/antonio-justo.eu\/index.php?rest_route=%2Fwp%2Fv2%2Fcomments&post=3226"}],"version-history":[{"count":6,"href":"https:\/\/antonio-justo.eu\/index.php?rest_route=\/wp\/v2\/posts\/3226\/revisions"}],"predecessor-version":[{"id":3232,"href":"https:\/\/antonio-justo.eu\/index.php?rest_route=\/wp\/v2\/posts\/3226\/revisions\/3232"}],"wp:attachment":[{"href":"https:\/\/antonio-justo.eu\/index.php?rest_route=%2Fwp%2Fv2%2Fmedia&parent=3226"}],"wp:term":[{"taxonomy":"category","embeddable":true,"href":"https:\/\/antonio-justo.eu\/index.php?rest_route=%2Fwp%2Fv2%2Fcategories&post=3226"},{"taxonomy":"post_tag","embeddable":true,"href":"https:\/\/antonio-justo.eu\/index.php?rest_route=%2Fwp%2Fv2%2Ftags&post=3226"}],"curies":[{"name":"wp","href":"https:\/\/api.w.org\/{rel}","templated":true}]}}