{"id":3224,"date":"2015-07-21T16:46:27","date_gmt":"2015-07-21T15:46:27","guid":{"rendered":"https:\/\/antonio-justo.eu\/?p=3224"},"modified":"2015-07-21T16:46:27","modified_gmt":"2015-07-21T15:46:27","slug":"novos-muros-na-europa-euro-duro-e-euro-mole","status":"publish","type":"post","link":"https:\/\/antonio-justo.eu\/?p=3224","title":{"rendered":"NOVOS MUROS NA EUROPA &#8211; EURO DURO E EURO MOLE"},"content":{"rendered":"<p style=\"text-align: center;\"><span style=\"color: #ff0000;\"><strong><span style=\"color: #ff0000;\">O Presidente Franc\u00eas defende uma Uni\u00e3o Europeia a duas Velocidades<\/span><\/strong><\/span><\/p>\n<p style=\"text-align: justify;\">\nPor <strong>Ant\u00f3nio Justo<\/strong><br \/>\nOs pol\u00edticos n\u00e3o t\u00eam uma vida f\u00e1cil! T\u00eam de combater em duas frontes de batalha: no campo dos interesses da popula\u00e7\u00e3o e no dos interesses daqueles que mais influenciam o andamento do Estado; por outro lado t\u00eam de elaborar um discurso apropriado para os cidad\u00e3os e eleitores e outro discurso adequado aos ouvidos do estrangeiro. Hollande tornou-se num bom exemplo destas dicotomias.<\/p>\n<p style=\"text-align: justify;\">\nNo discurso dirigido ao exterior Hollande punha-se ao lado da Gr\u00e9cia e revelava-se cr\u00edtico em rela\u00e7\u00e3o \u00e0 Alemanha; <strong>agora num discurso dirigido para o interior e \u00e0 Alemanha, o presidente franc\u00eas parece acordar e diz &#8220;Os parlamentos est\u00e3o demasiado afastados das decis\u00f5es. E as pessoas est\u00e3o a afastar-se depois de serem t\u00e3o ignoradas.&#8221;<\/strong> As pr\u00f3ximas elei\u00e7\u00f5es j\u00e1 em vista (2017) obrigando-o a adoptar o discurso no sentido dos interesses da Fran\u00e7a e da Alemanha declarando-se por uma Europa de duas velocidades. Holland e Sch\u00e4uble querem ver salvaguardadas as suas pr\u00f3ximas elei\u00e7\u00f5es. Naturalmente por isso, Hollande advoga agora uma uni\u00e3o financeira e parlamentar dos 6 pa\u00edses (Fran\u00e7a, Alemanha, B\u00e9lgica, It\u00e1lia, Luxemburgo e Holanda). <strong>Isto parece ser um aviso directo \u00e0 Gr\u00e9cia para que organize novas elei\u00e7\u00f5es em que iniciem a sa\u00edda do euro.<\/strong><\/p>\n<p style=\"text-align: justify;\">\nHollande reaviva o discurso original da opini\u00e3o p\u00fablica Alem\u00e3 que levou \u00e0 forma\u00e7\u00e3o do partido AfD contra o Euro e dos que defendiam a necessidade de uma Uni\u00e3o Europeia a duas velocidades.<\/p>\n<p style=\"text-align: justify;\">\nA UE encontra-se exausta; <strong>uma parte da opini\u00e3o alem\u00e3 v\u00ea, como rem\u00e9dio contra os problemas da Gr\u00e9cia e da germanofobia, a introdu\u00e7\u00e3o da Dracma para os gregos e do Marco para os alem\u00e3es. A \u201csa\u00edda da Gr\u00e9cia\u201d e de outros pa\u00edses da Zona Euro, ou a cria\u00e7\u00e3o de dois tipos de euro &#8211; um duro e outro mole &#8211; que os p\u00e1ssaros cantavam em todos os telhados j\u00e1 em 2008,<\/strong> repete-se precisamente agora num discurso apelativo por gurus de diferentes ampliadores de ideologias. Quem seguiu a discuss\u00e3o de 2009 e 20010 n\u00e3o encontra ideia nova nos artigos dos jornais nem nos peritos. Depois do baile grego, os grandes encontram-se exasperados; talvez isso os leve a tomar outros passos apressados, na esperan\u00e7a de que a uni\u00e3o dos fortes ajuda a evitar guerras duras na Europa.<\/p>\n<p style=\"text-align: justify;\">\n<strong>Hollande parece c\u00ednico ao dizer que na \u201cajuda\u201d \u00e0 Gr\u00e9cia (na realidade uma grande ajuda aos credores internacionais) &#8220;prevaleceu o esp\u00edrito europeu&#8221;. No Journal du Dimanche escolhe precisamente o 90\u00b0 anivers\u00e1rio de Jacques Delors para p\u00f4r na ordem do dia a ideia de \u201cum governo da zona euro e adicionar um or\u00e7amento espec\u00edfico bem como um parlamento para assegurar o controlo democr\u00e1tico&#8221;\u2026 O eixo franco-alem\u00e3o parece come\u00e7ar a tomar contornos.<\/strong> Hollande repara assim as ofensas que se tinha permitido contra a Alemanha nas \u00faltimas noitadas de Bruxelas!<\/p>\n<p style=\"text-align: center;\">\n<strong><span style=\"color: #ff0000;\">O Dinheiro foi passar um Dia de F\u00e9rias \u00e0 Gr\u00e9cia<\/span><\/strong><\/p>\n<p style=\"text-align: justify;\">\nO dinheiro foi passar um dia de f\u00e9rias na Gr\u00e9cia. O demasiado sol descontentou-o e logo encurtou as f\u00e9rias regressando a casa, ao BCE e ao FMI. A Gr\u00e9cia recebeu 7, 16 mil milh\u00f5es de Euros do Fundo de resgate da UE e com eles pagou d\u00edvidas de dois mil milh\u00f5es de euros para o FMI e 4,2 mil milh\u00f5es de euros para o BCE.<\/p>\n<p style=\"text-align: justify;\">\nOs magnates da economia ao fecharem os bancos por 22 dias conseguiram ordenar os cidad\u00e3os e disciplin\u00e1-los em bichas em frente dos caixas eletr\u00f3nicas dos bancos.<\/p>\n<p style=\"text-align: justify;\">\nQue a uni\u00e3o europeia \u00e9 necess\u00e1ria n\u00e3o duvido da necessidade da UE nem da complexidade das do mundo financeiro mas o facto da sua complica\u00e7\u00e3o n\u00e3o chega para justificar quer o desconhecimento de pol\u00edticos quer a apatia do cidad\u00e3o e muito menos ainda a desculpa do status quo. Os bancos n\u00e3o s\u00e3o o problema mas a express\u00e3o e s\u00edmbolo dele. As diferentes perspectivas do problema, sejam elas socialistas, capitalistas ou doutras istas s\u00e3o as diferentes vis\u00f5es de uma realidade maior que englobaria todas elas. Naturalmente a toda a defini\u00e7\u00e3o corresponde uma redu\u00e7\u00e3o!<\/p>\n<p style=\"text-align: justify;\">\nN\u00e3o ser\u00e1 poss\u00edvel uma Uni\u00e3o Europeia sem custos econ\u00f3micos para as economias fortes nem o abdicar de direitos soberanos para todos.<br \/>\n<strong>Ant\u00f3nio da Cunha Duarte Justo<\/strong><br \/>\nIn Pegadas do Tempo: www.antonio-justo.eu<\/p>\n","protected":false},"excerpt":{"rendered":"<p>O Presidente Franc\u00eas defende uma Uni\u00e3o Europeia a duas Velocidades Por Ant\u00f3nio Justo Os pol\u00edticos n\u00e3o t\u00eam uma vida f\u00e1cil! T\u00eam de combater em duas frontes de batalha: no campo dos interesses da popula\u00e7\u00e3o e no dos interesses daqueles que mais influenciam o andamento do Estado; por outro lado t\u00eam de elaborar um discurso apropriado &hellip; <a href=\"https:\/\/antonio-justo.eu\/?p=3224\" class=\"more-link\">Continuar a ler <span class=\"screen-reader-text\">NOVOS MUROS NA EUROPA &#8211; EURO DURO E EURO MOLE<\/span><\/a><\/p>\n","protected":false},"author":1,"featured_media":0,"comment_status":"open","ping_status":"open","sticky":false,"template":"","format":"standard","meta":{"sfsi_plus_gutenberg_text_before_share":"","sfsi_plus_gutenberg_show_text_before_share":"","sfsi_plus_gutenberg_icon_type":"","sfsi_plus_gutenberg_icon_alignemt":"","sfsi_plus_gutenburg_max_per_row":"","footnotes":""},"categories":[14,7],"tags":[],"class_list":["post-3224","post","type-post","status-publish","format-standard","hentry","category-economia","category-politica"],"_links":{"self":[{"href":"https:\/\/antonio-justo.eu\/index.php?rest_route=\/wp\/v2\/posts\/3224","targetHints":{"allow":["GET"]}}],"collection":[{"href":"https:\/\/antonio-justo.eu\/index.php?rest_route=\/wp\/v2\/posts"}],"about":[{"href":"https:\/\/antonio-justo.eu\/index.php?rest_route=\/wp\/v2\/types\/post"}],"author":[{"embeddable":true,"href":"https:\/\/antonio-justo.eu\/index.php?rest_route=\/wp\/v2\/users\/1"}],"replies":[{"embeddable":true,"href":"https:\/\/antonio-justo.eu\/index.php?rest_route=%2Fwp%2Fv2%2Fcomments&post=3224"}],"version-history":[{"count":1,"href":"https:\/\/antonio-justo.eu\/index.php?rest_route=\/wp\/v2\/posts\/3224\/revisions"}],"predecessor-version":[{"id":3225,"href":"https:\/\/antonio-justo.eu\/index.php?rest_route=\/wp\/v2\/posts\/3224\/revisions\/3225"}],"wp:attachment":[{"href":"https:\/\/antonio-justo.eu\/index.php?rest_route=%2Fwp%2Fv2%2Fmedia&parent=3224"}],"wp:term":[{"taxonomy":"category","embeddable":true,"href":"https:\/\/antonio-justo.eu\/index.php?rest_route=%2Fwp%2Fv2%2Fcategories&post=3224"},{"taxonomy":"post_tag","embeddable":true,"href":"https:\/\/antonio-justo.eu\/index.php?rest_route=%2Fwp%2Fv2%2Ftags&post=3224"}],"curies":[{"name":"wp","href":"https:\/\/api.w.org\/{rel}","templated":true}]}}