{"id":3218,"date":"2015-07-19T10:56:33","date_gmt":"2015-07-19T09:56:33","guid":{"rendered":"https:\/\/antonio-justo.eu\/?p=3218"},"modified":"2015-07-19T15:29:02","modified_gmt":"2015-07-19T14:29:02","slug":"os-bancos-sao-os-exercitos-avancados-das-potencias","status":"publish","type":"post","link":"https:\/\/antonio-justo.eu\/?p=3218","title":{"rendered":"OS BANCOS S\u00c3O OS EX\u00c9RCITOS AVAN\u00c7ADOS DAS POT\u00caNCIAS"},"content":{"rendered":"<p style=\"text-align: center;\"><span style=\"color: #ff0000;\"><strong><span style=\"color: #ff0000;\">Uni\u00e3o Europeia dividida em Europa do Norte e Europa do Sul<\/span><\/strong><\/span><\/p>\n<p style=\"text-align: justify;\">Por <strong>Ant\u00f3nio Justo<\/strong><br \/>\nEm termos de mentalidade e de economia a Europa encontra-se dividida em duas: a Europa do Norte e a Europa do Sul como podemos constatar a partir da luta cultural iniciada no s\u00e9culo XVI pela reforma protestante e em parte na maneira como o imp\u00e9rio romano desabou. A norte predomina a mentalidade da cultura protestante (mais capitalista e t\u00e9cnica) e a sul a mentalidade cat\u00f3lica (de caracter mais rural e natural); a primeira tem uma perspectiva mais individual (elitista) e a segunda uma perspectiva mais comunit\u00e1ria (popular).<\/p>\n<p style=\"text-align: justify;\">Com a trag\u00e9dia da segunda guerra mundial os pa\u00edses centrais e n\u00f3rdicos come\u00e7am por criar uma uni\u00e3o econ\u00f3mica integradora das economias. Com a queda do muro de Berlim resultante do colapso do comunismo pensou-se na organiza\u00e7\u00e3o de uma Europa econ\u00f3mica e pol\u00edtica sem fronteiras (1). Finda assim a \u00e9poca das guerras militares entre pa\u00edses europeus para surgir um outro tipo de guerra: a guerra econ\u00f3mica com san\u00e7\u00f5es e servid\u00f5es entre as na\u00e7\u00f5es.<\/p>\n<p style=\"text-align: justify;\">Antes as na\u00e7\u00f5es usavam a for\u00e7a dos ex\u00e9rcitos para derrubarem principados e na\u00e7\u00f5es; actualmente, com uma estrat\u00e9gia adequada \u00e0 democracia, as pot\u00eancias usam o seu poder financeiro internacional (Bancos) para derrubarem soberanias de economia mais fraca e para humilharem democracias. De facto, os bancos s\u00e3o os novos ex\u00e9rcitos avan\u00e7ados das na\u00e7\u00f5es.<\/p>\n<p style=\"text-align: justify;\">Por outro lado, os soldados mercen\u00e1rios da guerra foram substitu\u00eddos pelos trabalhadores migrantes\u2026<\/p>\n<p style=\"text-align: justify;\">A estrat\u00e9gia p\u00f3s-guerra da Fran\u00e7a de condicionar a Uni\u00e3o da Alemanha \u00e0 cria\u00e7\u00e3o da Moeda \u00danica (Zona Euro) para, deste modo, a amarrar e criar uma zona de paz duradoura na Europa n\u00e3o parece frutificar. A Alemanha perdeu a guerra pol\u00edtico-militar mas ganhou a guerra econ\u00f3mico-pol\u00edtica; e esta \u00e9 a guerra do globalismo.<\/p>\n<p style=\"text-align: justify;\">Como se v\u00ea da Gr\u00e9cia e de Bruxelas, da disputa entre o norte e o sul da Europa, as hostes avan\u00e7adas e discretas da economia n\u00e3o arredam p\u00e9. N\u00e3o h\u00e1 uma pol\u00edtica econ\u00f3mica para as na\u00e7\u00f5es. Em vez de uma Europa confiante vive-se numa sociedade europeia de medos. A europa do norte compreende-se como trabalhadora arrecadando para o seu celeiro e sofre do medo de ter de distribuir o que de todos arrecadou com suor e intelig\u00eancia: A Europa do Sul teme pelo seu estilo de vida: uma exist\u00eancia do bom viver; \u201cn\u00e3o s\u00f3 de p\u00e3o vive o Homem\u201d; por isso se reage veementemente n\u00e3o querendo ser reduzida a homo faber.<br \/>\n<strong>Ant\u00f3nio da Cunha Duarte Justo<\/strong><br \/>\nJornalista<br \/>\nantoniocunhajusto@gmail.com<\/p>\n<p style=\"text-align: justify;\">(1) Toda a hist\u00f3ria da Europa tinha sido um enredo de divis\u00f5es e de guerras militares sangrentas. Com o findar da segunda guerra mundial as pot\u00eancias europeias ansiavam por paz est\u00e1vel e por viver em uni\u00e3o numa Europa de economia integrada. Em 1952 a Alemanha Ocidental, a Fran\u00e7a, a It\u00e1lia juntaram-se ao Benelux (B\u00e9lgica, Pa\u00edses Baixos e Luxemburgo) e criaram a Comunidade Europeia do Carv\u00e3o e do A\u00e7o (CECA), a primeira organiza\u00e7\u00e3o supranacional e acabaram por fundar em 1957 a CEE (comunidade econ\u00f3mica europeia, a que se juntam em 1973 a Irlanda, o Reino Unido e a Dinamarca, em 1981 a Gr\u00e9cia e em 1986 Portugal e Espanha &#8211; http:\/\/europa.eu\/index_pt.htm). Em 1993 a CEE \u00e9 substitu\u00edda em Maastricht pela UE. . e procura para isso organizar alian\u00e7as econ\u00f3micas que colmatam na inten\u00e7\u00e3o da forma\u00e7\u00e3o de uma uni\u00e3o pol\u00edtica, surgindo a UE.<\/p>\n","protected":false},"excerpt":{"rendered":"<p>Uni\u00e3o Europeia dividida em Europa do Norte e Europa do Sul Por Ant\u00f3nio Justo Em termos de mentalidade e de economia a Europa encontra-se dividida em duas: a Europa do Norte e a Europa do Sul como podemos constatar a partir da luta cultural iniciada no s\u00e9culo XVI pela reforma protestante e em parte na &hellip; <a href=\"https:\/\/antonio-justo.eu\/?p=3218\" class=\"more-link\">Continuar a ler <span class=\"screen-reader-text\">OS BANCOS S\u00c3O OS EX\u00c9RCITOS AVAN\u00c7ADOS DAS POT\u00caNCIAS<\/span><\/a><\/p>\n","protected":false},"author":1,"featured_media":0,"comment_status":"open","ping_status":"open","sticky":false,"template":"","format":"standard","meta":{"sfsi_plus_gutenberg_text_before_share":"","sfsi_plus_gutenberg_show_text_before_share":"","sfsi_plus_gutenberg_icon_type":"","sfsi_plus_gutenberg_icon_alignemt":"","sfsi_plus_gutenburg_max_per_row":"","footnotes":""},"categories":[14,7],"tags":[],"class_list":["post-3218","post","type-post","status-publish","format-standard","hentry","category-economia","category-politica"],"_links":{"self":[{"href":"https:\/\/antonio-justo.eu\/index.php?rest_route=\/wp\/v2\/posts\/3218","targetHints":{"allow":["GET"]}}],"collection":[{"href":"https:\/\/antonio-justo.eu\/index.php?rest_route=\/wp\/v2\/posts"}],"about":[{"href":"https:\/\/antonio-justo.eu\/index.php?rest_route=\/wp\/v2\/types\/post"}],"author":[{"embeddable":true,"href":"https:\/\/antonio-justo.eu\/index.php?rest_route=\/wp\/v2\/users\/1"}],"replies":[{"embeddable":true,"href":"https:\/\/antonio-justo.eu\/index.php?rest_route=%2Fwp%2Fv2%2Fcomments&post=3218"}],"version-history":[{"count":4,"href":"https:\/\/antonio-justo.eu\/index.php?rest_route=\/wp\/v2\/posts\/3218\/revisions"}],"predecessor-version":[{"id":3223,"href":"https:\/\/antonio-justo.eu\/index.php?rest_route=\/wp\/v2\/posts\/3218\/revisions\/3223"}],"wp:attachment":[{"href":"https:\/\/antonio-justo.eu\/index.php?rest_route=%2Fwp%2Fv2%2Fmedia&parent=3218"}],"wp:term":[{"taxonomy":"category","embeddable":true,"href":"https:\/\/antonio-justo.eu\/index.php?rest_route=%2Fwp%2Fv2%2Fcategories&post=3218"},{"taxonomy":"post_tag","embeddable":true,"href":"https:\/\/antonio-justo.eu\/index.php?rest_route=%2Fwp%2Fv2%2Ftags&post=3218"}],"curies":[{"name":"wp","href":"https:\/\/api.w.org\/{rel}","templated":true}]}}