{"id":3216,"date":"2015-07-17T20:57:09","date_gmt":"2015-07-17T19:57:09","guid":{"rendered":"https:\/\/antonio-justo.eu\/?p=3216"},"modified":"2015-07-17T20:57:09","modified_gmt":"2015-07-17T19:57:09","slug":"a-provocacao-eleva-o-efeito-emocional","status":"publish","type":"post","link":"https:\/\/antonio-justo.eu\/?p=3216","title":{"rendered":"A PROVOCA\u00c7\u00c3O ELEVA O EFEITO EMOCIONAL"},"content":{"rendered":"<p style=\"text-align: center;\">\n<span style=\"color: #ff0000;\"><strong><span style=\"color: #ff0000;\">\u00c2ngela Merkel em di\u00e1logo com uma pretendente a asilo<\/span><\/strong><\/span><\/p>\n<p style=\"text-align: justify;\">\nAnt\u00f3nio Justo<br \/>\nH\u00e1 grupos que apostam na missiva emocional como \u00fanico crit\u00e9rio de interpreta\u00e7\u00e3o e explica\u00e7\u00e3o de factos complexos que exigem abordagens complementares para serem tratados com seriedade. Nestas andan\u00e7as da opini\u00e3o p\u00fablica h\u00e1 muitos que recorrem da mal-interpretar\u00e3o e da provoca\u00e7\u00e3o, para elevarem o efeito emocional que, por vezes, chega mesmo a embotar a raz\u00e3o.<\/p>\n<p style=\"text-align: justify;\">\nO governo alem\u00e3o organizou uma s\u00e9rie de Eventos sob o t\u00edtulo \u201cViver bem na Alemanha\u201d. Entre eles conta-se o \u201cdi\u00e1logo com o cidad\u00e3o\u201d de \u00c2ngela Merkel com 32 alunos em Rostock, onde uma jovem palestiniana chorou e a chanceler se dirigiu a ela e a afagou.<\/p>\n<p style=\"text-align: justify;\">\nEste encontro de 15.07 foi o 99\u00b0 evento de di\u00e1logo \u00e9 o segundo com a participa\u00e7\u00e3o directa da chanceler. Nele a jovem libanesa Reem, a quem, depois de 4 anos de estadia, ainda n\u00e3o foi reconhecido o estatuto de refugiada, falou sobre a sua vontade de querer viver a vida sem preocupa\u00e7\u00e3o de futuro como vivem outros jovens e referiu-se \u00e0 sua situa\u00e7\u00e3o e de outros refugiados ou pretendentes a tal que vivem na inseguran\u00e7a.<\/p>\n<p style=\"text-align: justify;\">\nA Chanceler disse que o governo prepara uma lei que facilita a situa\u00e7\u00e3o para pessoas em situa\u00e7\u00e3o como a dela e que um processo de asilo n\u00e3o deve levar tanto tempo a ser conclu\u00eddo. Referiu que h\u00e1 muitos milhares de pessoas no L\u00edbano e milhares de milhares de pessoas em \u00c1frica que desejam vir para a Alemanha mas a &#8220;A Alemanha n\u00e3o pode acolher todos\u201d os que querem vir do L\u00edbano, da \u00c1frica, etc.<\/p>\n<p style=\"text-align: justify;\">\nPassados momentos a jovem come\u00e7ou a chorar e a chanceler dirigiu-se a ela para a afagar e referiu-se ao projecto de lei em vista que simplificar\u00e1 a dura\u00e7\u00e3o do processo.<\/p>\n<p style=\"text-align: justify;\">\nOs jornais em toda a Europa aproveitaram-se do assunto para difamar e mal-interpretar o evento. Os t\u00edtulos de muitas not\u00edcias fomentaram o preconceito contra a Doutora Merkel e contra pol\u00edticos como se os pol\u00edticos fossem sempre pessoas sem sentimentos.<\/p>\n<p style=\"text-align: justify;\">\nA explora\u00e7\u00e3o da parte emocional dos temas n\u00e3o serve a objectividade e deforma a opini\u00e3o porque n\u00e3o contempla a parte factual-racional tornando-se mal-intencionada ao saber que h\u00e1 um determinado p\u00fablico que s\u00f3 tem acesso a not\u00edcias emocionais.<\/p>\n<p style=\"text-align: justify;\">\nA imprensa sensacionalista logo titulou \u201cMerkel Rainha de cora\u00e7\u00e3o frio\u201d sugerindo que Merkel n\u00e3o deveria s\u00f3 afagar a jovem que chorava mas prometer-lhe a estadia.<br \/>\nUma Chanceler, pelo facto de o ser, n\u00e3o pode arbitrariamente passar por cima das leis que regulam um estado de direito; se al\u00e9m de a consolar fizesse uma excep\u00e7\u00e3o para a fam\u00edlia Reem logo o cidad\u00e3o se levantaria e atacaria a Chanceler porque tamb\u00e9m ela tem de obedecer \u00e0s leis.<br \/>\nFoi uma experi\u00eancia dif\u00edcil para a jovem e para a Chanceler. Experi\u00eancias destas podem ajudar a humanizar a feitura das leis. No caso da pretendente a asilo, a quem n\u00e3o foi concedido ainda o direito de asilo e que se encontra na Alemanha com a fam\u00edlia h\u00e1 quatro anos, pode vir em seu benef\u00edcio um projecto de lei que prev\u00ea a permiss\u00e3o de estadia na Alemanha (n\u00e3o podendo ser deportados) para pessoas que vivam h\u00e1 mais de 4 anos na Alemanha e mostrem boas condi\u00e7\u00f5es de integra\u00e7\u00e3o (conhecimento da l\u00edngua, etc. como revela a jovem Reem).<\/p>\n<p style=\"text-align: justify;\">\nJunto o site onde se pode ver toda a conversa entre \u00c2ngela Merkel e a jovem: https:\/\/www.gut-leben-in-deutschland.de\/SharedDocs\/Blog\/DE\/07-Juli\/2015-07-15-dialog-kanzlerin.html?nn=1328644<br \/>\n<strong>Ant\u00f3nio da Cunha Duarte Justo<\/strong><br \/>\nwww.antonio-justo.eu<\/p>\n","protected":false},"excerpt":{"rendered":"<p>\u00c2ngela Merkel em di\u00e1logo com uma pretendente a asilo Ant\u00f3nio Justo H\u00e1 grupos que apostam na missiva emocional como \u00fanico crit\u00e9rio de interpreta\u00e7\u00e3o e explica\u00e7\u00e3o de factos complexos que exigem abordagens complementares para serem tratados com seriedade. Nestas andan\u00e7as da opini\u00e3o p\u00fablica h\u00e1 muitos que recorrem da mal-interpretar\u00e3o e da provoca\u00e7\u00e3o, para elevarem o efeito &hellip; <a href=\"https:\/\/antonio-justo.eu\/?p=3216\" class=\"more-link\">Continuar a ler <span class=\"screen-reader-text\">A PROVOCA\u00c7\u00c3O ELEVA O EFEITO EMOCIONAL<\/span><\/a><\/p>\n","protected":false},"author":1,"featured_media":0,"comment_status":"open","ping_status":"open","sticky":false,"template":"","format":"standard","meta":{"sfsi_plus_gutenberg_text_before_share":"","sfsi_plus_gutenberg_show_text_before_share":"","sfsi_plus_gutenberg_icon_type":"","sfsi_plus_gutenberg_icon_alignemt":"","sfsi_plus_gutenburg_max_per_row":"","footnotes":""},"categories":[4,7],"tags":[],"class_list":["post-3216","post","type-post","status-publish","format-standard","hentry","category-educacao","category-politica"],"_links":{"self":[{"href":"https:\/\/antonio-justo.eu\/index.php?rest_route=\/wp\/v2\/posts\/3216","targetHints":{"allow":["GET"]}}],"collection":[{"href":"https:\/\/antonio-justo.eu\/index.php?rest_route=\/wp\/v2\/posts"}],"about":[{"href":"https:\/\/antonio-justo.eu\/index.php?rest_route=\/wp\/v2\/types\/post"}],"author":[{"embeddable":true,"href":"https:\/\/antonio-justo.eu\/index.php?rest_route=\/wp\/v2\/users\/1"}],"replies":[{"embeddable":true,"href":"https:\/\/antonio-justo.eu\/index.php?rest_route=%2Fwp%2Fv2%2Fcomments&post=3216"}],"version-history":[{"count":1,"href":"https:\/\/antonio-justo.eu\/index.php?rest_route=\/wp\/v2\/posts\/3216\/revisions"}],"predecessor-version":[{"id":3217,"href":"https:\/\/antonio-justo.eu\/index.php?rest_route=\/wp\/v2\/posts\/3216\/revisions\/3217"}],"wp:attachment":[{"href":"https:\/\/antonio-justo.eu\/index.php?rest_route=%2Fwp%2Fv2%2Fmedia&parent=3216"}],"wp:term":[{"taxonomy":"category","embeddable":true,"href":"https:\/\/antonio-justo.eu\/index.php?rest_route=%2Fwp%2Fv2%2Fcategories&post=3216"},{"taxonomy":"post_tag","embeddable":true,"href":"https:\/\/antonio-justo.eu\/index.php?rest_route=%2Fwp%2Fv2%2Ftags&post=3216"}],"curies":[{"name":"wp","href":"https:\/\/api.w.org\/{rel}","templated":true}]}}