{"id":3214,"date":"2015-07-16T16:25:13","date_gmt":"2015-07-16T15:25:13","guid":{"rendered":"https:\/\/antonio-justo.eu\/?p=3214"},"modified":"2015-07-16T16:25:13","modified_gmt":"2015-07-16T15:25:13","slug":"portugal-deu-o-pontape-de-saida-em-favor-da-grecia-na-cimeira-do-euro","status":"publish","type":"post","link":"https:\/\/antonio-justo.eu\/?p=3214","title":{"rendered":"PORTUGAL DEU O PONTAP\u00c9 DE SA\u00cdDA EM FAVOR DA GR\u00c9CIA NA CIMEIRA DO EURO"},"content":{"rendered":"<p style=\"text-align: center;\"><strong><span style=\"color: #ff0000;\">PM Passos Coelho nos seus melhores Dias<\/span><\/strong><\/p>\n<p style=\"text-align: justify;\">\nPor<strong> Ant\u00f3nio Justo<\/strong><br \/>\nNuma altura em que o eixo da Europa (Fran\u00e7a e Alemanha) parecia atolar-se, Portugal foi bem-sucedido ao intervir na cimeira da zona euro com uma proposta que deu oportunidade para a sa\u00edda do lama\u00e7al em que a Gr\u00e9cia e as institui\u00e7\u00f5es da UE se encontram.<\/p>\n<p style=\"text-align: justify;\">\nSegundo informa\u00e7\u00f5es da imprensa e as declara\u00e7\u00f5es do PM Passos Coelho, Portugal teve um grande papel no desbloqueamento das rela\u00e7\u00f5es entre a Gr\u00e9cia e os outros 18 pa\u00edses no que respeitava \u00e0 cria\u00e7\u00e3o de um fundo das privatiza\u00e7\u00f5es gregas (50.000 milh\u00f5es de Euros) como fundo de garantia para os credores. <strong>Passos Coelho adiantou que do valor dos 50 mil milh\u00f5es de euros do Fundo das Privatiza\u00e7\u00f5es a criar, &#8220;25 mil milh\u00f5es fossem usados para recapitaliza\u00e7\u00e3o dos bancos\u201d e os outros 25 mil milh\u00f5es fossem empregues, \u201cno abatimento da d\u00edvida p\u00fablica\u201d e no \u201c financiamento do crescimento&#8221;, o que corresponderia, destes 50% do Fundo, 12,5 mil milh\u00f5es para \u201cbaixar o r\u00e1cio da d\u00edvida sobre o PIB e os restantes 12,5 mil milh\u00f5es para investimento\u201d.<\/strong><\/p>\n<p style=\"text-align: justify;\">\nQuanto ao recurso ao fundo de ajuda de emerg\u00eancia (EFSM) para apoio da Gr\u00e9cia n\u00e3o ser\u00e1 f\u00e1cil, tamb\u00e9m porque nele participam os 28 Estados membros da UE n\u00e3o sendo poss\u00edvel consenso t\u00e3o r\u00e1pido dado a Inglaterra e pa\u00edses com n\u00edvel de vida inferior \u00e0 Gr\u00e9cia n\u00e3o estarem para j\u00e1 de acordo.<\/p>\n<p style=\"text-align: justify;\">\nA cimeira pol\u00edtica de Bruxelas, mostrou boa vontade mas o bus\u00edlis da quest\u00e3o vem da economia e das condi\u00e7\u00f5es exigidas \u00e0 Gr\u00e9cia. A situa\u00e7\u00e3o n\u00e3o promete porque o governo grego n\u00e3o tem confian\u00e7a no Euro grupo nem os pa\u00edses europeus t\u00eam confian\u00e7a na Gr\u00e9cia.<\/p>\n<p style=\"text-align: justify;\">\n<strong>Bruxelas, depois de um parto longo e indesejado, deu \u00e0 luz uma esperan\u00e7a curta que se manter\u00e1 mais ou menos est\u00e1vel at\u00e9 passarem as elei\u00e7\u00f5es alem\u00e3s e francesas em 2017.<\/strong> Ent\u00e3o seremos brindados com um novo baralhar de cartas, novamente a ser apresentado pelos interesses financeiros que ent\u00e3o justificar\u00e3o uma nova crise de que bem vivem.<\/p>\n<p style=\"text-align: justify;\">\nNa realidade quem manda \u00e9 a economia que se encontra sediada nas grandes pot\u00eancias. Qualquer base de discuss\u00e3o tem de partir da realidade e do compromisso por muito m\u00e1 ou injusta que seja ou pare\u00e7a ser; nos pa\u00edses n\u00f3rdicos mais que pol\u00edtica discute-se economia, mais que opini\u00f5es analisam-se as medidas governamentais e os correspondentes custos e discutem-se factos, tamb\u00e9m eles n\u00e3o isentos de interesses pr\u00f3prios. Nos pa\u00edses do sul \u00e9-se menos exacto mas vive-se mais.<\/p>\n<p style=\"text-align: center;\">\n<strong><span style=\"color: #ff0000;\">Com etiquetas negativas chega-se a a\u00e7aimar a opini\u00e3o<\/span><\/strong><\/p>\n<p style=\"text-align: justify;\">\nA not\u00edcia referida custou a passar na opini\u00e3o p\u00fablica portuguesa dado n\u00e3o servir o sistema da lamenta\u00e7\u00e3o sobre Portugal. Anteriormente, numa certa vertente da opini\u00e3o p\u00fablica portuguesa, havia saraivadas de cr\u00edtica ao governo pelo facto de exigir, da parte da Gr\u00e9cia, capacidade de compromisso.<\/p>\n<p style=\"text-align: justify;\">\nO que os governos portugueses fazem ou deixam de fazer, sejam eles sociais-democratas ou socialistas, \u00e9 sistematicamente comentado negativamente pela parte da oposi\u00e7\u00e3o. Uma focaliza\u00e7\u00e3o unilateral, negativista parece revelar caracter\u00edsticas de perturba\u00e7\u00e3o Bordaline. Muitas vezes, Portugal \u00e9 reduzido ao que se fala dele &#8211; a um Portugal dos outros. Isto talvez se deixe explicar por uma tradi\u00e7\u00e3o de extremo republicanismo de perspectiva partid\u00e1ria e sem p\u00e1tria, todo ele feito de clubes e adeptos em que o que conta \u00e9 a cor da camisola. A m\u00e1 consci\u00eancia fomenta uma cultura da desconfian\u00e7a e promove um esp\u00edrito de adepto\/admirador que vive da nega\u00e7\u00e3o do outro e se contenta com a afirma\u00e7\u00e3o da pr\u00f3pria opini\u00e3o. Cada qual recolhe para si louros que muitas vezes n\u00e3o passam do maldizer do outro.<\/p>\n<p style=\"text-align: justify;\">\nA demagogia pol\u00edtica \u00e9 paciente e tem como demarca\u00e7\u00e3o fronteiri\u00e7a a opini\u00e3o a favor e a opini\u00e3o contra!<br \/>\n<strong>Ant\u00f3nio da Cunha Duarte Justo<\/strong><br \/>\nwww.antonio-justo.eu<\/p>\n","protected":false},"excerpt":{"rendered":"<p>PM Passos Coelho nos seus melhores Dias Por Ant\u00f3nio Justo Numa altura em que o eixo da Europa (Fran\u00e7a e Alemanha) parecia atolar-se, Portugal foi bem-sucedido ao intervir na cimeira da zona euro com uma proposta que deu oportunidade para a sa\u00edda do lama\u00e7al em que a Gr\u00e9cia e as institui\u00e7\u00f5es da UE se encontram. &hellip; <a href=\"https:\/\/antonio-justo.eu\/?p=3214\" class=\"more-link\">Continuar a ler <span class=\"screen-reader-text\">PORTUGAL DEU O PONTAP\u00c9 DE SA\u00cdDA EM FAVOR DA GR\u00c9CIA NA CIMEIRA DO EURO<\/span><\/a><\/p>\n","protected":false},"author":1,"featured_media":0,"comment_status":"open","ping_status":"open","sticky":false,"template":"","format":"standard","meta":{"sfsi_plus_gutenberg_text_before_share":"","sfsi_plus_gutenberg_show_text_before_share":"","sfsi_plus_gutenberg_icon_type":"","sfsi_plus_gutenberg_icon_alignemt":"","sfsi_plus_gutenburg_max_per_row":"","footnotes":""},"categories":[14,7],"tags":[],"class_list":["post-3214","post","type-post","status-publish","format-standard","hentry","category-economia","category-politica"],"_links":{"self":[{"href":"https:\/\/antonio-justo.eu\/index.php?rest_route=\/wp\/v2\/posts\/3214","targetHints":{"allow":["GET"]}}],"collection":[{"href":"https:\/\/antonio-justo.eu\/index.php?rest_route=\/wp\/v2\/posts"}],"about":[{"href":"https:\/\/antonio-justo.eu\/index.php?rest_route=\/wp\/v2\/types\/post"}],"author":[{"embeddable":true,"href":"https:\/\/antonio-justo.eu\/index.php?rest_route=\/wp\/v2\/users\/1"}],"replies":[{"embeddable":true,"href":"https:\/\/antonio-justo.eu\/index.php?rest_route=%2Fwp%2Fv2%2Fcomments&post=3214"}],"version-history":[{"count":1,"href":"https:\/\/antonio-justo.eu\/index.php?rest_route=\/wp\/v2\/posts\/3214\/revisions"}],"predecessor-version":[{"id":3215,"href":"https:\/\/antonio-justo.eu\/index.php?rest_route=\/wp\/v2\/posts\/3214\/revisions\/3215"}],"wp:attachment":[{"href":"https:\/\/antonio-justo.eu\/index.php?rest_route=%2Fwp%2Fv2%2Fmedia&parent=3214"}],"wp:term":[{"taxonomy":"category","embeddable":true,"href":"https:\/\/antonio-justo.eu\/index.php?rest_route=%2Fwp%2Fv2%2Fcategories&post=3214"},{"taxonomy":"post_tag","embeddable":true,"href":"https:\/\/antonio-justo.eu\/index.php?rest_route=%2Fwp%2Fv2%2Ftags&post=3214"}],"curies":[{"name":"wp","href":"https:\/\/api.w.org\/{rel}","templated":true}]}}