{"id":3206,"date":"2015-07-09T12:20:54","date_gmt":"2015-07-09T11:20:54","guid":{"rendered":"https:\/\/antonio-justo.eu\/?p=3206"},"modified":"2015-07-09T12:20:54","modified_gmt":"2015-07-09T11:20:54","slug":"partido-alemao-afd-nas-pegadas-da-front-national-francesa","status":"publish","type":"post","link":"https:\/\/antonio-justo.eu\/?p=3206","title":{"rendered":"PARTIDO ALEM\u00c3O (AfD ) NAS PEGADAS DA \u201cFRONT NATIONAL\u201d FRANCESA?"},"content":{"rendered":"<p style=\"text-align: center;\">\n<span style=\"color: #ff0000;\"><strong><span style=\"color: #ff0000;\">O Despertar dos Nacionalismos como Resposta \u00e0 Irresponsabilidade pol\u00edtica e econ\u00f3mica da Uni\u00e3o Europeia<\/span><\/strong><\/span><\/p>\n<p><strong>Por Ant\u00f3nio Justo<\/strong><\/p>\n<p style=\"text-align: justify;\">No Congresso do partido AfD (Alternativa para a Alemanha) realizado em Hessen a 4-5 de Julho, impuseram-se as for\u00e7as nacional-conservadoras, elegendo como sua presidente Frauke Petry. Deste modo a AfD perdeu o seu fundador Prof. Dr. Bernd Lucke que h\u00e1 anos atr\u00e1s tinha profetizado a actual crise da Gr\u00e9cia.<\/p>\n<p style=\"text-align: justify;\">\nO economista Bernd Lucke, depois de ter sido destitu\u00eddo de chefe demitiu-se do partido. <strong>Lucke v\u00ea na elei\u00e7\u00e3o da nova direc\u00e7\u00e3o ( a sua rival Frauke Petry) uma nova orienta\u00e7\u00e3o que permite o espalhar-se de ideias latentes islamof\u00f3bicas e contra estrangeiros. O presidente deposto alega que a nova presid\u00eancia assumir\u00e1 uma orienta\u00e7\u00e3o antiocidental (USA) e \u201cuma orienta\u00e7\u00e3o resoluta a favor de uma pol\u00edtica externa e de seguran\u00e7a pr\u00f3-russa\u201d.<\/strong><\/p>\n<p style=\"text-align: justify;\">\nBernd Lucke na sua atitude professoral n\u00e3o era a pessoa mais indicada para estar no topo do partido que re\u00fane em si imensa gente descontente. Bernd Lucke \u00e9 presidente da Associa\u00e7\u00e3o \u201cWeckruf 2015\u201d (\u201cRel\u00f3gio Despertador 2015 &#8220;) e pode fundar um novo partido. Nos \u00faltimos dias 600 membros j\u00e1 abandonaram o partido AfD que contava com 21.000 filiados.<\/p>\n<p style=\"text-align: justify;\">\nApesar da clientela do partido, no dizer dos partidos estabelecidos, constar de uma mistura de \u201ccr\u00edticos do sistema, nacionalistas, populistas, amigos do movimento Pegida e racistas\u201d n\u00e3o ser\u00e1 f\u00e1cil a Bernd Lucke conseguir a funda\u00e7\u00e3o de um novo partido que se afirme.<br \/>\nCom Frauke Petry, o partido tornar-se-\u00e1 mais radical. Atendendo ao geral descontentamento pol\u00edtico em rela\u00e7\u00e3o aos partidos principais e aos problemas de integra\u00e7\u00e3o de estrangeiros, \u00e0 crise do Euro e ao descontentamento de grande parte da popula\u00e7\u00e3o em rela\u00e7\u00e3o \u00e0 pol\u00edtica americana nas fronteiras com a R\u00fassia, a AfD continuar\u00e1 a ter muitas chances.<\/p>\n<p style=\"text-align: justify;\">\nEmbora a Alemanha n\u00e3o se possa comparar com a Fran\u00e7a, o potencial de eleitores do estilo da \u201cFront nacional\u201d francesa, aumentar\u00e1 tamb\u00e9m na Alemanha. Frauke Petry afirma que n\u00e3o seguir\u00e1 as pegadas da Front nacional.<\/p>\n<p style=\"text-align: justify;\">\nOs ventos que correm na Europa e no mundo, em reac\u00e7\u00e3o ao globalismo e ao modo como a UE se comporta com os seus pa\u00edses membros, d\u00e3o mais raz\u00e3o a uma retalha\u00e7\u00e3o da sociedade como movimento reactivo \u00e0s centraliza\u00e7\u00f5es do poder pol\u00edtico-econ\u00f3mico-ideol\u00f3gico.<\/p>\n<p style=\"text-align: justify;\">\nNuma democracia, os governos e os parlamentos dependem dos eleitores e estes est\u00e3o muito descontentes devido a uma pol\u00edtica europeia de tecnocratas cada vez mais distante dos cidad\u00e3os e mais pr\u00f3xima das elites. <strong>O melhor exemplo revelador da situa\u00e7\u00e3o europeia torna-se palp\u00e1vel no teatro da trag\u00e9dia grega e no teatro das marionetes de Bruxelas.<\/strong> De um lado o nacionalismo grego e do outro lado os nacionalismos congregados em torno da UE e representados at\u00e9 ao esgotamento.<br \/>\n<strong>Ant\u00f3nio da Cunha Duarte Justo<\/strong><br \/>\nJornalista<br \/>\nwww.antonio-justo.eu<\/p>\n","protected":false},"excerpt":{"rendered":"<p>O Despertar dos Nacionalismos como Resposta \u00e0 Irresponsabilidade pol\u00edtica e econ\u00f3mica da Uni\u00e3o Europeia Por Ant\u00f3nio Justo No Congresso do partido AfD (Alternativa para a Alemanha) realizado em Hessen a 4-5 de Julho, impuseram-se as for\u00e7as nacional-conservadoras, elegendo como sua presidente Frauke Petry. Deste modo a AfD perdeu o seu fundador Prof. Dr. Bernd Lucke &hellip; <a href=\"https:\/\/antonio-justo.eu\/?p=3206\" class=\"more-link\">Continuar a ler <span class=\"screen-reader-text\">PARTIDO ALEM\u00c3O (AfD ) NAS PEGADAS DA \u201cFRONT NATIONAL\u201d FRANCESA?<\/span><\/a><\/p>\n","protected":false},"author":1,"featured_media":0,"comment_status":"open","ping_status":"open","sticky":false,"template":"","format":"standard","meta":{"sfsi_plus_gutenberg_text_before_share":"","sfsi_plus_gutenberg_show_text_before_share":"","sfsi_plus_gutenberg_icon_type":"","sfsi_plus_gutenberg_icon_alignemt":"","sfsi_plus_gutenburg_max_per_row":"","footnotes":""},"categories":[14,7],"tags":[],"class_list":["post-3206","post","type-post","status-publish","format-standard","hentry","category-economia","category-politica"],"_links":{"self":[{"href":"https:\/\/antonio-justo.eu\/index.php?rest_route=\/wp\/v2\/posts\/3206","targetHints":{"allow":["GET"]}}],"collection":[{"href":"https:\/\/antonio-justo.eu\/index.php?rest_route=\/wp\/v2\/posts"}],"about":[{"href":"https:\/\/antonio-justo.eu\/index.php?rest_route=\/wp\/v2\/types\/post"}],"author":[{"embeddable":true,"href":"https:\/\/antonio-justo.eu\/index.php?rest_route=\/wp\/v2\/users\/1"}],"replies":[{"embeddable":true,"href":"https:\/\/antonio-justo.eu\/index.php?rest_route=%2Fwp%2Fv2%2Fcomments&post=3206"}],"version-history":[{"count":1,"href":"https:\/\/antonio-justo.eu\/index.php?rest_route=\/wp\/v2\/posts\/3206\/revisions"}],"predecessor-version":[{"id":3207,"href":"https:\/\/antonio-justo.eu\/index.php?rest_route=\/wp\/v2\/posts\/3206\/revisions\/3207"}],"wp:attachment":[{"href":"https:\/\/antonio-justo.eu\/index.php?rest_route=%2Fwp%2Fv2%2Fmedia&parent=3206"}],"wp:term":[{"taxonomy":"category","embeddable":true,"href":"https:\/\/antonio-justo.eu\/index.php?rest_route=%2Fwp%2Fv2%2Fcategories&post=3206"},{"taxonomy":"post_tag","embeddable":true,"href":"https:\/\/antonio-justo.eu\/index.php?rest_route=%2Fwp%2Fv2%2Ftags&post=3206"}],"curies":[{"name":"wp","href":"https:\/\/api.w.org\/{rel}","templated":true}]}}