{"id":3204,"date":"2015-07-04T16:40:44","date_gmt":"2015-07-04T15:40:44","guid":{"rendered":"https:\/\/antonio-justo.eu\/?p=3204"},"modified":"2015-07-04T16:40:44","modified_gmt":"2015-07-04T15:40:44","slug":"necessidade-de-uma-conferencia-da-dividaa-crise-da-grecia-castiga-fortemente-os-portugueses-outras-noticias","status":"publish","type":"post","link":"https:\/\/antonio-justo.eu\/?p=3204","title":{"rendered":"NECESSIDADE DE UMA CONFER\u00caNCIA DA D\u00cdVIDA,A CRISE DA GR\u00c9CIA CASTIGA FORTEMENTE OS PORTUGUESES + Outras not\u00edcias"},"content":{"rendered":"<p style=\"text-align: center;\"><span style=\"color: #ff0000;\">UM FACTO QUASE ANED\u00d3TICO<\/span><\/p>\n<p style=\"text-align: justify;\">\nEm Dusseld\u00f3rfia, uma mulher de 56 anos foi condenada a pagar uma multa de 200 euros por difama\u00e7\u00e3o, por ter dito \u201cTu garota\u201d (Du M\u00e4dchen) a um pol\u00edcia. Ela acompanhava o marido no carro quando este teve um controlo de trafego da pol\u00edcia.<br \/>\nNa sala de tribunal a mulher procura defender-se afirmando que n\u00e3o tinha dito \u201eTu garota\u201d (Du M\u00e4dchen) mas sim \u201cum conto de fadas\u201d (n\u2019M\u00e4rchen). Tr\u00eas testemunhas pol\u00edcias contradisseram-na e o marido dela, vendo o caso mal parado, disse: \u201cEla nunca diria uma coisa dessas a um touro\u201d. Ent\u00e3o houve grande alvoro\u00e7o na sala!<br \/>\nA mulher teve que pagar a multa mas o homem foi consolado para casa.<br \/>\nPS: Devo esclarecer que na Alemanha os jovens costumam apelidar os pol\u00edcias de \u201ctouros\u201d!<\/p>\n<p style=\"text-align: center;\"><span style=\"color: #ff0000;\">A CRISE DA GR\u00c9CIA CASTIGA FORTEMENTE OS PORTUGUESES<\/span><\/p>\n<p style=\"text-align: justify;\">A crise castiga as economias fracas obrigando-as a pagar juros mais altos pelos empr\u00e9stimos e ajuda a economias fortes baixando-lhes os juros das suas d\u00edvidas.<\/p>\n<p style=\"text-align: justify;\">Com a crise da Gr\u00e9cia dos \u00faltimos dias os juros da d\u00edvida a 10 anos de Portugal subiram em 30 pontos para 3,0380% enquanto os juros a 10 anos da Alemanha desceram 15 pontos para 0,74% e para a Fran\u00e7a desceram 9 pontos para 1,1880%. A Espanha paga pelas suas d\u00edvidas 2,3450% de juro e a It\u00e1lia 2,3920%.<\/p>\n<p style=\"text-align: justify;\">A Crise da Gr\u00e9cia \u00e9 o bar\u00f3metro da crise europeia. A UE apoia o neg\u00f3cio dos bancos e castiga os cidad\u00e3os.<br \/>\nPortugal tinha, no final de 2014, uma d\u00edvida p\u00fablica de 225,28 mil milh\u00f5es de euros o que corresponde a um endividamento de 21.604 euros por cidad\u00e3o. Em 2014, Portugal teve de pagar aos credores perto de 7,2 mil milh\u00f5es de euros de juros da d\u00edvida p\u00fablica. Esse valor representa cerca de 4,3% do PIB. (Este ano ter\u00e1 de pagar mais ou menos a mesma quantia)<br \/>\nA Alemanha tinha 2.170 mil milh\u00f5es de euros de d\u00edvida, o que corresponde a 26.867,26 euros por cidad\u00e3o.<\/p>\n<p style=\"text-align: center;\"><span style=\"color: #ff0000;\">PROTEC\u00c7\u00c3O DE FAL\u00caNCIAS BANC\u00c1RIAS NOS 28 PA\u00cdSES DA UNI\u00c3O EUROPEIA<\/span><\/p>\n<p>Na Alemanha e na UE a partir de 3.07 tem vigor a prote\u00e7\u00e3o contra fal\u00eancias banc\u00e1rias. Cada cliente banc\u00e1rio tem a sua conta banc\u00e1ria protegida at\u00e9 100.000 Euros por cliente e por banco.<\/p>\n<p style=\"text-align: center;\">\n<span style=\"color: #ff0000;\">DESPESAS COM O OR\u00c7AMENTO DE DEFESA NA ALEMANHA E EM PORTUGAL<\/span><\/p>\n<p style=\"text-align: justify;\">\nAs For\u00e7as Armadas Alem\u00e3s disp\u00f5em de um or\u00e7amento anual de trinta e tr\u00eas mil milh\u00f5es de euros. O correspondente or\u00e7amento das For\u00e7as Armadas de Portugal \u00e9 de 2.216,1 milh\u00f5es de euros (Cf. or\u00e7amento do Estado 2015: http:\/\/www.jn.pt\/infos\/pdf\/relOE2015.pdf)<br \/>\nA despesa militar da Gr\u00e9cia \u00e9 de 3,3 mil milh\u00f5es de euros. (A Troika exigia da Gr\u00e9cia que poupasse 5 mil milh\u00f5es de euros no seu or\u00e7amento geral).<br \/>\nA Alemanha gasta por ano 1,2% do Produto Interno Bruto no or\u00e7amento de defesa. Os EUA gastam 4%.<\/p>\n<p style=\"text-align: center;\"><span style=\"color: #ff0000;\">TEMOS PA\u00cdSES MAS FALTAM-NOS NA\u00c7\u00d5ES \u2013 NECESSIDADE DE UMA CONFER\u00caNCIA DA D\u00cdVIDA<\/span><\/p>\n<p style=\"text-align: justify;\">\nO que est\u00e1 em causa \u00e9 o neoliberalismo globalista e a carruagem dos estados a ele atrelados que abdicam da pr\u00f3pria soberania.<br \/>\nOs pol\u00edticos, para melhor sobreviverem depois de cada legislatura, exportam sistematicamente a d\u00edvida e o sistema financeiro serve-se da d\u00edvida permitida pelas classes pol\u00edticas atreladas ao Estado para impor a austeridade interna e viver das desigualdades dos pa\u00edses; cada vez se pode falar menos de na\u00e7\u00f5es!<br \/>\nPara se resolverem os problemas da Europa a s\u00e9rio, teria de ser convocada uma Confer\u00eancia da d\u00edvida de todos os pa\u00edses da UE. Uma resolu\u00e7\u00e3o dessa confer\u00eancia teria de anular grande parte das d\u00edvidas dos pa\u00edses em situa\u00e7\u00e3o mais fr\u00e1gil. H\u00e1 j\u00e1 precedentes como no caso da Alemanha depois das duas grandes guerras pelo facto de se encontrar arruinada e destru\u00edda. O sistema neoliberalista destr\u00f3i sistematicamente as economias nacionais fr\u00e1geis. S\u00e3o movimentados dinheiros para servir credores do mundo financeiro que levam \u00e0 bancarrota do Estado e serve somente o mundo financeiro. Desde 2008 (crise dos bancos) o PIB da Gr\u00e9cia desceu 27%; a taxa de desemprego atingiu os 28% (da juventude 50%. A Troika deveria perdoar metade das d\u00edvidas de pa\u00edses em situa\u00e7\u00e3o como Portugal e Gr\u00e9cia. Faz\u00ea-lo para com a Gr\u00e9cia e n\u00e3o para com outros seria uma imposi\u00e7\u00e3o injusta. Doutro modo os lobos continuar\u00e3o a uivar e o povo d correr descal\u00e7o para casa.<br \/>\nA crise da d\u00edvida na Gr\u00e9cia \u00e9 a crise da d\u00edvida da Uni\u00e3o Europeia. O referendo da Gr\u00e9cia embora malfeito ter\u00e1 bons resultados: no caso do sim \u00e0 austeridade teria de haver elei\u00e7\u00f5es antecipadas.<\/p>\n<p style=\"text-align: center;\">\n<span style=\"color: #ff0000;\">PER\u00cdODO DE CAR\u00caNCIA PARA POL\u00cdTICOS<\/span><\/p>\n<p style=\"text-align: justify;\">O parlamento alem\u00e3o acaba de aprovar uma lei que estabelece um per\u00edodo de espera para mudan\u00e7as de emprego, no caso de cargos p\u00fablicos relevantes. Ministros, membros do governo e secret\u00e1rios de estado n\u00e3o podem passar directamente da sua ocupa\u00e7\u00e3o pol\u00edtica para empregos na economia. S\u00e3o obrigados a observar um per\u00edodo de car\u00eancia que vai de um ano at\u00e9 ano e meio. Uma boa medida no sentido de dificultar o suborno e o tr\u00e1fico lobista entre pol\u00edtica e economia.<\/p>\n<p style=\"text-align: center;\">\n<span style=\"color: #ff0000;\">SUBS\u00cdDIO DE HABITA\u00c7\u00c3O NA ALEMANHA<\/span><\/p>\n<p style=\"text-align: justify;\">\nA partir de 2016 o subs\u00eddio de habita\u00e7\u00e3o para pessoas com baixos rendimentos ser\u00e1 aumentado para os 870.000 domic\u00edlios carenciados da Alemanha. Assim, um agregado familiar de duas pessoas, em vez de 115 Euros, passa a receber um apoio de 186 \u20ac mensais para a renda de casa.<\/p>\n<p style=\"text-align: center;\">\n<span style=\"color: #ff0000;\">O DESEMPREGO<\/span><\/p>\n<p style=\"text-align: justify;\">\nO desemprego na Alemanha atingiu agora o n\u00famero mais baixo de desempregados desde 1991, segundo revelam os M\u00e9dia alem\u00e3es. Actualmente encontram-se 2,711 milh\u00f5es de pessoas desempregadas.<\/p>\n<p style=\"text-align: center;\">\n<span style=\"color: #ff0000;\">AUMENTO DAS REFORMAS<\/span><\/p>\n<p style=\"text-align: justify;\">\nAs reformas tiveram um aumento de 2,1% na Alemanha ocidental e 2,5% na Alemanha oriental.<\/p>\n<p style=\"text-align: center;\">\n<span style=\"color: #ff0000;\">TSIPRAS QUER O LEITE E CONTINUAR A TURRAR A VACA<\/span><\/p>\n<p style=\"text-align: justify;\">\nTsipras come\u00e7ou por tentar que a Troika renunciasse aos 240 mil milh\u00f5es de d\u00edvida sem se comprometer sequer em reorganizar o pa\u00eds sem se importar com as consequ\u00eancias para os pa\u00edses da zona euro em situa\u00e7\u00e3o semelhante. Agora apela ao n\u00e3o no referendo e ao mesmo tempo defende um perd\u00e3o de 30% da d\u00edvida. Faz um referendo demagogo e n\u00e3o apresenta plano para o dia a seguir! Tem-lhe chegado a ideologia<br \/>\nA Gr\u00e9cia teve a primeira bancarrota em Mar\u00e7o de 2012. Os credores perderam mais de 100 mil milh\u00f5es de Euros (a quota que Portugal teve de perdoar na altura foi superior a 600 milh\u00f5es de euros). Actualmente a Gr\u00e9cia encontra-se de novo em situa\u00e7\u00e3o de insolv\u00eancia. No fim de Junho n\u00e3o conseguiram pagar a parcela de cr\u00e9dito no valor de 1,6 mil milh\u00f5es de euros. Em Julho e Agosto teriam de reembolsar o BCE em 6,7 mil milh\u00f5es de euros de t\u00edtulos governamentais. No caso de n\u00e3o pagarem o BCE ter\u00e1 de parar o aux\u00edlio de cr\u00e9dito de emerg\u00eancia. Neste caso os bancos gregos cairiam imediatamente na bancarrota. Tsipras tem conseguido trazer os pol\u00edticos europeus presos pela argola de nariz porque sabe da fragilidade do sistema e sabe que n\u00e3o h\u00e1 regulamenta\u00e7\u00e3o para o caso de uma sa\u00edda do euro.<br \/>\nNo caso de a Gr\u00e9cia voltar \u00e0 Dracma podia desvalorizar os pr\u00f3prios produtos e encarecer as importa\u00e7\u00f5es. Uma medida destas poderia levar a economia grega a produzir produtos antes importados.<br \/>\nTeria a vantagem de ganhar a soberania sobre a pr\u00f3pria moeda e de poder chantagear a UE com a sua posi\u00e7\u00e3o estrat\u00e9gica entre interesses americanos, europeus, russos e mu\u00e7ulmanos.<br \/>\nA Alemanha poderia perder entre 60 e 85 mil milh\u00f5es de euros no caso de a Gr\u00e9cia ir \u00e0 insolv\u00eancia e sair do euro. No Tratado de Maastricht, est\u00e1 escrito que nenhum pa\u00eds se responsabiliza pelas d\u00edvidas do outro.<br \/>\n<strong>Ant\u00f3nio da Cunha Duarte Justo<\/strong><br \/>\nwww.antonio-justo.eu<\/p>\n","protected":false},"excerpt":{"rendered":"<p>UM FACTO QUASE ANED\u00d3TICO Em Dusseld\u00f3rfia, uma mulher de 56 anos foi condenada a pagar uma multa de 200 euros por difama\u00e7\u00e3o, por ter dito \u201cTu garota\u201d (Du M\u00e4dchen) a um pol\u00edcia. Ela acompanhava o marido no carro quando este teve um controlo de trafego da pol\u00edcia. Na sala de tribunal a mulher procura defender-se &hellip; <a href=\"https:\/\/antonio-justo.eu\/?p=3204\" class=\"more-link\">Continuar a ler <span class=\"screen-reader-text\">NECESSIDADE DE UMA CONFER\u00caNCIA DA D\u00cdVIDA,A CRISE DA GR\u00c9CIA CASTIGA FORTEMENTE OS PORTUGUESES + Outras not\u00edcias<\/span><\/a><\/p>\n","protected":false},"author":1,"featured_media":0,"comment_status":"open","ping_status":"open","sticky":false,"template":"","format":"standard","meta":{"sfsi_plus_gutenberg_text_before_share":"","sfsi_plus_gutenberg_show_text_before_share":"","sfsi_plus_gutenberg_icon_type":"","sfsi_plus_gutenberg_icon_alignemt":"","sfsi_plus_gutenburg_max_per_row":"","footnotes":""},"categories":[14,4,7],"tags":[],"class_list":["post-3204","post","type-post","status-publish","format-standard","hentry","category-economia","category-educacao","category-politica"],"_links":{"self":[{"href":"https:\/\/antonio-justo.eu\/index.php?rest_route=\/wp\/v2\/posts\/3204","targetHints":{"allow":["GET"]}}],"collection":[{"href":"https:\/\/antonio-justo.eu\/index.php?rest_route=\/wp\/v2\/posts"}],"about":[{"href":"https:\/\/antonio-justo.eu\/index.php?rest_route=\/wp\/v2\/types\/post"}],"author":[{"embeddable":true,"href":"https:\/\/antonio-justo.eu\/index.php?rest_route=\/wp\/v2\/users\/1"}],"replies":[{"embeddable":true,"href":"https:\/\/antonio-justo.eu\/index.php?rest_route=%2Fwp%2Fv2%2Fcomments&post=3204"}],"version-history":[{"count":1,"href":"https:\/\/antonio-justo.eu\/index.php?rest_route=\/wp\/v2\/posts\/3204\/revisions"}],"predecessor-version":[{"id":3205,"href":"https:\/\/antonio-justo.eu\/index.php?rest_route=\/wp\/v2\/posts\/3204\/revisions\/3205"}],"wp:attachment":[{"href":"https:\/\/antonio-justo.eu\/index.php?rest_route=%2Fwp%2Fv2%2Fmedia&parent=3204"}],"wp:term":[{"taxonomy":"category","embeddable":true,"href":"https:\/\/antonio-justo.eu\/index.php?rest_route=%2Fwp%2Fv2%2Fcategories&post=3204"},{"taxonomy":"post_tag","embeddable":true,"href":"https:\/\/antonio-justo.eu\/index.php?rest_route=%2Fwp%2Fv2%2Ftags&post=3204"}],"curies":[{"name":"wp","href":"https:\/\/api.w.org\/{rel}","templated":true}]}}