{"id":3160,"date":"2015-06-08T13:50:55","date_gmt":"2015-06-08T12:50:55","guid":{"rendered":"https:\/\/antonio-justo.eu\/?p=3160"},"modified":"2015-06-08T13:54:22","modified_gmt":"2015-06-08T12:54:22","slug":"a-grecia-nao-quer-a-vaca-mas-quer-ficar-com-o-leite","status":"publish","type":"post","link":"https:\/\/antonio-justo.eu\/?p=3160","title":{"rendered":"A GR\u00c9CIA N\u00c3O QUER A VACA MAS QUER FICAR COM O LEITE"},"content":{"rendered":"<p style=\"text-align: center;\"><span style=\"color: #ff0000;\">O GOVERNO GREGO ENERVA A EUROPA GOVERNANTE E ESPECULA EM SEGREDO SOBRE ELEI\u00c7\u00d5ES<\/span><\/p>\n<p style=\"text-align: justify;\"><strong>Ant\u00f3nio Justo<\/strong><br \/>\nA Gr\u00e9cia parece n\u00e3o ter curral para a vaca da EU mas quer continuar a receber o seu leite sem se preocupar com os problemas que a vaca custa a manter. O governo de Tsipras n\u00e3o tem futuro porque quer governar e ao mesmo tempo ocupar o lugar de uma oposi\u00e7\u00e3o que geralmente vive de exig\u00eancias e de reclama\u00e7\u00f5es. Governar implica compromisso e assumir responsabilidade, implica reconhecer que pertencer ao sistema euro, e \u00e0 moda globalista em voga, tem como consequ\u00eancia o respeito pelas regras do grupo ou ent\u00e3o a tentativa de mud\u00e1-las sem fugir a elas.<\/p>\n<p style=\"text-align: justify;\">O governo de Tsipras continua em curso de confronta\u00e7\u00e3o numa t\u00e1tica dupla de falar no pr\u00f3prio parlamento contra os credores e contra a Comiss\u00e3o Europeia e c\u00e1 fora adiar propostas de solu\u00e7\u00e3o, expondo-se com palavras bonitas para insuflar as asas da ideologia e colher o aplauso de uma claque internacional propensa a ideologias. \u201cCom papas e bolos se enganam os tolos\u201d, reconhece a sabedoria popular que apesar disso se deixa enganar. At\u00e9 o seu amigo Juncker j\u00e1 perde a paci\u00eancia ao constatar o cont\u00ednuo adiar da problem\u00e1tica. Tsipras e o seu partido Syriza esperam um corte de d\u00edvidas, \u00e0 custa dos outros pa\u00edses e de institui\u00e7\u00f5es banc\u00e1rias (seus credores; Portugal j\u00e1 perdoou 600 milh\u00f5es de euros \u00e0 Gr\u00e9cia(1).<\/p>\n<p style=\"text-align: justify;\">Com o adiamento da proposta de solu\u00e7\u00f5es, Atenas ganha tempo para surpresas que depois acontecer\u00e3o de uma s\u00f3 vez. <strong>O governo n\u00e3o est\u00e1 interessado em compromisso (por isso n\u00e3o permite vis\u00e3o nos seus dados e estat\u00edsticas), porque o jogo \u00e9 ideol\u00f3gico e compromisso (aquilo com que se faz pol\u00edtica) cheira a trai\u00e7\u00e3o. Tsypras est\u00e1 interessado nos votos e nos votantes e como tal quer um povo a viver do Estado ou de vacas leiteiras que se nega a manter.<\/strong><\/p>\n<p style=\"text-align: justify;\">Com o adiamento, agora conseguido, do pagamento do tro\u00e7o de 300 milh\u00f5es de euros \u00e0s institui\u00e7\u00f5es credoras o Governo grego impediu o colapso financeiro no pagamento de sal\u00e1rios e vencimentos dos empregados de Estado. O adiamento dos compromissos assumidos para 30 de Junho, alcan\u00e7a um valor conjunto de 1,6 mil milh\u00f5es de euros a terem ent\u00e3o de ser pagos. O Pacote de resgate da Troika que se daria a 30 de Junho no valor de 7,2 mil milh\u00f5es est\u00e1 dependente de reformas a propor pelo governo grego jogando com o interesse que a zona euro tem em manter a Gr\u00e9cia como membro.<\/p>\n<p style=\"text-align: justify;\"><strong>\u00c1 t\u00e1tica de adiamento dos problemas pelo governo grego tem certamente a ver com a incompet\u00eancia de um governo de vis\u00e3o ideol\u00f3gico-partid\u00e1ria que especula certamente sobre novas elei\u00e7\u00f5es e a sa\u00edda do Euro. Com elas poder\u00e1 lavar as m\u00e3os perante o povo como partido e desresponsabilizar-se perante os fiadores e a EU.<\/strong> Um governo que s\u00f3 sabe dizer n\u00e3o \u00e9 impr\u00f3prio para a governa\u00e7\u00e3o e prejudica os interesses do seu pa\u00eds e do seu povo.<\/p>\n<p style=\"text-align: justify;\">Na pol\u00edtica e em governa\u00e7\u00e3o, tal como na vida de um povo \u00e9 de ter presente a hist\u00f3ria da cigarra e da formiga. A cigarra quer viver da cantoria e da conversa p\u00fablica mas \u00e0 custa da alimenta\u00e7\u00e3o da formiga. <strong>Para uma sociedade futura, sem pretender que se acabe com a rica diversidade pol\u00edtica e social de formigas e cigarras, precisar-se-ia de criar mais um ser c\u00edvico que integre em si os genes da cigarra e da formiga e de uma nova ra\u00e7a pol\u00edtica transparente desinteresseira comprometida com o povo e o pa\u00eds.<\/strong><\/p>\n<p style=\"text-align: justify;\">Atenas perdeu a oportunidade e a credibilidade de se tornar num elemento corrector da pol\u00edtica da EU. O governo de esquerda nacionalista teima em n\u00e3o processar os grandes capitalistas gregos que transferiram centenas de milhares de milh\u00f5es para fora do pa\u00eds (Su\u00ed\u00e7a, etc.) fugidos ao fisco grego mas, por outro lado, combate o capitalismo da Troika. At\u00e9 \u00e9 l\u00f3gico que queiram defender os grandes oligarcas gregos mas nas suas exig\u00eancias em rela\u00e7\u00e3o ao estrangeiro perdem toda a raz\u00e3o institucional prendendo apenas continuar a ser, com as suas piruetas, a azia estomacal da EU dos fortes sem entender nada do Euro-Esperanto.<\/p>\n<p style=\"text-align: justify;\">De momento, s\u00f3 a sa\u00edda do euro seria uma medida l\u00f3gica e coerente com a ideologia que Tsipras defende; <strong>o seu jogo das escondidas torna-se vergonhoso para ele e uma desilus\u00e3o para a esquerda europeia que projectava nele muitas esperan\u00e7as e desejos escondidos. Tem sido triste a figura que t\u00eam feito pedinchando com uma m\u00e3o e dizendo que n\u00e3o com a outra.<\/strong> Este \u00e9 o dilema de uma esquerda ainda retr\u00f3grada e velha que al\u00e9m de oportunista se tornou corrupta ao assumir a governa\u00e7\u00e3o tem calcando os ideais de justi\u00e7a da hombridade e da transpar\u00eancia. J\u00e1 n\u00e3o nos encontramos no tempo dos her\u00f3is e dos exemplos. Cada um serve-se como pode.<\/p>\n<p style=\"text-align: justify;\">N\u00e3o se vai longe enquanto a EU s\u00f3 se preocupar com poder e dinheiro e a Gr\u00e9cia se interessar pela mistura de dinheiro e ideologia.<\/p>\n<p style=\"text-align: justify;\">O facto de descrever ou tentar prever o que vai acontecer em rela\u00e7\u00e3o \u00e0 Gr\u00e9cia n\u00e3o quer dizer que seja por um sistema ou por outro.<\/p>\n<p style=\"text-align: justify;\">O facto de o governo grego, tal como Portugal, Irlanda e outros pa\u00edses terem raz\u00e3o nas reclama\u00e7\u00f5es no que respeita a imposi\u00e7\u00f5es de poupan\u00e7as e privatiza\u00e7\u00f5es em benef\u00edcio da avalanche agressiva do turbo-capitalismo liberalista das grandes pot\u00eancias, um comportamento de adolescentes s\u00f3 serve para enganar o povo e n\u00e3o alcan\u00e7a nada contra a injusti\u00e7a institucionalizada. <strong>O que a Gr\u00e9cia e Portugal devem contestar e renegociar \u00e9 a vantagem que a Alemanha e os pa\u00edses fortes da zona euro t\u00eam em rela\u00e7\u00e3o ao mercado mundial, vantagem adquirida, em grande parte, \u00e0 custa da destrui\u00e7\u00e3o das economias dos pa\u00edses da periferia da zona euro que viram o seu poder de concorr\u00eancia na Europa destru\u00eddo pela abertura ao mercado chin\u00eas. Aqui \u00e9 necess\u00e1ria a negocia\u00e7\u00e3o de contratos de compensa\u00e7\u00f5es estruturais econ\u00f3micas e n\u00e3o a luta ideol\u00f3gica.<\/strong><br \/>\n<strong>Ant\u00f3nio da Cunha Duarte Justo<\/strong><br \/>\nJornalista<br \/>\nwww.antonio-justo.eu<br \/>\n(1) N\u00e3o aceita o curso pol\u00edtico de poupan\u00e7a ao contr\u00e1rio do que fez Portugal, que abnegado e respeitado consegue, por for\u00e7a pr\u00f3pria, sair da depend\u00eancia da Troika (Portugal vai agora fazer mais um reembolso antecipado, de cerca de 2 mil milh\u00f5es de euros ao Fundo).<\/p>\n","protected":false},"excerpt":{"rendered":"<p>O GOVERNO GREGO ENERVA A EUROPA GOVERNANTE E ESPECULA EM SEGREDO SOBRE ELEI\u00c7\u00d5ES Ant\u00f3nio Justo A Gr\u00e9cia parece n\u00e3o ter curral para a vaca da EU mas quer continuar a receber o seu leite sem se preocupar com os problemas que a vaca custa a manter. O governo de Tsipras n\u00e3o tem futuro porque quer &hellip; <a href=\"https:\/\/antonio-justo.eu\/?p=3160\" class=\"more-link\">Continuar a ler <span class=\"screen-reader-text\">A GR\u00c9CIA N\u00c3O QUER A VACA MAS QUER FICAR COM O LEITE<\/span><\/a><\/p>\n","protected":false},"author":1,"featured_media":0,"comment_status":"open","ping_status":"open","sticky":false,"template":"","format":"standard","meta":{"sfsi_plus_gutenberg_text_before_share":"","sfsi_plus_gutenberg_show_text_before_share":"","sfsi_plus_gutenberg_icon_type":"","sfsi_plus_gutenberg_icon_alignemt":"","sfsi_plus_gutenburg_max_per_row":"","footnotes":""},"categories":[14,7],"tags":[],"class_list":["post-3160","post","type-post","status-publish","format-standard","hentry","category-economia","category-politica"],"_links":{"self":[{"href":"https:\/\/antonio-justo.eu\/index.php?rest_route=\/wp\/v2\/posts\/3160","targetHints":{"allow":["GET"]}}],"collection":[{"href":"https:\/\/antonio-justo.eu\/index.php?rest_route=\/wp\/v2\/posts"}],"about":[{"href":"https:\/\/antonio-justo.eu\/index.php?rest_route=\/wp\/v2\/types\/post"}],"author":[{"embeddable":true,"href":"https:\/\/antonio-justo.eu\/index.php?rest_route=\/wp\/v2\/users\/1"}],"replies":[{"embeddable":true,"href":"https:\/\/antonio-justo.eu\/index.php?rest_route=%2Fwp%2Fv2%2Fcomments&post=3160"}],"version-history":[{"count":2,"href":"https:\/\/antonio-justo.eu\/index.php?rest_route=\/wp\/v2\/posts\/3160\/revisions"}],"predecessor-version":[{"id":3162,"href":"https:\/\/antonio-justo.eu\/index.php?rest_route=\/wp\/v2\/posts\/3160\/revisions\/3162"}],"wp:attachment":[{"href":"https:\/\/antonio-justo.eu\/index.php?rest_route=%2Fwp%2Fv2%2Fmedia&parent=3160"}],"wp:term":[{"taxonomy":"category","embeddable":true,"href":"https:\/\/antonio-justo.eu\/index.php?rest_route=%2Fwp%2Fv2%2Fcategories&post=3160"},{"taxonomy":"post_tag","embeddable":true,"href":"https:\/\/antonio-justo.eu\/index.php?rest_route=%2Fwp%2Fv2%2Ftags&post=3160"}],"curies":[{"name":"wp","href":"https:\/\/api.w.org\/{rel}","templated":true}]}}