{"id":3148,"date":"2015-05-16T14:08:07","date_gmt":"2015-05-16T13:08:07","guid":{"rendered":"https:\/\/antonio-justo.eu\/?p=3148"},"modified":"2015-05-16T14:08:07","modified_gmt":"2015-05-16T13:08:07","slug":"a-europa-rica-recruta-imigrantes-qualificados-e-empurra-refugiados-desqualificados-para-os-paises-pobres-do-sul","status":"publish","type":"post","link":"https:\/\/antonio-justo.eu\/?p=3148","title":{"rendered":"A EUROPA RICA RECRUTA IMIGRANTES QUALIFICADOS E EMPURRA REFUGIADOS DESQUALIFICADOS PARA OS PA\u00cdSES POBRES DO SUL"},"content":{"rendered":"<p style=\"text-align: center;\">\n<span style=\"color: #ff0000;\"><strong>\u00a0<span style=\"color: #ff0000;\">Quota para Refugiados revela Abuso c\u00ednico da Palavra Solidariedade<\/span><\/strong><\/span><\/p>\n<p style=\"text-align: justify;\">\n<strong>Ant\u00f3nio Justo<\/strong><br \/>\nA Comiss\u00e3o Europeia para a Migra\u00e7\u00e3o pretende que se fa\u00e7a a redistribui\u00e7\u00e3o de 20.000 refugiados que se encontram na Europa, tencionando para Portugal uma chave de recoloca\u00e7\u00e3o correspondente a 3,89% e para a Alemanha e Fran\u00e7a 10%. Uma tal medida aumentaria a quota de desemprego nos pa\u00edses do sul que se sentem j\u00e1 v\u00edtimas de uma economia da UE pr\u00f3 n\u00f3rdica. Portugal seguir\u00e1, como de costume, uma atitude de \u201cMaria-vai-com-as-outras\u201d.<\/p>\n<p>Portugal que exporta para a Alemanha, Fran\u00e7a, Inglaterra, Su\u00ed\u00e7a, etc. os seus emigrantes qualificados que n\u00e3o encontram condi\u00e7\u00f5es suficientes de vida em Portugal deve passar a receber dos pa\u00edses isl\u00e2micos imigrantes sem qualifica\u00e7\u00e3o.<br \/>\nMuitos cidad\u00e3os europeus t\u00eam dificuldade em compreender que os seus pa\u00edses tenham de aceitar os refugiados de guerra interna isl\u00e2mica entre xiitas e sunitas e que pa\u00edses isl\u00e2micos como a Ar\u00e1bia Saudita n\u00e3o aceitem refugiados v\u00edtimas da guerra religiosa ou da economia.<\/p>\n<p style=\"text-align: justify;\">\nNa Fran\u00e7a, Alemanha, e noutros pa\u00edses europeus aumenta no povo a resist\u00eancia \u00e0 aceita\u00e7\u00e3o de refugiados. Muitos alegam que t\u00eam medo de receber os refugiados porque estes, na sua grande maioria s\u00e3o mu\u00e7ulmanos e uma vez hospedados num pa\u00eds organizam-se em guetos e n\u00e3o se integram; outro argumento que se ouve com frequ\u00eancia \u00e9 a realidade de uma vez reconhecidos servirem de ponte para novos imigrantes e o facto de entre os refugiados se encontrarem terroristas do Estado Isl\u00e2mico. Tamb\u00e9m se encontram pol\u00edticos na Alemanha que dizem que a Alemanha \u201cn\u00e3o \u00e9 a reparti\u00e7\u00e3o de seguran\u00e7a social da humanidade\u201d e tamb\u00e9m pessoas pobres que reclama por cada vez verem mais reduzidos os apoios sociais sem entenderem que o Estado empregue milh\u00f5es de euros no acolhimento de refugiados. N\u00e3o notam a corresponsabilidade das pot\u00eancias no fen\u00f3meno nem a irresponsabilidade da classe pol\u00edtica em rela\u00e7\u00e3o \u00e0 paz social na Europa.<\/p>\n<p style=\"text-align: justify;\">\nEm 2014 a Su\u00e9cia recebeu 8,4 refugiados por cada mil habitantes, a \u00c1ustria 3,3 por mil, a Su\u00ed\u00e7a 2,9, a Alemanha 2,5, a It\u00e1lia 1,1, a Fran\u00e7a 1, a Inglaterra 0,5, a Espanha 0,1.<\/p>\n<p style=\"text-align: justify;\">\nA Inglaterra, a Pol\u00f3nia a Hungria, a Eslov\u00e1quia e a Ch\u00e9quia revelam-se contra o intuito da Comiss\u00e3o Europeia de introduzir quotas de refugiados a distribuir para todos os membros da UE. A Alemanha faz for\u00e7a para que todos os pa\u00edses sejam obrigados a receber refugiados. Os pa\u00edses economicamente fortes da europa n\u00e3o se querem ver sozinhos com os problemas da imigra\u00e7\u00e3o por raz\u00f5es de estabilidade social e por raz\u00f5es econ\u00f3micas. A Alemanha, em 2014 recebeu 173.070 requerimentos de refugiados.<\/p>\n<p style=\"text-align: justify;\">\nPor outro lado funcion\u00e1rios da economia alegam que a Alemanha para cobrir a quebra da natalidade da popula\u00e7\u00e3o precisaria de 400.000 imigrantes por ano. A Alemanha prefere recrutar imigrantes qualificados porque n\u00e3o provocam custos de integra\u00e7\u00e3o e forma\u00e7\u00e3o e al\u00e9m disso integram-se melhor e elevam o n\u00edvel social popular.<\/p>\n<p style=\"text-align: justify;\">\nQuota n\u00e3o \u00e9 solu\u00e7\u00e3o e seria injusta para com os pa\u00edses pequenos que n\u00e3o entram em guerra nem fazem parte dos pa\u00edses desestabilizadores que lucram com exporta\u00e7\u00e3o de armas nem com a reconstru\u00e7\u00e3o dos pa\u00edses de interven\u00e7\u00e3o. Os pontos quentes s\u00e3o a S\u00edria, o Iraque, a \u00c1frica do Norte, o Afeganist\u00e3o e a L\u00edbia. A L\u00edbia tornou-se num ponto de fuga dos refugiados para a Europa. Para acrescentar a inseguran\u00e7a surgem organiza\u00e7\u00f5es extremistas mu\u00e7ulmanas na Europa que, ao afirmarem que com a emigra\u00e7\u00e3o mu\u00e7ulmana e a sua fecundidade restabelecer\u00e3o seus antigos dom\u00ednios na Europa, fomentam mais o medo e o preconceito de muitos cidad\u00e3os europeus confrontados j\u00e1 com os problemas dos guetos.<\/p>\n<p style=\"text-align: justify;\">\nA informa\u00e7\u00e3o p\u00fablica foca apenas o aspecto emocional dos refugiados n\u00e3o contribuindo para uma discuss\u00e3o s\u00e9ria e objectiva sobre o assunto.<\/p>\n<p style=\"text-align: justify;\">\nA pol\u00edtica da Comiss\u00e3o Europeia n\u00e3o est\u00e1 interessada no diagn\u00f3stico e no tratamento das causas que provocam a emigra\u00e7\u00e3o em massa; parece apenas interessada em tratar as feridas mas n\u00e3o querer solucionar o que provoca o flagelo hodierno das lutas entre xiitas e sunitas e o fen\u00f3meno dos refugiados. A preocupa\u00e7\u00e3o europeia deveria ser o fomento da estabilidade e do bem-comum da popula\u00e7\u00e3o nos pa\u00edses de proveni\u00eancia dos refugiados (a preocupa\u00e7\u00e3o pelo bem-comum universal). As medidas pretendidas de destrui\u00e7\u00e3o dos barcos dos contrabandistas n\u00e3o resulta porque a pobreza e as rivalidades entre os grupos \u00e9tnicos continuar\u00e3o com o apoio directo ou indirecto do Ocidente. Urge uma pol\u00edtica de ajuda para a auto-ajuda das pessoas nos seus pa\u00edses; para os que j\u00e1 se encontram no mundo livre devia dar-se-lhe uma forma\u00e7\u00e3o qualificada para poderem, mais tarde, fomentar as economias dos pa\u00edses donde v\u00eam.<\/p>\n<p style=\"text-align: justify;\">\nN\u00e3o \u00e9 justo que as pot\u00eancias que participaram para a instabilidade do Afeganist\u00e3o, do Iraque, da L\u00edbia, da S\u00edria n\u00e3o assumam a responsabilidade de terem provocado uma consequente persegui\u00e7\u00e3o aos crist\u00e3os e a outras minorias \u00e9tnicas na regi\u00e3o e que agora pa\u00edses terceiros tenham de acarretar com os problemas que imigra\u00e7\u00e3o mu\u00e7ulmana acarreta consigo (N\u00e3o se trata s\u00f3 de fugitivos mas de pessoas). As administra\u00e7\u00f5es dos USA t\u00eam actuado irresponsavelmente, conscientes de que quem mais sofre as consequ\u00eancias da sua pol\u00edtica fracassada \u00e9 a Europa e que a Europa fraca e decadente &#8211; irm\u00e3 menor dos USA \u2013 se limita a uma pol\u00edtica ritual irrespons\u00e1vel e carpideira sem encarar a peste que vitima fugitivos no mar Mediterr\u00e2neo e infesta o clima social europeu.<br \/>\nAnt\u00f3nio da Cunha Duarte Justo<br \/>\nwww.antonio-justo.eu<\/p>\n","protected":false},"excerpt":{"rendered":"<p>\u00a0Quota para Refugiados revela Abuso c\u00ednico da Palavra Solidariedade Ant\u00f3nio Justo A Comiss\u00e3o Europeia para a Migra\u00e7\u00e3o pretende que se fa\u00e7a a redistribui\u00e7\u00e3o de 20.000 refugiados que se encontram na Europa, tencionando para Portugal uma chave de recoloca\u00e7\u00e3o correspondente a 3,89% e para a Alemanha e Fran\u00e7a 10%. Uma tal medida aumentaria a quota de &hellip; <a href=\"https:\/\/antonio-justo.eu\/?p=3148\" class=\"more-link\">Continuar a ler <span class=\"screen-reader-text\">A EUROPA RICA RECRUTA IMIGRANTES QUALIFICADOS E EMPURRA REFUGIADOS DESQUALIFICADOS PARA OS PA\u00cdSES POBRES DO SUL<\/span><\/a><\/p>\n","protected":false},"author":1,"featured_media":0,"comment_status":"open","ping_status":"open","sticky":false,"template":"","format":"standard","meta":{"sfsi_plus_gutenberg_text_before_share":"","sfsi_plus_gutenberg_show_text_before_share":"","sfsi_plus_gutenberg_icon_type":"","sfsi_plus_gutenberg_icon_alignemt":"","sfsi_plus_gutenburg_max_per_row":"","footnotes":""},"categories":[14,6,7,8],"tags":[],"class_list":["post-3148","post","type-post","status-publish","format-standard","hentry","category-economia","category-migracao","category-politica","category-religiao"],"_links":{"self":[{"href":"https:\/\/antonio-justo.eu\/index.php?rest_route=\/wp\/v2\/posts\/3148","targetHints":{"allow":["GET"]}}],"collection":[{"href":"https:\/\/antonio-justo.eu\/index.php?rest_route=\/wp\/v2\/posts"}],"about":[{"href":"https:\/\/antonio-justo.eu\/index.php?rest_route=\/wp\/v2\/types\/post"}],"author":[{"embeddable":true,"href":"https:\/\/antonio-justo.eu\/index.php?rest_route=\/wp\/v2\/users\/1"}],"replies":[{"embeddable":true,"href":"https:\/\/antonio-justo.eu\/index.php?rest_route=%2Fwp%2Fv2%2Fcomments&post=3148"}],"version-history":[{"count":1,"href":"https:\/\/antonio-justo.eu\/index.php?rest_route=\/wp\/v2\/posts\/3148\/revisions"}],"predecessor-version":[{"id":3149,"href":"https:\/\/antonio-justo.eu\/index.php?rest_route=\/wp\/v2\/posts\/3148\/revisions\/3149"}],"wp:attachment":[{"href":"https:\/\/antonio-justo.eu\/index.php?rest_route=%2Fwp%2Fv2%2Fmedia&parent=3148"}],"wp:term":[{"taxonomy":"category","embeddable":true,"href":"https:\/\/antonio-justo.eu\/index.php?rest_route=%2Fwp%2Fv2%2Fcategories&post=3148"},{"taxonomy":"post_tag","embeddable":true,"href":"https:\/\/antonio-justo.eu\/index.php?rest_route=%2Fwp%2Fv2%2Ftags&post=3148"}],"curies":[{"name":"wp","href":"https:\/\/api.w.org\/{rel}","templated":true}]}}