{"id":3103,"date":"2015-03-02T17:31:14","date_gmt":"2015-03-02T16:31:14","guid":{"rendered":"https:\/\/antonio-justo.eu\/?p=3103"},"modified":"2015-03-02T17:31:14","modified_gmt":"2015-03-02T16:31:14","slug":"privatizacao-das-aguas-de-portugal-o-povo-defraudado","status":"publish","type":"post","link":"https:\/\/antonio-justo.eu\/?p=3103","title":{"rendered":"PRIVATIZA\u00c7\u00c3O DAS \u201c\u00c1GUAS DE PORTUGAL\u201d &#8211; O POVO DEFRAUDADO"},"content":{"rendered":"<p style=\"text-align: center;\">\n<span style=\"color: #ff0000;\"><strong><span style=\"color: #ff0000;\">A Cumplicidade da UE com o grande Capital em Pa\u00e7os de Ferreira<\/span><\/strong><\/span><\/p>\n<p><strong>Ant\u00f3nio Justo<\/strong><\/p>\n<p style=\"text-align: justify;\">\nBruxelas quer o ouro do futuro (a \u00c1gua) nas m\u00e3os de especuladores privados internacionais (j\u00e1 possibilita isso atrav\u00e9s da directriz 2000\/60\/EG). \u00c9 uma cat\u00e1strofe, em termos de futuro, querer furtar a \u00e1gua ao povo para o colocar na depend\u00eancia arbitr\u00e1ria do monop\u00f3lio das multinacionais de grandes pa\u00edses. O custo da \u00e1gua de Pa\u00e7os de Ferreira subiu 400%, para o consumidor, em pouco espa\u00e7o de tempo. As autoridades locais parecem olhar a quest\u00e3o com indiferen\u00e7a porque sabem que quanto mais custa a \u00e1gua mais dinheiro entra, atrav\u00e9s do imposto, nos cofres do Estado.<\/p>\n<p style=\"text-align: justify;\">\nEm muitos lugares j\u00e1 se v\u00ea a indica\u00e7\u00e3o de fontes p\u00fablicas com o letreiro: &#8220;Impot\u00e1vel&#8221;. Isto pode ser um ind\u00edcio de uma medida de assalto aos bens p\u00fablicos.<\/p>\n<p style=\"text-align: justify;\">Que tencionam fazer os partidos no sentido de n\u00e3o deixar um bem elementar tornar-se num produto de especula\u00e7\u00e3o? O povo precisa de posi\u00e7\u00f5es concretas e expressas nos programas de partidos para as elei\u00e7\u00f5es, onde se expresse a vontade de combater a corrup\u00e7\u00e3o internacional. (Veja-se esta reportagem alem\u00e3 com legendas em portugu\u00eas sobre as consequ\u00eancias da privatiza\u00e7\u00e3o da \u00e1gua em Pa\u00e7os de Ferreira https:\/\/www.youtube.com\/watch?v=I5X9ioO9x9A&amp;feature=player_embedded)<\/p>\n<p style=\"text-align: justify;\">Os meios de comunica\u00e7\u00e3o social ocupam-se demasiado com intrigas e especula\u00e7\u00f5es de pessoas e de assuntos partid\u00e1rios, servindo deste modo os aduladores dos partidos e os que constroem a sua vida \u00e0 custa deles, deixando de discutir medidas econ\u00f3micas e sociais que dizem respeito aos interesses do povo.<\/p>\n<p style=\"text-align: justify;\">\nA liberaliza\u00e7\u00e3o do mercado da \u00e1gua, tal como se viu nos t\u00eaxteis e nas pescas portuguesas, vem favorecer o capital das grandes firmas internacionais e indirectamente os pa\u00edses economicamente fortes porque destes \u00e9 que surgem os capitalistas que compram as mat\u00e9rias-primas de pa\u00edses mais fracos e s\u00e3o tamb\u00e9m eles que substituem a\u00ed as empresas locais mais fracas. Se a pol\u00edtica n\u00e3o defende os interesses das na\u00e7\u00f5es com menos poder de concorr\u00eancia, quem os defende?<\/p>\n<p style=\"text-align: justify;\">\nA burla econ\u00f3mica s\u00f3 se torna eficiente com a colabora\u00e7\u00e3o de corruptos pol\u00edticos (Muitas vezes v\u00eaem-se os pol\u00edticos transitarem para as direc\u00e7\u00f5es de grandes empresas como paga dos seus servi\u00e7os indirectamente prestados nos governos ou nos partidos).<\/p>\n<p style=\"text-align: justify;\">\nEm Portugal, as comunas que privatizaram a \u00e1gua v\u00eaem-se sujeitas a um grande aumento de pre\u00e7os. Os monop\u00f3lios s\u00f3 beneficiam os seus donos e os investidores nas especula\u00e7\u00f5es accionistas! Estas medidas de privatiza\u00e7\u00e3o implementadas pela Troika em pa\u00edses com dificuldades econ\u00f3micas degrada a personalidade do indiv\u00edduo e das na\u00e7\u00f5es. A UE com directrizes protectoras do grande capital coloca os pa\u00edses com dificuldades \u00e0 disposi\u00e7\u00e3o da irresponsabilidade. No passado os pa\u00edses pequenos podiam concorrer com os pa\u00edses fortes atrav\u00e9s dos seus produtos mais baratos. Agora que as grandes multinacionais produzem os produtos em quantidades mastod\u00f4nticas (e deste modo mais baratos que os produtos de economias fracas) por mais que as economias da periferia se esforcem, n\u00e3o lhes fica sen\u00e3o a hip\u00f3tese de resignar, emigrar ou baixar o n\u00edvel de vida a padr\u00f5es de vida de regi\u00f5es ainda mais fracas. A concorr\u00eancia d\u00e1-se a n\u00edvel de proletariado e das regi\u00f5es mais carenciadas.<br \/>\n<strong>Ant\u00f3nio da Cunha Duarte Justo<\/strong><br \/>\nJornalista<br \/>\nwww.antonio-justo.eu<\/p>\n","protected":false},"excerpt":{"rendered":"<p>A Cumplicidade da UE com o grande Capital em Pa\u00e7os de Ferreira Ant\u00f3nio Justo Bruxelas quer o ouro do futuro (a \u00c1gua) nas m\u00e3os de especuladores privados internacionais (j\u00e1 possibilita isso atrav\u00e9s da directriz 2000\/60\/EG). \u00c9 uma cat\u00e1strofe, em termos de futuro, querer furtar a \u00e1gua ao povo para o colocar na depend\u00eancia arbitr\u00e1ria do &hellip; <a href=\"https:\/\/antonio-justo.eu\/?p=3103\" class=\"more-link\">Continuar a ler <span class=\"screen-reader-text\">PRIVATIZA\u00c7\u00c3O DAS \u201c\u00c1GUAS DE PORTUGAL\u201d &#8211; O POVO DEFRAUDADO<\/span><\/a><\/p>\n","protected":false},"author":1,"featured_media":0,"comment_status":"open","ping_status":"open","sticky":false,"template":"","format":"standard","meta":{"sfsi_plus_gutenberg_text_before_share":"","sfsi_plus_gutenberg_show_text_before_share":"","sfsi_plus_gutenberg_icon_type":"","sfsi_plus_gutenberg_icon_alignemt":"","sfsi_plus_gutenburg_max_per_row":"","footnotes":""},"categories":[1],"tags":[],"class_list":["post-3103","post","type-post","status-publish","format-standard","hentry","category-sem-categoria"],"_links":{"self":[{"href":"https:\/\/antonio-justo.eu\/index.php?rest_route=\/wp\/v2\/posts\/3103","targetHints":{"allow":["GET"]}}],"collection":[{"href":"https:\/\/antonio-justo.eu\/index.php?rest_route=\/wp\/v2\/posts"}],"about":[{"href":"https:\/\/antonio-justo.eu\/index.php?rest_route=\/wp\/v2\/types\/post"}],"author":[{"embeddable":true,"href":"https:\/\/antonio-justo.eu\/index.php?rest_route=\/wp\/v2\/users\/1"}],"replies":[{"embeddable":true,"href":"https:\/\/antonio-justo.eu\/index.php?rest_route=%2Fwp%2Fv2%2Fcomments&post=3103"}],"version-history":[{"count":1,"href":"https:\/\/antonio-justo.eu\/index.php?rest_route=\/wp\/v2\/posts\/3103\/revisions"}],"predecessor-version":[{"id":3104,"href":"https:\/\/antonio-justo.eu\/index.php?rest_route=\/wp\/v2\/posts\/3103\/revisions\/3104"}],"wp:attachment":[{"href":"https:\/\/antonio-justo.eu\/index.php?rest_route=%2Fwp%2Fv2%2Fmedia&parent=3103"}],"wp:term":[{"taxonomy":"category","embeddable":true,"href":"https:\/\/antonio-justo.eu\/index.php?rest_route=%2Fwp%2Fv2%2Fcategories&post=3103"},{"taxonomy":"post_tag","embeddable":true,"href":"https:\/\/antonio-justo.eu\/index.php?rest_route=%2Fwp%2Fv2%2Ftags&post=3103"}],"curies":[{"name":"wp","href":"https:\/\/api.w.org\/{rel}","templated":true}]}}