{"id":3084,"date":"2015-02-14T15:43:28","date_gmt":"2015-02-14T14:43:28","guid":{"rendered":"https:\/\/antonio-justo.eu\/?p=3084"},"modified":"2015-02-14T15:55:20","modified_gmt":"2015-02-14T14:55:20","slug":"a-isca-eleitoral-aeroporto-humberto-delgado-proposta-pelo-ps-lisboeta","status":"publish","type":"post","link":"https:\/\/antonio-justo.eu\/?p=3084","title":{"rendered":"A Isca eleitoral \u201cAeroporto Humberto Delgado\u201d proposta pelo PS lisboeta"},"content":{"rendered":"<p style=\"text-align: center;\"><strong><span style=\"color: #ff0000;\">Mais Ideologia para um Portugal j\u00e1 intoxicado dela<\/span> <\/strong><\/p>\n<p><strong>Ant\u00f3nio Justo<\/strong><\/p>\n<p style=\"text-align: justify;\">Ant\u00f3nio Costa, com a sua C\u00e2mara de Lisboa, quer mudar o nome do Aeroporto da Portela para &#8220;Aeroporto Humberto Delgado&#8221;, tendo j\u00e1 feito, para isso, a proposta ao governo, como noticiou o DN no passado dia 11.02. Isto n\u00e3o passa de uma t\u00e1tica de arranjar combust\u00edvel barato para a campanha eleitoral do PS, \u00e0 custa do aeroporto da Portela (ou Povo de Portugal): um aceno aos comunistas e mais uma promessa sem grandes custos mas que ajuda apenas os dan\u00e7arinos do poder.<\/p>\n<p style=\"text-align: justify;\">Antes de se proceder \u00e0 iniciativa de dar um nome a um espa\u00e7o p\u00fablico, seria importante analisar a proposta e verificar se os proponentes s\u00e3o acredit\u00e1veis. Para o serem, neste caso, o proponente teria de, com a mesma ligeireza, poder propor a mudan\u00e7a de ponte 25 de Abril para o seu velho nome \u201cPonte Salazar\u201d. N\u00e3o deixaria de mostrar uma mentalidade patriarcalista mas revelaria independ\u00eancia e credibilidade. Um exame cr\u00edtico sobre o assunto tornar-se-ia numa comida dif\u00edcil para os pol\u00edticos partid\u00e1rios.<\/p>\n<p style=\"text-align: justify;\"><strong>Uma pessoa torna-se cred\u00edvel quando aplica a mesma medida e crit\u00e9rios no pr\u00f3prio agir para l\u00e1 da sua filia\u00e7\u00e3o partid\u00e1ria.<\/strong> Esta n\u00e3o \u00e9 a ideia nem a pr\u00e1tica partid\u00e1ria e por isso mesmo se verifica cada vez mais gente arredia \u00e0 pol\u00edtica. O agir do pol\u00edtico deveria servir em benef\u00edcio do pa\u00eds no todo e n\u00e3o do partido. \u201cCom papas e bolos se enganam os tolos\u201d ter\u00e1 reconhecido o povo num raro momento de lucidez!<\/p>\n<p style=\"text-align: justify;\">Tenha-se todo o respeito por Humberto Delgado, mas poupem-nos de mais esta vassalagem \u00e0 esquerda. <strong>Cabe\u00e7as cheias de ideologia j\u00e1 n\u00e3o t\u00eam lugar para o que interessa a Portugal; usam-no como estendal da sua ideologia.<\/strong> Assim se cria a Hist\u00f3ria \u00e0 fei\u00e7\u00e3o do oportuno e dos oportunistas.<\/p>\n<p style=\"text-align: justify;\">Costa e a sua C\u00e2mara fazem uma proposta, j\u00e1 \u00e0 partida sem perspectivas de \u00eaxito, mas que \u00e9 suficiente para contentar o povo recruta que se contenta com promessas e conversa fiada. Querem continuar a entreter a opini\u00e3o p\u00fablica com assuntos sentimentais sem interesse que substituem a elabora\u00e7\u00e3o de programas econ\u00f3micos e socias para um governo s\u00e9rio.<\/p>\n<p style=\"text-align: justify;\">Contam com a desinforma\u00e7\u00e3o do povo e com uma cultura da lamenta\u00e7\u00e3o que al\u00e9m de l\u00e1grimas e barulho s\u00f3 traz benef\u00edcio vis\u00edvel para os eleitos. O povo sente-se bem, no ser enganado, porque vai atr\u00e1s de promessas deste ou daquele partido sem lhe exigir um programa de governo em que se encontram discriminados investimentos, despesa e entradas com um or\u00e7amento de Estado equilibrado. Quem quer governar irresponsavelmente fomenta um povo masoquista.<\/p>\n<p style=\"text-align: justify;\"><strong>Ant\u00f3nio da Cunha Duarte Justo<\/strong><\/p>\n<p style=\"text-align: justify;\">www.antonio-justo.eu<\/p>\n","protected":false},"excerpt":{"rendered":"<p>Mais Ideologia para um Portugal j\u00e1 intoxicado dela Ant\u00f3nio Justo Ant\u00f3nio Costa, com a sua C\u00e2mara de Lisboa, quer mudar o nome do Aeroporto da Portela para &#8220;Aeroporto Humberto Delgado&#8221;, tendo j\u00e1 feito, para isso, a proposta ao governo, como noticiou o DN no passado dia 11.02. Isto n\u00e3o passa de uma t\u00e1tica de arranjar &hellip; <a href=\"https:\/\/antonio-justo.eu\/?p=3084\" class=\"more-link\">Continuar a ler <span class=\"screen-reader-text\">A Isca eleitoral \u201cAeroporto Humberto Delgado\u201d proposta pelo PS lisboeta<\/span><\/a><\/p>\n","protected":false},"author":1,"featured_media":0,"comment_status":"open","ping_status":"open","sticky":false,"template":"","format":"standard","meta":{"sfsi_plus_gutenberg_text_before_share":"","sfsi_plus_gutenberg_show_text_before_share":"","sfsi_plus_gutenberg_icon_type":"","sfsi_plus_gutenberg_icon_alignemt":"","sfsi_plus_gutenburg_max_per_row":"","footnotes":""},"categories":[7],"tags":[],"class_list":["post-3084","post","type-post","status-publish","format-standard","hentry","category-politica"],"_links":{"self":[{"href":"https:\/\/antonio-justo.eu\/index.php?rest_route=\/wp\/v2\/posts\/3084","targetHints":{"allow":["GET"]}}],"collection":[{"href":"https:\/\/antonio-justo.eu\/index.php?rest_route=\/wp\/v2\/posts"}],"about":[{"href":"https:\/\/antonio-justo.eu\/index.php?rest_route=\/wp\/v2\/types\/post"}],"author":[{"embeddable":true,"href":"https:\/\/antonio-justo.eu\/index.php?rest_route=\/wp\/v2\/users\/1"}],"replies":[{"embeddable":true,"href":"https:\/\/antonio-justo.eu\/index.php?rest_route=%2Fwp%2Fv2%2Fcomments&post=3084"}],"version-history":[{"count":2,"href":"https:\/\/antonio-justo.eu\/index.php?rest_route=\/wp\/v2\/posts\/3084\/revisions"}],"predecessor-version":[{"id":3086,"href":"https:\/\/antonio-justo.eu\/index.php?rest_route=\/wp\/v2\/posts\/3084\/revisions\/3086"}],"wp:attachment":[{"href":"https:\/\/antonio-justo.eu\/index.php?rest_route=%2Fwp%2Fv2%2Fmedia&parent=3084"}],"wp:term":[{"taxonomy":"category","embeddable":true,"href":"https:\/\/antonio-justo.eu\/index.php?rest_route=%2Fwp%2Fv2%2Fcategories&post=3084"},{"taxonomy":"post_tag","embeddable":true,"href":"https:\/\/antonio-justo.eu\/index.php?rest_route=%2Fwp%2Fv2%2Ftags&post=3084"}],"curies":[{"name":"wp","href":"https:\/\/api.w.org\/{rel}","templated":true}]}}