{"id":2912,"date":"2014-11-13T20:37:49","date_gmt":"2014-11-13T19:37:49","guid":{"rendered":"https:\/\/antonio-justo.eu\/?p=2912"},"modified":"2014-11-15T15:08:01","modified_gmt":"2014-11-15T14:08:01","slug":"a-chanceler-alema-desvia-a-bola-para-canto-ao-falar-da-eu-e-de-portugal","status":"publish","type":"post","link":"https:\/\/antonio-justo.eu\/?p=2912","title":{"rendered":"A Chanceler alem\u00e3 desvia a Bola para Canto ao falar da EU e de Portugal"},"content":{"rendered":"<p style=\"text-align: center;\"><span style=\"color: #ff6600;\"><strong><span style=\"color: #ff6600;\">\u201cPortugal e<\/span> <span style=\"color: #ff6600;\">Espanha criam demasiados licenciados\u201d<\/span><\/strong><\/span><\/p>\n<p style=\"text-align: justify;\"><strong>Ant\u00f3nio Justo<\/strong><br \/>\nSegundo o Globo &#8211; DN, \u00c2ngela Merkel, na Confedera\u00e7\u00e3o das Associa\u00e7\u00f5es Patronais Alem\u00e3s (BDA), fez a observa\u00e7\u00e3o que Portugal e Espanha produzem demasiados licenciados universit\u00e1rios, insistindo na necessidade de se promover o ensino vocacional (profissional). A ind\u00fastria e a economia de uma na\u00e7\u00e3o constroem-se com forma\u00e7\u00e3o profissional e com experi\u00eancia laboral.<\/p>\n<p style=\"text-align: justify;\">Em termos de estat\u00edstica a Doutora Merkel meteu o p\u00e9 na argola, porque, segundo o gabinete europeu de estat\u00edsticas, em 2013, 25,3% da popula\u00e7\u00e3o da Uni\u00e3o Europeia entre os 15 e os 64 anos tinha completado estudos superiores: Irlanda com 36,3%, Reino Unido 35,7%, Alemanha 25,1%, Portugal 17,6%, It\u00e1lia 14,4% e, no fim da lista, a Rom\u00e9nia com 13,9%.<\/p>\n<p style=\"text-align: justify;\">O facto de a Alemanha ter um sistema econ\u00f3mico muito forte, devido, em grande parte, \u00e0 forma\u00e7\u00e3o profissional dual da Alemanha, no \u00e2mbito do ensino m\u00e9dio e superior, e \u00e0 sua pol\u00edtica econ\u00f3mica e financeira, s\u00f3 se justificaria a sua afirma\u00e7\u00e3o na medida em que \u00e9 necess\u00e1rio ligar o estudo \u00e0 pr\u00e1tica (ensino te\u00f3rico e pr\u00e1tico) para se criarem profissionais do trabalho com esp\u00edrito empreendedor.<\/p>\n<p style=\"text-align: justify;\">As preocupa\u00e7\u00f5es de Merkel t\u00eam mais em vista a defesa dos interesses da economia alem\u00e3 do que a dos pa\u00edses latinos da EU. Ao contr\u00e1rio de Helmut Kohl &#8211; o europeu \u2013 a chanceler fomenta uma pol\u00edtica nacional ego\u00edsta, tal como a da nova gera\u00e7\u00e3o de pol\u00edticos das grandes pot\u00eancias europeias, apenas interessadas na defensa dos interesses nacionais.<\/p>\n<p style=\"text-align: justify;\">Merkel, tem a experi\u00eancia da economia da antiga DDR (Alemanha socialista de leste) e da BRD. Depois da uni\u00e3o a Alemanha continua a transferir bili\u00f5es de euros por ano para a sua parte de Leste e esta encontra-se ainda atrasada depois de 25 anos de grandes transfer\u00eancias.<\/p>\n<p style=\"text-align: center;\"><strong><span style=\"color: #ff6600;\">A moeda \u00fanica &#8211; Euro &#8211; torna a EU a respons\u00e1vel pelo descalabro <\/span><\/strong><br \/>\n<strong><span style=\"color: #ff6600;\">dos pa\u00edses perif\u00e9ricos<\/span><\/strong><\/p>\n<p style=\"text-align: justify;\">A sua pol\u00edtica de poupan\u00e7a para a EU, neste contexto, destr\u00f3i as economias mais fracas. N\u00e3o pode haver crescimento sem investimento! <strong>S\u00e3o c\u00ednicas as exig\u00eancias colocadas aos pa\u00edses do sul sem programas apoiantes da conjuntura.<\/strong> Estes n\u00e3o t\u00eam hip\u00f3tese nem perspectiva (A Gr\u00e9cia nunca pagar\u00e1 a d\u00edvida; Portugal tamb\u00e9m perder\u00e1 o que l\u00e1 tem); destroem as novas gera\u00e7\u00f5es e arru\u00ednam o futuro das economias fracas <strong>(\u00c9 um crime o que se est\u00e1 a passar com o desemprego da camada jovem da sociedade europeia \u2013 os Estados salvaram os Bancos e n\u00e3o disponibilizam moedas para a cria\u00e7\u00e3o de empregos \u2013 o exemplo da reac\u00e7\u00e3o do governo da Isl\u00e2ndia em rela\u00e7\u00e3o aos Bancos foi calado nos Media de toda a Europa)<\/strong>. As economias fortes extorquem os especialistas das economias fracas e destroem as ind\u00fastrias locais, obrigando as firmas e o pessoal qualificado a emigrar. Os pa\u00edses pequenos n\u00e3o t\u00eam investidores nem empresas com capacidade de competir e de resistir com os grandes. Apesar de tudo, os estados t\u00eam de fomentar o investimento assumindo a fian\u00e7a de pequenos e m\u00e9dios investidores. Com a uni\u00e3o do Euro, a Uni\u00e3o Europeia tornou-se pol\u00edtica e economicamente respons\u00e1vel pelo descalabro das economias perif\u00e9ricas; insiste por\u00e9m em fugir \u00e0 responsabilidade. Ningu\u00e9m tem a coragem de erguer a voz, porque os que o poderiam fazer ganham com a situa\u00e7\u00e3o.<\/p>\n<p style=\"text-align: justify;\">O estado da EU \u00e9 doentio e enganador porque a doen\u00e7a \u00e9 cr\u00f3nica e n\u00e3o passageira, como se pretende dar a entender: o Euro, que deveria fomentar uma identidade europeia comum, revela-se como o problema fundamental, atendendo \u00e0s diferentes tradi\u00e7\u00f5es de economias nacionais cuja estabilidade era garantida pela valoriza\u00e7\u00e3o e desvaloriza\u00e7\u00e3o das diferentes moedas e que agora s\u00e3o\u00a0inevitavelmente, determinadas pelas multinacionais que vivem do Euro. O equil\u00edbrio e a capacidade de maneio entre as diferentes economias foram aniquilados com a moeda \u00fanica. Com o Euro, um pa\u00eds n\u00e3o pode valorizar ou desvalorizar a sua moeda na concorr\u00eancia internacional tendo de se manter no euro sem possibilidade de compensa\u00e7\u00e3o. Quem paga a factura s\u00e3o os pa\u00edses carentes e as pessoas m\u00e9dias privadas endinheiradas dos pa\u00edses fortes.<\/p>\n<p style=\"text-align: justify;\">O problema de diferentes economias ainda hoje se sente entre as diferentes regi\u00f5es fortes e fracas da Alemanha, apesar da sua uni\u00e3o se ter dado j\u00e1 h\u00e1 25 anos e o Leste receber anualmente bilh\u00f5es de euros da solidariedade.<\/p>\n<p style=\"text-align: justify;\">Os padr\u00f5es econ\u00f3micos que valem para a Alemanha n\u00e3o valem para um pa\u00eds da periferia. As economias dos pa\u00edses t\u00eam diferentes velocidades. Um sistema econ\u00f3mico latino n\u00e3o tem a mesma velocidade do sistema de um pa\u00eds n\u00f3rdico, pelo que o latino nunca chegar\u00e1 a ter o mesmo n\u00edvel de produ\u00e7\u00e3o.<\/p>\n<p style=\"text-align: justify;\">O valor de uma moeda depende do n\u00edvel de produ\u00e7\u00e3o de uma na\u00e7\u00e3o. Por isso h\u00e1 economistas que defendem a ideia de se manter o Euro apenas como moeda de refer\u00eancia central, tal como outrora acontecia com o ECU e que cada economia volte \u00e0 sua velha moeda.<\/p>\n<p style=\"text-align: justify;\">A pol\u00edtica seguida pelo Estado alem\u00e3o, em rela\u00e7\u00e3o \u00e0 Alemanha de leste, deveria ser aplicada tamb\u00e9m na rela\u00e7\u00e3o dos pa\u00edses europeus fortes com os pa\u00edses fracos. Na Alemanha cobra-se um imposto de solidariedade de 5% sobre os impostos a todo o trabalhador; este \u00e9 depois transferido para a antiga Alemanha socialista; al\u00e9m disso as regi\u00f5es fortes transferem bilh\u00f5es de euros para as regi\u00f5es fracas da Alemanha para assim se ir criando um equil\u00edbrio. O que se revela bom para a Alemanha seria bom para a EU.<\/p>\n<p style=\"text-align: justify;\">Vai sendo tempo de Merkel e outros deixarem de admoestar os pa\u00edses de economias fracas; quando o fazem \u00e9 para desviarem as aten\u00e7\u00f5es dos verdadeiros problemas que eles mesmos criaram.<br \/>\n<strong>Ant\u00f3nio da Cunha Duarte Justo<\/strong><br \/>\nwww.antonio-justo.eu<\/p>\n","protected":false},"excerpt":{"rendered":"<p>\u201cPortugal e Espanha criam demasiados licenciados\u201d Ant\u00f3nio Justo Segundo o Globo &#8211; DN, \u00c2ngela Merkel, na Confedera\u00e7\u00e3o das Associa\u00e7\u00f5es Patronais Alem\u00e3s (BDA), fez a observa\u00e7\u00e3o que Portugal e Espanha produzem demasiados licenciados universit\u00e1rios, insistindo na necessidade de se promover o ensino vocacional (profissional). A ind\u00fastria e a economia de uma na\u00e7\u00e3o constroem-se com forma\u00e7\u00e3o profissional &hellip; <a href=\"https:\/\/antonio-justo.eu\/?p=2912\" class=\"more-link\">Continuar a ler <span class=\"screen-reader-text\">A Chanceler alem\u00e3 desvia a Bola para Canto ao falar da EU e de Portugal<\/span><\/a><\/p>\n","protected":false},"author":1,"featured_media":0,"comment_status":"open","ping_status":"open","sticky":false,"template":"","format":"standard","meta":{"sfsi_plus_gutenberg_text_before_share":"","sfsi_plus_gutenberg_show_text_before_share":"","sfsi_plus_gutenberg_icon_type":"","sfsi_plus_gutenberg_icon_alignemt":"","sfsi_plus_gutenburg_max_per_row":"","footnotes":""},"categories":[14,7],"tags":[],"class_list":["post-2912","post","type-post","status-publish","format-standard","hentry","category-economia","category-politica"],"_links":{"self":[{"href":"https:\/\/antonio-justo.eu\/index.php?rest_route=\/wp\/v2\/posts\/2912","targetHints":{"allow":["GET"]}}],"collection":[{"href":"https:\/\/antonio-justo.eu\/index.php?rest_route=\/wp\/v2\/posts"}],"about":[{"href":"https:\/\/antonio-justo.eu\/index.php?rest_route=\/wp\/v2\/types\/post"}],"author":[{"embeddable":true,"href":"https:\/\/antonio-justo.eu\/index.php?rest_route=\/wp\/v2\/users\/1"}],"replies":[{"embeddable":true,"href":"https:\/\/antonio-justo.eu\/index.php?rest_route=%2Fwp%2Fv2%2Fcomments&post=2912"}],"version-history":[{"count":6,"href":"https:\/\/antonio-justo.eu\/index.php?rest_route=\/wp\/v2\/posts\/2912\/revisions"}],"predecessor-version":[{"id":2920,"href":"https:\/\/antonio-justo.eu\/index.php?rest_route=\/wp\/v2\/posts\/2912\/revisions\/2920"}],"wp:attachment":[{"href":"https:\/\/antonio-justo.eu\/index.php?rest_route=%2Fwp%2Fv2%2Fmedia&parent=2912"}],"wp:term":[{"taxonomy":"category","embeddable":true,"href":"https:\/\/antonio-justo.eu\/index.php?rest_route=%2Fwp%2Fv2%2Fcategories&post=2912"},{"taxonomy":"post_tag","embeddable":true,"href":"https:\/\/antonio-justo.eu\/index.php?rest_route=%2Fwp%2Fv2%2Ftags&post=2912"}],"curies":[{"name":"wp","href":"https:\/\/api.w.org\/{rel}","templated":true}]}}