{"id":2906,"date":"2014-11-09T18:23:38","date_gmt":"2014-11-09T17:23:38","guid":{"rendered":"https:\/\/antonio-justo.eu\/?p=2906"},"modified":"2014-11-09T18:49:55","modified_gmt":"2014-11-09T17:49:55","slug":"ha-25-anos-a-divisao-do-mundo-e-da-europa-passava-pelo-meio-da-alemanha","status":"publish","type":"post","link":"https:\/\/antonio-justo.eu\/?p=2906","title":{"rendered":"A Divis\u00e3o da Europa e do Mundo passava, h\u00e1 25 anos, pelo Meio da Alemanha"},"content":{"rendered":"<p style=\"text-align: center;\"><strong>A Queda do Muro de Berlim \u2013 o Fim de um Susto<\/strong><\/p>\n<p style=\"text-align: justify;\"><strong>Ant\u00f3nio Justo<\/strong><br \/>\nO dia 9 de Novembro, \u00e9 aquele dia em que se celebra o 25\u00b0 anivers\u00e1rio da queda do Muro de Berlim, o dia em que a liberdade arrebentou com as portas e desceu \u00e0 rua.<\/p>\n<p style=\"text-align: justify;\">At\u00e9 \u00e0quela data j\u00e1 tinha fugido do \u00e9den socialista, cerca de 5 milh\u00f5es de \u201cossis\u201d (alem\u00e3es de leste). O Politburo constatava que, por dia, fugiam de Berlim Leste de 300 a 500 pessoas e toda a Alemanha de Leste se encontrava em efervesc\u00eancia tal como acontecia j\u00e1 noutros pa\u00edses do bloco sovi\u00e9tico; por isso decidiu simplificar a sa\u00edda e a entrada no pa\u00eds.<\/p>\n<p style=\"text-align: justify;\">A not\u00edcia prematura da administra\u00e7\u00e3o (Politburo) de que no dia seguinte haveria liberdade de circula\u00e7\u00e3o levou o povo a acorrer em massa, j\u00e1 no dia 9, \u00e0s fronteiras.<\/p>\n<p style=\"text-align: justify;\">Ateado o fogo da coragem \u00e0 multid\u00e3o, esta deixou a alegria saltar em cima do muro e destruir, por algum tempo, a &#8220;cortina de ferro&#8221; entre capitalismo e socialismo. Apenas a porta de Brandeburgo se manteve algum tempo encerrada, devido ao titubear das inst\u00e2ncias socialistas, que por fim deixaram vingar a raz\u00e3o, n\u00e3o intervindo naquele acto da for\u00e7a popular. Os sodados controladores do muro abandonaram os seus postos, ao ver tal formigueiro de pessoas e trabis (auto t\u00edpico da Alemanha de Leste) a querer passar para o lado ocidental do muro. Deste modo, os alem\u00e3es tiveram a sorte de fazerem uma revolu\u00e7\u00e3o sem tiros nem mortes. <strong>Posteriormente o funcion\u00e1rio superior do Politburo (Schabowski) que, por descuido, deu in\u00edcio \u00e0 enxurrada da liberdade, declarou-se envergonhado do sistema socialista confessando: \u201cfizemos quase tudo mal\u201d naquele \u201csistema incapaz de vida\u201d.<\/strong><\/p>\n<p style=\"text-align: justify;\">Era o in\u00edcio do fim da ditadura socialista da Alemanha de Leste. A vontade de liberdade n\u00e3o se deixou dominar por mais tempo; o estado injusto com espionagem em todos os sectores laborais e sociais, com o terror policial, a pervers\u00e3o da justi\u00e7a e a idiotice econ\u00f3mica aproximava-se do fim.<\/p>\n<p style=\"text-align: justify;\">Aquela monstruosidade do muro erguida nos olhos do mundo desde 1961 ca\u00eda agora devido \u00e0 for\u00e7a da enxurrada da liberdade represada durante 28 anos. Come\u00e7ava para os cidad\u00e3os do socialismo real uma nova vida pondo-se a corar ao sol da liberdade a mancha da vergonha. Inicia-se aqui uma nova p\u00e1gina da Hist\u00f3ria para a Alemanha e para a Europa. Acaba-se com um mundo bipolar e com a guerra fria, conseguindo-se a reunifica\u00e7\u00e3o da Alemanha a 3 de outubro de 1990.<\/p>\n<p style=\"text-align: justify;\">Os cidad\u00e3os ao saltarem o muro do medo conseguem fazer milagres aplainando os muros para a felicidade poder deslizar.<\/p>\n<p style=\"text-align: justify;\">Tive a dita de festejar juntamente com os alem\u00e3es o dia da liberta\u00e7\u00e3o. Um misto de alegria, agradecimento e humildade se juntavam nos ares. Neste momento n\u00e3o t\u00ednhamos nacionalidade, cor nem ra\u00e7a, \u00e9ramos universais. Neste dia as pessoas mesmo desconhecidas aplaudiam e choravam, abra\u00e7ando-se na rua. Como \u00e9 belo e consolador quando o sol deixa de ser arrebanhado por m\u00e3os escuras e pode descer \u00e0 rua. <strong>Se a massa do povo soubesse a for\u00e7a que tem, n\u00e3o haveria pol\u00edtico algum que lhe resistisse e continuasse a servir-se e a servir interesses an\u00f3nimos e escuros, \u00e0 sua custa.<\/strong><\/p>\n<p style=\"text-align: justify;\"><strong>O nove de novembro \u00e9 uma data marcada pelo destino alem\u00e3o.<\/strong> Em 1918 deu-se a abdica\u00e7\u00e3o do imperador e proclama\u00e7\u00e3o da Rep\u00fablica; a 9.11 de 1923 falha miseravelmente o golpe de Hitler contra a Democracia; a 9.11 de 1938 deu-se a miser\u00e1vel \u201cNoite dos Cristais\u201d, o pogrom contra os judeus em que os nazistas incendeiam sinagogas e se deu a pilhagem das lojas judaicas &#8211; com este dia inicia-se a persegui\u00e7\u00e3o sistem\u00e1tica dos judeus; finalmente, a 9.11 de 1989 d\u00e1-se o passo para a uni\u00e3o e liberdade depois da abertura incontrolada do muro.<\/p>\n<p style=\"text-align: justify;\">O sacrif\u00edcio que se paga pela liberdade deve ser proporcional \u00e0 vit\u00f3ria e \u00e0 perda! A liberdade e a justi\u00e7a justificam o m\u00e1ximo de esfor\u00e7o e sacrif\u00edcio.<br \/>\n<strong>Ant\u00f3nio da Cunha Duarte Justo<\/strong><br \/>\nJornalista<br \/>\nwww.antonio-justo.eu<\/p>\n","protected":false},"excerpt":{"rendered":"<p>A Queda do Muro de Berlim \u2013 o Fim de um Susto Ant\u00f3nio Justo O dia 9 de Novembro, \u00e9 aquele dia em que se celebra o 25\u00b0 anivers\u00e1rio da queda do Muro de Berlim, o dia em que a liberdade arrebentou com as portas e desceu \u00e0 rua. At\u00e9 \u00e0quela data j\u00e1 tinha fugido &hellip; <a href=\"https:\/\/antonio-justo.eu\/?p=2906\" class=\"more-link\">Continuar a ler <span class=\"screen-reader-text\">A Divis\u00e3o da Europa e do Mundo passava, h\u00e1 25 anos, pelo Meio da Alemanha<\/span><\/a><\/p>\n","protected":false},"author":1,"featured_media":0,"comment_status":"open","ping_status":"open","sticky":false,"template":"","format":"standard","meta":{"sfsi_plus_gutenberg_text_before_share":"","sfsi_plus_gutenberg_show_text_before_share":"","sfsi_plus_gutenberg_icon_type":"","sfsi_plus_gutenberg_icon_alignemt":"","sfsi_plus_gutenburg_max_per_row":"","footnotes":""},"categories":[14,7],"tags":[],"class_list":["post-2906","post","type-post","status-publish","format-standard","hentry","category-economia","category-politica"],"_links":{"self":[{"href":"https:\/\/antonio-justo.eu\/index.php?rest_route=\/wp\/v2\/posts\/2906","targetHints":{"allow":["GET"]}}],"collection":[{"href":"https:\/\/antonio-justo.eu\/index.php?rest_route=\/wp\/v2\/posts"}],"about":[{"href":"https:\/\/antonio-justo.eu\/index.php?rest_route=\/wp\/v2\/types\/post"}],"author":[{"embeddable":true,"href":"https:\/\/antonio-justo.eu\/index.php?rest_route=\/wp\/v2\/users\/1"}],"replies":[{"embeddable":true,"href":"https:\/\/antonio-justo.eu\/index.php?rest_route=%2Fwp%2Fv2%2Fcomments&post=2906"}],"version-history":[{"count":4,"href":"https:\/\/antonio-justo.eu\/index.php?rest_route=\/wp\/v2\/posts\/2906\/revisions"}],"predecessor-version":[{"id":2910,"href":"https:\/\/antonio-justo.eu\/index.php?rest_route=\/wp\/v2\/posts\/2906\/revisions\/2910"}],"wp:attachment":[{"href":"https:\/\/antonio-justo.eu\/index.php?rest_route=%2Fwp%2Fv2%2Fmedia&parent=2906"}],"wp:term":[{"taxonomy":"category","embeddable":true,"href":"https:\/\/antonio-justo.eu\/index.php?rest_route=%2Fwp%2Fv2%2Fcategories&post=2906"},{"taxonomy":"post_tag","embeddable":true,"href":"https:\/\/antonio-justo.eu\/index.php?rest_route=%2Fwp%2Fv2%2Ftags&post=2906"}],"curies":[{"name":"wp","href":"https:\/\/api.w.org\/{rel}","templated":true}]}}