{"id":2852,"date":"2014-09-05T19:00:14","date_gmt":"2014-09-05T18:00:14","guid":{"rendered":"https:\/\/antonio-justo.eu\/?p=2852"},"modified":"2014-09-05T21:20:00","modified_gmt":"2014-09-05T20:20:00","slug":"o-ensino-privado-na-alemanha","status":"publish","type":"post","link":"https:\/\/antonio-justo.eu\/?p=2852","title":{"rendered":"O ENSINO PRIVADO NA ALEMANHA"},"content":{"rendered":"<p style=\"text-align: center;\"><strong>A Procura do ensino privado ou particular aumenta<\/strong><\/p>\n<p style=\"text-align: justify;\"><strong>Por Ant\u00f3nio Justo<\/strong><br \/>\nSegundo dados do Instituto Federal de Estat\u00edstica na Alemanha, o Estado gastou em m\u00e9dia, por aluno da escola p\u00fablica 5800\u20ac em 2010. A despesa escolar por aluno diferencia-se segundo o tipo de escola. Assim os custos por aluno nas escolas prim\u00e1rias totalizaram 5200 euros, nos liceus e escolas abrangentes 6600 Euros, nas escolas profissionais do sistema dual 2500 euros por aluno (neste sistema o aluno passa metade do tempo na escola e a outra metade no local profissional de aprendizagem, isto \u00e9, na empresa).<\/p>\n<p style=\"text-align: justify;\">Na Alemanha h\u00e1 5.600 escolas privadas. As escolas particulares, reconhecidas pelo Estado, recebem subven\u00e7\u00f5es financeiras num montante de 84% (dos custos do ensino estatal); destes 78 % s\u00e3o suportados pelos estados federados, 4% pelos munic\u00edpios e 2% pelo governo federal (refer\u00eancia de 2009).<\/p>\n<p style=\"text-align: justify;\">As escolas privadas ficam mais baratas que as estatais; assim em 2011 o Estado poupou, atrav\u00e9s das escolas particulares, cerca de 1,2 bilh\u00f5es de euros (cf. http:\/\/de.wikipedia.org\/wiki\/Privatschule) .<\/p>\n<p style=\"text-align: justify;\">O ensino particular ou privado destaca-se, segundo estudos PISA, em maior qualidade e efici\u00eancia. Naturalmente que tamb\u00e9m h\u00e1 uma certa diferen\u00e7a entre muitos alunos frequentadores das escolas privadas e das p\u00fablicas, o que relativizar\u00e1 um pouco os termos de compara\u00e7\u00e3o a n\u00edvel de efici\u00eancia de notas.<\/p>\n<p style=\"text-align: justify;\"><strong>Ensino privado na minha cidade<\/strong><\/p>\n<p style=\"text-align: justify;\">A cidade Kassel, onde de momento me encontro, tem 200.000 habitantes e destes 32.600 s\u00e3o alunos de escolas estatais e privadas. 2.600 frequentam o ensino privado. Nos \u00faltimos anos o ensino privado tende a aumentar. As escolas de maior refer\u00eancia s\u00e3o a Cat\u00f3lica e a Waldorf. A escola cat\u00f3lica teve de recusar aceitar mais alunos por falta de espa\u00e7o. Este ano, a Escola Waldorf aumentou a sua capacidade de 780 para 800 alunos. As taxas escolares levantadas pelas escolas privadas orientam-se pelo porta-moedas das fam\u00edlias. A contribui\u00e7\u00e3o base \u00e9 90\u20ac mensais (Na Alemanha o ensino \u00e9 da compet\u00eancia dos estados federais pelo que h\u00e1 diferen\u00e7as entre eles). No Estado da Baixa Sax\u00f3nia, a taxa escolar n\u00e3o pode ultrapassar os 300\u20ac mensais. Naturalmente que h\u00e1 diferentes tipos de escolas privadas ou particulares com diferentes servi\u00e7os.<\/p>\n<p style=\"text-align: justify;\">A maior parte dos pais paga mensalmente em Kassel, na Escola Waldorf, 200 euros por filho. Uma fam\u00edlia, com um vencimento il\u00edquido mensal de 4500\u20ac, paga, nesta escola, por 4 filhos, 764\u20ac mensalmente (Cf. HNA, 5.9.2014). As 10 escolas privadas existentes em Kassel s\u00e3o financiadas pelo Estado e pela taxa escolar que cada escola privada levanta. Das 10 escolas 4 s\u00e3o Escolas de fomento especial; estas s\u00e3o financiadas integralmente pelo Estado n\u00e3o podendo elas levantar taxas pr\u00f3prias. Os pais v\u00eaem contemplado nas Finan\u00e7as, no acerto dos impostos do final de ano, os gastos tidos com a educa\u00e7\u00e3o.<\/p>\n<p style=\"text-align: justify;\"><strong>A Procura do ensino privado ou particular aumenta<\/strong><\/p>\n<p style=\"text-align: justify;\">O aumento de procura das escolas privadas deve-se \u00e0 crescente insatisfa\u00e7\u00e3o dos pais em rela\u00e7\u00e3o \u00e0s escolas estatais, ao aumento de exig\u00eancias das fam\u00edlias em rela\u00e7\u00e3o \u00e0 escola, ao ensino bilingue nalgumas delas, ao fomento individual do aluno, etc.; a escola particular tem de se preocupar com a satisfa\u00e7\u00e3o dos clientes (alunos e pais) de que est\u00e3o tamb\u00e9m dependentes, as escolas colocam os professores, o que permite escolha mais acurada, menos horas de falhas, maior estabilidade e menos inger\u00eancia educativa do Estado no foro privado da pessoa (educa\u00e7\u00e3o sexual), etc.<\/p>\n<p style=\"text-align: justify;\">Oferta e procura regulam o mercado para satisfa\u00e7\u00e3o de uns e de outros. Uma vez que o sector p\u00fablico financia justamente o ensino privado, este n\u00e3o se torna tanto apan\u00e1gio dos ricos. Por isso n\u00e3o se torna acuta uma discuss\u00e3o polarizante entre o sector estatal e o privado. Ou uma discuss\u00e3o de trincheiras ideol\u00f3gicas como se observa nalguns pa\u00edses entre os defensores das raz\u00f5es do estado e os protagonistas das raz\u00f5es do cidad\u00e3o particular. A miss\u00e3o dos Governos e dos partidos \u00e9 servir bem as crian\u00e7as e n\u00e3o as ideologias. Trata-se de uma pol\u00edtica de complementaridade respeitadora da diversidade, de todos para todos. A Alemanha fez a experi\u00eancia do fascismo alimentado no ensino da escola p\u00fablica e por isso reconhece tamb\u00e9m os problemas que este pode gerar.<\/p>\n<p style=\"text-align: justify;\">No Estado do Hesse 7% dos alunos frequentam escolas privadas. Segundo as estat\u00edsticas dos pa\u00edses da OCDE, 14% dos alunos dos pa\u00edses membros frequentavam em m\u00e9dia, uma escola privada. Na Alemanha 8%, na Holanda 67% , na Irlanda 58% , na Espanha 35% e na Dinamarca 24% dos alunos.<br \/>\nAnt\u00f3nio da Cunha Duarte Justo<br \/>\nwww.antonio-justo.eu<\/p>\n","protected":false},"excerpt":{"rendered":"<p>A Procura do ensino privado ou particular aumenta Por Ant\u00f3nio Justo Segundo dados do Instituto Federal de Estat\u00edstica na Alemanha, o Estado gastou em m\u00e9dia, por aluno da escola p\u00fablica 5800\u20ac em 2010. A despesa escolar por aluno diferencia-se segundo o tipo de escola. Assim os custos por aluno nas escolas prim\u00e1rias totalizaram 5200 euros, &hellip; <a href=\"https:\/\/antonio-justo.eu\/?p=2852\" class=\"more-link\">Continuar a ler <span class=\"screen-reader-text\">O ENSINO PRIVADO NA ALEMANHA<\/span><\/a><\/p>\n","protected":false},"author":1,"featured_media":0,"comment_status":"open","ping_status":"open","sticky":false,"template":"","format":"standard","meta":{"sfsi_plus_gutenberg_text_before_share":"","sfsi_plus_gutenberg_show_text_before_share":"","sfsi_plus_gutenberg_icon_type":"","sfsi_plus_gutenberg_icon_alignemt":"","sfsi_plus_gutenburg_max_per_row":"","footnotes":""},"categories":[4,5],"tags":[],"class_list":["post-2852","post","type-post","status-publish","format-standard","hentry","category-educacao","category-escola"],"_links":{"self":[{"href":"https:\/\/antonio-justo.eu\/index.php?rest_route=\/wp\/v2\/posts\/2852","targetHints":{"allow":["GET"]}}],"collection":[{"href":"https:\/\/antonio-justo.eu\/index.php?rest_route=\/wp\/v2\/posts"}],"about":[{"href":"https:\/\/antonio-justo.eu\/index.php?rest_route=\/wp\/v2\/types\/post"}],"author":[{"embeddable":true,"href":"https:\/\/antonio-justo.eu\/index.php?rest_route=\/wp\/v2\/users\/1"}],"replies":[{"embeddable":true,"href":"https:\/\/antonio-justo.eu\/index.php?rest_route=%2Fwp%2Fv2%2Fcomments&post=2852"}],"version-history":[{"count":7,"href":"https:\/\/antonio-justo.eu\/index.php?rest_route=\/wp\/v2\/posts\/2852\/revisions"}],"predecessor-version":[{"id":2859,"href":"https:\/\/antonio-justo.eu\/index.php?rest_route=\/wp\/v2\/posts\/2852\/revisions\/2859"}],"wp:attachment":[{"href":"https:\/\/antonio-justo.eu\/index.php?rest_route=%2Fwp%2Fv2%2Fmedia&parent=2852"}],"wp:term":[{"taxonomy":"category","embeddable":true,"href":"https:\/\/antonio-justo.eu\/index.php?rest_route=%2Fwp%2Fv2%2Fcategories&post=2852"},{"taxonomy":"post_tag","embeddable":true,"href":"https:\/\/antonio-justo.eu\/index.php?rest_route=%2Fwp%2Fv2%2Ftags&post=2852"}],"curies":[{"name":"wp","href":"https:\/\/api.w.org\/{rel}","templated":true}]}}