{"id":2822,"date":"2014-07-01T11:15:29","date_gmt":"2014-07-01T10:15:29","guid":{"rendered":"https:\/\/antonio-justo.eu\/?p=2822"},"modified":"2014-07-01T11:16:59","modified_gmt":"2014-07-01T10:16:59","slug":"portugueses-nos-campos-de-concentracao-nazis","status":"publish","type":"post","link":"https:\/\/antonio-justo.eu\/?p=2822","title":{"rendered":"Portugueses nos campos de concentra\u00e7\u00e3o Nazis"},"content":{"rendered":"<p style=\"text-align: justify;\">Os arquivos nazistas de Bad Arolsen, registam tamb\u00e9m a presen\u00e7a de portugueses em campos de concentra\u00e7\u00e3o na Alemanha, segundo uma investiga\u00e7\u00e3o do P\u00fablico.<\/p>\n<p style=\"text-align: justify;\">Junto coloco dois links onde se poder\u00e1 informar sobre o assunto. Alegra-me poder faz\u00ea-lo pois, h\u00e1 j\u00e1 muitos anos, tinha escrito um artigo em que recomendava a consulta do arquivo (ITS, Arolsen) para pessoas interessadas em saber do paradeiro de v\u00edtimas dos nazis.<\/p>\n<p style=\"text-align: justify;\">Aqui dois links sobre portugueses nos campos de concentra\u00e7\u00e3o:<br \/>\nhttp:\/\/www.publico.pt\/portugal\/noticia\/a-historia-nunca-contada-dos-portugueses-nos-campos-de-concentracao-1659681<br \/>\nhttp:\/\/www.publico.pt\/portugal\/noticia\/eram-seis-menos-dez-quando-o-relogio-de-paulo-parou-em-neuengamme-1660566<\/p>\n<p style=\"text-align: justify;\">Ant\u00f3nio da Cunha Duarte Justo<\/p>\n","protected":false},"excerpt":{"rendered":"<p>Os arquivos nazistas de Bad Arolsen, registam tamb\u00e9m a presen\u00e7a de portugueses em campos de concentra\u00e7\u00e3o na Alemanha, segundo uma investiga\u00e7\u00e3o do P\u00fablico. Junto coloco dois links onde se poder\u00e1 informar sobre o assunto. Alegra-me poder faz\u00ea-lo pois, h\u00e1 j\u00e1 muitos anos, tinha escrito um artigo em que recomendava a consulta do arquivo (ITS, Arolsen) &hellip; <a href=\"https:\/\/antonio-justo.eu\/?p=2822\" class=\"more-link\">Continuar a ler <span class=\"screen-reader-text\">Portugueses nos campos de concentra\u00e7\u00e3o Nazis<\/span><\/a><\/p>\n","protected":false},"author":1,"featured_media":0,"comment_status":"open","ping_status":"open","sticky":false,"template":"","format":"standard","meta":{"sfsi_plus_gutenberg_text_before_share":"","sfsi_plus_gutenberg_show_text_before_share":"","sfsi_plus_gutenberg_icon_type":"","sfsi_plus_gutenberg_icon_alignemt":"","sfsi_plus_gutenburg_max_per_row":"","footnotes":""},"categories":[7],"tags":[],"class_list":["post-2822","post","type-post","status-publish","format-standard","hentry","category-politica"],"_links":{"self":[{"href":"https:\/\/antonio-justo.eu\/index.php?rest_route=\/wp\/v2\/posts\/2822","targetHints":{"allow":["GET"]}}],"collection":[{"href":"https:\/\/antonio-justo.eu\/index.php?rest_route=\/wp\/v2\/posts"}],"about":[{"href":"https:\/\/antonio-justo.eu\/index.php?rest_route=\/wp\/v2\/types\/post"}],"author":[{"embeddable":true,"href":"https:\/\/antonio-justo.eu\/index.php?rest_route=\/wp\/v2\/users\/1"}],"replies":[{"embeddable":true,"href":"https:\/\/antonio-justo.eu\/index.php?rest_route=%2Fwp%2Fv2%2Fcomments&post=2822"}],"version-history":[{"count":3,"href":"https:\/\/antonio-justo.eu\/index.php?rest_route=\/wp\/v2\/posts\/2822\/revisions"}],"predecessor-version":[{"id":2825,"href":"https:\/\/antonio-justo.eu\/index.php?rest_route=\/wp\/v2\/posts\/2822\/revisions\/2825"}],"wp:attachment":[{"href":"https:\/\/antonio-justo.eu\/index.php?rest_route=%2Fwp%2Fv2%2Fmedia&parent=2822"}],"wp:term":[{"taxonomy":"category","embeddable":true,"href":"https:\/\/antonio-justo.eu\/index.php?rest_route=%2Fwp%2Fv2%2Fcategories&post=2822"},{"taxonomy":"post_tag","embeddable":true,"href":"https:\/\/antonio-justo.eu\/index.php?rest_route=%2Fwp%2Fv2%2Ftags&post=2822"}],"curies":[{"name":"wp","href":"https:\/\/api.w.org\/{rel}","templated":true}]}}