{"id":2814,"date":"2014-06-29T17:34:28","date_gmt":"2014-06-29T16:34:28","guid":{"rendered":"https:\/\/antonio-justo.eu\/?p=2814"},"modified":"2014-06-29T17:34:28","modified_gmt":"2014-06-29T16:34:28","slug":"portugueses-nos-campos-de-concentracao","status":"publish","type":"post","link":"https:\/\/antonio-justo.eu\/?p=2814","title":{"rendered":"Portugueses nos campos de concentra\u00e7\u00e3o"},"content":{"rendered":"<p>Os arquivos nazistas de Bad Arolsen, registam tamb\u00e9m a presen\u00e7a de portugueses em campos de concentra\u00e7\u00e3o na Alemanha, segundo uma investiga\u00e7\u00e3o do P\u00fablico.<br \/>\nJunto coloco dois links onde se poder\u00e1 informar sobre o assunto. Alegra-me poder faz\u00ea-lo pois, h\u00e1 j\u00e1 muitos anos, tinha escrito um artigo em que recomendava a consulta do arquivo (ITS, Arolsen) para pessoas interessadas em saber do paradeiro de v\u00edtimas dos nazis.<br \/>\nAqui dois links sobre portugueses nos campos de concentra\u00e7\u00e3o:<br \/>\nhttp:\/\/www.publico.pt\/portugal\/noticia\/a-historia-nunca-contada-dos-portugueses-nos-campos-de-concentracao-1659681<br \/>\nhttp:\/\/www.publico.pt\/portugal\/noticia\/eram-seis-menos-dez-quando-o-relogio-de-paulo-parou-em-neuengamme-1660566<\/p>\n<p>Ant\u00f3nio Justo<br \/>\nwww.antonio-justo.eu<\/p>\n","protected":false},"excerpt":{"rendered":"<p>Os arquivos nazistas de Bad Arolsen, registam tamb\u00e9m a presen\u00e7a de portugueses em campos de concentra\u00e7\u00e3o na Alemanha, segundo uma investiga\u00e7\u00e3o do P\u00fablico. Junto coloco dois links onde se poder\u00e1 informar sobre o assunto. Alegra-me poder faz\u00ea-lo pois, h\u00e1 j\u00e1 muitos anos, tinha escrito um artigo em que recomendava a consulta do arquivo (ITS, Arolsen) &hellip; <a href=\"https:\/\/antonio-justo.eu\/?p=2814\" class=\"more-link\">Continuar a ler <span class=\"screen-reader-text\">Portugueses nos campos de concentra\u00e7\u00e3o<\/span><\/a><\/p>\n","protected":false},"author":1,"featured_media":0,"comment_status":"open","ping_status":"open","sticky":false,"template":"","format":"standard","meta":{"sfsi_plus_gutenberg_text_before_share":"","sfsi_plus_gutenberg_show_text_before_share":"","sfsi_plus_gutenberg_icon_type":"","sfsi_plus_gutenberg_icon_alignemt":"","sfsi_plus_gutenburg_max_per_row":"","footnotes":""},"categories":[7],"tags":[],"class_list":["post-2814","post","type-post","status-publish","format-standard","hentry","category-politica"],"_links":{"self":[{"href":"https:\/\/antonio-justo.eu\/index.php?rest_route=\/wp\/v2\/posts\/2814","targetHints":{"allow":["GET"]}}],"collection":[{"href":"https:\/\/antonio-justo.eu\/index.php?rest_route=\/wp\/v2\/posts"}],"about":[{"href":"https:\/\/antonio-justo.eu\/index.php?rest_route=\/wp\/v2\/types\/post"}],"author":[{"embeddable":true,"href":"https:\/\/antonio-justo.eu\/index.php?rest_route=\/wp\/v2\/users\/1"}],"replies":[{"embeddable":true,"href":"https:\/\/antonio-justo.eu\/index.php?rest_route=%2Fwp%2Fv2%2Fcomments&post=2814"}],"version-history":[{"count":1,"href":"https:\/\/antonio-justo.eu\/index.php?rest_route=\/wp\/v2\/posts\/2814\/revisions"}],"predecessor-version":[{"id":2815,"href":"https:\/\/antonio-justo.eu\/index.php?rest_route=\/wp\/v2\/posts\/2814\/revisions\/2815"}],"wp:attachment":[{"href":"https:\/\/antonio-justo.eu\/index.php?rest_route=%2Fwp%2Fv2%2Fmedia&parent=2814"}],"wp:term":[{"taxonomy":"category","embeddable":true,"href":"https:\/\/antonio-justo.eu\/index.php?rest_route=%2Fwp%2Fv2%2Fcategories&post=2814"},{"taxonomy":"post_tag","embeddable":true,"href":"https:\/\/antonio-justo.eu\/index.php?rest_route=%2Fwp%2Fv2%2Ftags&post=2814"}],"curies":[{"name":"wp","href":"https:\/\/api.w.org\/{rel}","templated":true}]}}