{"id":2811,"date":"2014-06-23T17:26:23","date_gmt":"2014-06-23T16:26:23","guid":{"rendered":"https:\/\/antonio-justo.eu\/?p=2811"},"modified":"2014-06-23T17:26:23","modified_gmt":"2014-06-23T16:26:23","slug":"papa-excomunga-a-mafia","status":"publish","type":"post","link":"https:\/\/antonio-justo.eu\/?p=2811","title":{"rendered":"PAPA EXCOMUNGA A MAFIA"},"content":{"rendered":"<p style=\"text-align: justify;\">\n<strong>Ant\u00f3nio Justo<\/strong><br \/>\nO Papa Francisco, n\u00e3o tem medo de miss\u00f5es desagrad\u00e1veis. A sua viagem, \u00e0 regi\u00e3o de Cal\u00e1bria, basti\u00e3o da criminalidade organizada da It\u00e1lia, demonstra coragem. No sul da It\u00e1lia encontram-se radicadas as grandes organiza\u00e7\u00f5es da Mafia: Cosa Nostra, Camorra e Ndrangheta.<\/p>\n<p style=\"text-align: justify;\">\nO papa visitou a pris\u00e3o de Castrovillari onde se encontram os familiares de uma crian\u00e7a de tr\u00eas anos (Coc\u00f3), que nascida na pris\u00e3o, tinha sido assassinada em Janeiro com o av\u00f4 e sua parceira em acto de vingan\u00e7a entre grupos mafiosos. Em Mar\u00e7o, o Papa j\u00e1 tinha recebido em audi\u00eancia, 900 familiares de v\u00edtimas da Mafia.<\/p>\n<p style=\"text-align: justify;\">\nNa boca do lobo, o pont\u00edfice Francisco confronta os grupos mafiosos e as estruturas sociais que os apoiam dizendo: <strong>\u201eAqueles que escolhem o falso caminho, como os mafiosos, n\u00e3o se encontram em comunh\u00e3o com Deus. S\u00e3o excomungados.\u201c Como \u201cseguidores do mal\u201d n\u00e3o podem pertencer \u00e0 Igreja Cat\u00f3lica.<\/strong><\/p>\n<p style=\"text-align: justify;\">\nNa missa perante mais de 100.000 fi\u00e9is, o Papa referiu-se directamente \u00e0 Ndrangheta, uma das organiza\u00e7\u00f5es da mafia com 7.000 membros que inclui cerca de 90 cl\u00e3s ou quadrilhas organizadas familiarmente.<\/p>\n<p style=\"text-align: justify;\">\nO Santo Padre adverte:<strong> \u201cQuando a admira\u00e7\u00e3o por Deus \u00e9 substitu\u00edda pela admira\u00e7\u00e3o do dinheiro, ent\u00e3o abre-se a estrada do pecado, do pr\u00f3prio interesse e da repress\u00e3o\u201d. \u201cA Ndrangheta \u00e9 exactamente isso \u2013 a admira\u00e7\u00e3o do mal, o desprezo do bem-comum. Contra este mal tem de se combater.\u201d<\/strong><\/p>\n<p style=\"text-align: justify;\">\nA Ndrangheta tem um volume de neg\u00f3cios anual avaliado em \u20ac 53 bilh\u00f5es ou seja, 2,7 % do PIB italiano), proveniente, sobretudo, do neg\u00f3cio com drogas (80% da coca\u00edna da Europa passa pelo porto calabr\u00eas de Gioia) e armas, descarte de res\u00edduos ilegais, prostitui\u00e7\u00e3o, tr\u00e1fico de seres humanos, lavagem de dinheiros e extors\u00f5es. A organiza\u00e7\u00e3o mafiosa Ndrangheta est\u00e1 activa n\u00e3o s\u00f3 na It\u00e1lia mas tamb\u00e9m no norte da Europa, na am\u00e9rica latina, nos USA, etc.<br \/>\n<strong>Ant\u00f3nio da Cunha Duarte Justo<\/strong><br \/>\nwww.antonio-justo.eu<\/p>\n","protected":false},"excerpt":{"rendered":"<p>Ant\u00f3nio Justo O Papa Francisco, n\u00e3o tem medo de miss\u00f5es desagrad\u00e1veis. A sua viagem, \u00e0 regi\u00e3o de Cal\u00e1bria, basti\u00e3o da criminalidade organizada da It\u00e1lia, demonstra coragem. No sul da It\u00e1lia encontram-se radicadas as grandes organiza\u00e7\u00f5es da Mafia: Cosa Nostra, Camorra e Ndrangheta. O papa visitou a pris\u00e3o de Castrovillari onde se encontram os familiares de &hellip; <a href=\"https:\/\/antonio-justo.eu\/?p=2811\" class=\"more-link\">Continuar a ler <span class=\"screen-reader-text\">PAPA EXCOMUNGA A MAFIA<\/span><\/a><\/p>\n","protected":false},"author":1,"featured_media":0,"comment_status":"open","ping_status":"open","sticky":false,"template":"","format":"standard","meta":{"sfsi_plus_gutenberg_text_before_share":"","sfsi_plus_gutenberg_show_text_before_share":"","sfsi_plus_gutenberg_icon_type":"","sfsi_plus_gutenberg_icon_alignemt":"","sfsi_plus_gutenburg_max_per_row":"","footnotes":""},"categories":[4,7,8],"tags":[],"class_list":["post-2811","post","type-post","status-publish","format-standard","hentry","category-educacao","category-politica","category-religiao"],"_links":{"self":[{"href":"https:\/\/antonio-justo.eu\/index.php?rest_route=\/wp\/v2\/posts\/2811","targetHints":{"allow":["GET"]}}],"collection":[{"href":"https:\/\/antonio-justo.eu\/index.php?rest_route=\/wp\/v2\/posts"}],"about":[{"href":"https:\/\/antonio-justo.eu\/index.php?rest_route=\/wp\/v2\/types\/post"}],"author":[{"embeddable":true,"href":"https:\/\/antonio-justo.eu\/index.php?rest_route=\/wp\/v2\/users\/1"}],"replies":[{"embeddable":true,"href":"https:\/\/antonio-justo.eu\/index.php?rest_route=%2Fwp%2Fv2%2Fcomments&post=2811"}],"version-history":[{"count":1,"href":"https:\/\/antonio-justo.eu\/index.php?rest_route=\/wp\/v2\/posts\/2811\/revisions"}],"predecessor-version":[{"id":2812,"href":"https:\/\/antonio-justo.eu\/index.php?rest_route=\/wp\/v2\/posts\/2811\/revisions\/2812"}],"wp:attachment":[{"href":"https:\/\/antonio-justo.eu\/index.php?rest_route=%2Fwp%2Fv2%2Fmedia&parent=2811"}],"wp:term":[{"taxonomy":"category","embeddable":true,"href":"https:\/\/antonio-justo.eu\/index.php?rest_route=%2Fwp%2Fv2%2Fcategories&post=2811"},{"taxonomy":"post_tag","embeddable":true,"href":"https:\/\/antonio-justo.eu\/index.php?rest_route=%2Fwp%2Fv2%2Ftags&post=2811"}],"curies":[{"name":"wp","href":"https:\/\/api.w.org\/{rel}","templated":true}]}}