{"id":2791,"date":"2014-05-23T18:41:36","date_gmt":"2014-05-23T17:41:36","guid":{"rendered":"https:\/\/antonio-justo.eu\/?p=2791"},"modified":"2014-05-23T18:42:24","modified_gmt":"2014-05-23T17:42:24","slug":"russia-e-china-o-eixo-da-politica-do-sec-xxi","status":"publish","type":"post","link":"https:\/\/antonio-justo.eu\/?p=2791","title":{"rendered":"R\u00fassia e China &#8211; O Eixo da Pol\u00edtica do S\u00e9c. XXI?"},"content":{"rendered":"<p style=\"text-align: center;\"><strong>UCR\u00c2NIA ENTRE IMPERIALISMO RUSSO E OCIDENTAL<\/strong><\/p>\n<p style=\"text-align: justify;\"><strong>Ant\u00f3nio Justo<\/strong><br \/>\n<strong>A Ucr\u00e2nia, tal comos a regi\u00e3o das Balc\u00e3s, na primeira grande guerra mundial, d\u00e1 ocasi\u00e3o ao surgir de uma nova configura\u00e7\u00e3o pol\u00edtica das pot\u00eancias determinadoras do futuro no s\u00e9c. XXI.<\/strong><\/p>\n<p style=\"text-align: justify;\">A R\u00fassia, ao ser contrariada pelos interesses da EU\/NATO na Ucr\u00e2nia, demostra ostensivamente a sua reivindica\u00e7\u00e3o ao direito de ser reconhecida como pot\u00eancia mundial; para tal vira-se para a China e para a Am\u00e9rica Latina em oposi\u00e7\u00e3o \u00e0 pol\u00edtica dos pa\u00edses da NATO. Utiliza uma estrat\u00e9gia pr\u00f3pria na combina\u00e7\u00e3o oportuna de \u201c vendas de armas, instala\u00e7\u00f5es militares e grandes projetos econ\u00f4micos, de infra-estrutura e de energia\u201d. <strong>A nova estrat\u00e9gia de parceria com a China pode mudar o eixo axial da pol\u00edtica no s\u00e9c. XXI.<\/strong> O neg\u00f3cio entre a R\u00fassia e a China da constru\u00e7\u00e3o da conduta para fornecimento de g\u00e1s \u00e0 China e a constru\u00e7\u00e3o de um canal transoce\u00e2nico da Nicar\u00e1gua como alternativa ao canal do Panam\u00e1, s\u00e3o passos que indicam determina\u00e7\u00e3o no sentido de as duas pot\u00eancias se unirem num projecto comum.<\/p>\n<p style=\"text-align: justify;\">Ao avan\u00e7o da presen\u00e7a do Ocidente ao longo das fronteiras da R\u00fassia e na Ucr\u00e2nia, a R\u00fassia contrap\u00f5e a sua presen\u00e7a, como pot\u00eancia mundial, na Am\u00e9rica Latina.<br \/>\nA presen\u00e7a pol\u00edtica arrasta consigo o neg\u00f3cio. Ent\u00e3o, pa\u00edses como a Alemanha aceitar\u00e3o o desenrolar natural dos acontecimentos e orientar-se-\u00e3o pelo brilho do neg\u00f3cio. Esta ofensiva econ\u00f3mico-estrat\u00e9gica revela-se t\u00e3o desesperada que pode determinar a divis\u00e3o da Ucr\u00e2nia.<\/p>\n<p style=\"text-align: justify;\">Piora o clima entre as pot\u00eancias mundiais logo surgem centros cicl\u00f3nicos devastadores das mais belas paisagens e dos mais belos bi\u00f3topos culturais. Por tr\u00e1s das ventanias que arrasam florestas e destroem a bonomia do clima entre amigos e familiares, encontram-se interesses pol\u00edticos, econ\u00f3micos e estrat\u00e9gicos. Quem aspira a mais organiza-se em grupos de interesse porque sabe que no governo ou na oposi\u00e7\u00e3o sempre se recebe mais do que no seio do povo.<\/p>\n<p style=\"text-align: justify;\">Os grupos da Ucr\u00e2nia, agora divididos e guiados pelas for\u00e7as de ventos invis\u00edveis, a modo das \u00e1rvores no vendaval, batem-se uns contra os outros \u00e0 merc\u00ea dos centros cicl\u00f3nicos do poder. Os que se querem orientar pela Europa e os que preferem seguir a R\u00fassia. Em nome da soberania popular d\u00e1-se a redistribui\u00e7\u00e3o de poderes e influ\u00eancias.<\/p>\n<p style=\"text-align: justify;\"><strong>A Ucr\u00e2nia, o maior pa\u00eds da Europa, tem 44,6 milh\u00f5es de habitantes sendo 77,8% de etnia ucraniana e 17%, de russos e romenos est\u00e1 em perigo de ser dividida. O povo ucraniano j\u00e1 foi v\u00edtima do genoc\u00eddio provocado por Estaline que vitimou milh\u00f5es de ucranianos e da ocupa\u00e7\u00e3o nazi que matou muitos milh\u00f5es de pessoas, sofre as consequ\u00eancias de se encontrar como fronteira de dois imperialismos: o russo e o ocidental.<\/strong><\/p>\n<p style=\"text-align: justify;\">Quem pensa em termos humanos e de povo \u00e9 contra a intromiss\u00e3o estrangeira; quem pensa em termos estrat\u00e9gicos e de poder compreende a luta das pot\u00eancias: uns a favor dos russos, outros a favor do ocidente.<\/p>\n<p style=\"text-align: justify;\">Um pa\u00eds sobrano deveria ter a possibilidade \u00e0 autodetermina\u00e7\u00e3o.<\/p>\n<p style=\"text-align: justify;\">Uma Alemanha interessada em acordos de com\u00e9rcio com o leste, uma EU interessada num acordo de associa\u00e7\u00e3o, e uma federa\u00e7\u00e3o russa amedrontada, n\u00e3o s\u00e3o ind\u00edcios de bons resultados para a Ucr\u00e2nia; a R\u00fassia sente-se amea\u00e7ada economicamente pela EU, militarmente pela Nato e socialmente pelos valores ocidentais de liberdade e democracia. A UE defende os seus interesses econ\u00f3micos e estrat\u00e9gicos na Ucr\u00e2nia argumentado hipocritamente de pretender a salvaguarda dos direitos humanos e de um Estado de Direito. Infelizmente n\u00e3o usou da diplomacia para saber antepor-se aos combates armados entre a popula\u00e7\u00e3o ucraniana nem teve em conta uma R\u00fassia traumatizada pela queda da Uni\u00e3o Sovi\u00e9tica. A R\u00fassia tem os mesmos interesses na Crimeia e nas zonas orientais da Ucr\u00e2nia como os ingleses no Gibraltar e nas ilhas Malvinas\u2026<\/p>\n<p style=\"text-align: justify;\">Uma Ucr\u00e2nia endividada at\u00e9 \u00e0 garganta com a d\u00edvida do g\u00e1s e quase na bancarrota. Deve \u00e0 R\u00fassia 2,6 mil milh\u00f5es de Euros pelo que Putin tenciona, a partir de Junho, s\u00f3 fornecer g\u00e1s \u00e0 Ucr\u00e2nia a pronto pagamento. At\u00e9 \u00e0 ocupa\u00e7\u00e3o da Crimeia vendia o g\u00e1s \u00e0 Ucr\u00e2nia 30% mais barato, devido \u00e0 Ucr\u00e2nia permitir l\u00e1 a base russa.<\/p>\n<p style=\"text-align: justify;\"><strong>A Ucr\u00e2nia, depois das elei\u00e7\u00f5es de 25 de Maio, ir\u00e1 ter de compreender amargamente a frase de Bismark: \u201cEstados n\u00e3o t\u00eam amigos, apenas t\u00eam interesses\u201d.<\/strong><\/p>\n<p style=\"text-align: justify;\">As miss\u00f5es de observa\u00e7\u00e3o eleitoral da OSZE julgar\u00e3o sobre o decorrer das elei\u00e7\u00f5es. Depois delas surgir\u00e1 a discuss\u00e3o sobre quem as reconhece e quem n\u00e3o. As elei\u00e7\u00f5es n\u00e3o conseguir\u00e3o o problema da Ucr\u00e2nia que nela resume o conflito entre a R\u00fassia e o Ocidente e entre popula\u00e7\u00e3o pro-R\u00fassia e pr\u00f3-EU.<\/p>\n<p style=\"text-align: justify;\">A R\u00fassia \u00e9 o maior pa\u00eds do mundo mas nas suas infraestruturas, \u00e9 de facto, em grande parte, um pa\u00eds de terceiro mundo.<\/p>\n<p style=\"text-align: justify;\"><strong>O futuro ir\u00e1 aproximar ainda mais a R\u00fassia e a China at\u00e9 por raz\u00f5es de afinidade na defesa da integridade territorial e devido \u00e0 sua extens\u00e3o e aos povos separatistas.<\/strong><\/p>\n<p style=\"text-align: justify;\">No s\u00e9c. XIX combatiam-se os estados, no s\u00e9c. XX as ideologias e no s\u00e9culo XXI combater-se-\u00e3o as culturas. Com a queda da Uni\u00e3o Sovi\u00e9tica (1998) acaba-se o mundo bipolar para se iniciar a multipolaridade. Das guerras passar-se-\u00e1 \u00e0s guerrilhas; na forma\u00e7\u00e3o de novas constela\u00e7\u00f5es, a guerrilha mu\u00e7ulmana tem-se mostrado a \u00fanica arma estrat\u00e9gica eficiente contra a prepot\u00eancia da guerra econ\u00f3mica. Livre-nos Deus desta perspectiva real para o futuro.<br \/>\n<strong>Ant\u00f3nio da Cunha Duarte Justo<\/strong><br \/>\nwww.antonio-justo.eu<br \/>\nantoniocunhajusto@gmail.com<\/p>\n","protected":false},"excerpt":{"rendered":"<p>UCR\u00c2NIA ENTRE IMPERIALISMO RUSSO E OCIDENTAL Ant\u00f3nio Justo A Ucr\u00e2nia, tal comos a regi\u00e3o das Balc\u00e3s, na primeira grande guerra mundial, d\u00e1 ocasi\u00e3o ao surgir de uma nova configura\u00e7\u00e3o pol\u00edtica das pot\u00eancias determinadoras do futuro no s\u00e9c. XXI. A R\u00fassia, ao ser contrariada pelos interesses da EU\/NATO na Ucr\u00e2nia, demostra ostensivamente a sua reivindica\u00e7\u00e3o ao &hellip; <a href=\"https:\/\/antonio-justo.eu\/?p=2791\" class=\"more-link\">Continuar a ler <span class=\"screen-reader-text\">R\u00fassia e China &#8211; O Eixo da Pol\u00edtica do S\u00e9c. XXI?<\/span><\/a><\/p>\n","protected":false},"author":1,"featured_media":0,"comment_status":"open","ping_status":"open","sticky":false,"template":"","format":"standard","meta":{"sfsi_plus_gutenberg_text_before_share":"","sfsi_plus_gutenberg_show_text_before_share":"","sfsi_plus_gutenberg_icon_type":"","sfsi_plus_gutenberg_icon_alignemt":"","sfsi_plus_gutenburg_max_per_row":"","footnotes":""},"categories":[14,7],"tags":[],"class_list":["post-2791","post","type-post","status-publish","format-standard","hentry","category-economia","category-politica"],"_links":{"self":[{"href":"https:\/\/antonio-justo.eu\/index.php?rest_route=\/wp\/v2\/posts\/2791","targetHints":{"allow":["GET"]}}],"collection":[{"href":"https:\/\/antonio-justo.eu\/index.php?rest_route=\/wp\/v2\/posts"}],"about":[{"href":"https:\/\/antonio-justo.eu\/index.php?rest_route=\/wp\/v2\/types\/post"}],"author":[{"embeddable":true,"href":"https:\/\/antonio-justo.eu\/index.php?rest_route=\/wp\/v2\/users\/1"}],"replies":[{"embeddable":true,"href":"https:\/\/antonio-justo.eu\/index.php?rest_route=%2Fwp%2Fv2%2Fcomments&post=2791"}],"version-history":[{"count":3,"href":"https:\/\/antonio-justo.eu\/index.php?rest_route=\/wp\/v2\/posts\/2791\/revisions"}],"predecessor-version":[{"id":2794,"href":"https:\/\/antonio-justo.eu\/index.php?rest_route=\/wp\/v2\/posts\/2791\/revisions\/2794"}],"wp:attachment":[{"href":"https:\/\/antonio-justo.eu\/index.php?rest_route=%2Fwp%2Fv2%2Fmedia&parent=2791"}],"wp:term":[{"taxonomy":"category","embeddable":true,"href":"https:\/\/antonio-justo.eu\/index.php?rest_route=%2Fwp%2Fv2%2Fcategories&post=2791"},{"taxonomy":"post_tag","embeddable":true,"href":"https:\/\/antonio-justo.eu\/index.php?rest_route=%2Fwp%2Fv2%2Ftags&post=2791"}],"curies":[{"name":"wp","href":"https:\/\/api.w.org\/{rel}","templated":true}]}}