{"id":2775,"date":"2014-05-14T00:10:30","date_gmt":"2014-05-13T23:10:30","guid":{"rendered":"https:\/\/antonio-justo.eu\/?p=2775"},"modified":"2014-05-14T10:31:07","modified_gmt":"2014-05-14T09:31:07","slug":"eleicoes-para-o-parlamento-europeu-a-25-de-maio","status":"publish","type":"post","link":"https:\/\/antonio-justo.eu\/?p=2775","title":{"rendered":"ELEI\u00c7\u00d5ES PARA O PARLAMENTO EUROPEU A 25 DE MAIO"},"content":{"rendered":"<p style=\"text-align: center;\"><strong>A Caminho de um Estado supranacional para Superpot\u00eancia como os USA<\/strong><br \/>\n<strong>UE o Modelo de Neg\u00f3cio grandioso para os Partidos pol\u00edticos<\/strong><\/p>\n<p style=\"text-align: justify;\"><strong>Ant\u00f3nio Justo<\/strong><br \/>\nEstas s\u00e3o as elei\u00e7\u00f5es mais importantes para o Parlamento Europeu (PE) dado este ter conseguido mais autoridade apesar do centro do poder continuar nos chefes de governos nacionais. Desta vez, s\u00e3o os cidad\u00e3os votantes, e n\u00e3o os chefes dos governos, que elegem o presidente da Comiss\u00e3o Europeia. Com o Tratado de Lisboa (2009) o PE passou a ter o poder de aprovar ou desaprovar a escolha do Conselho para o Presidente da Comiss\u00e3o. Consequentemente, o sucessor do portugu\u00eas Jos\u00e9 Manuel Barroso ser\u00e1 muito provavelmente o alem\u00e3o Martin Schulz.<br \/>\nDe facto, Schulz ou Juncker , na qualidade de cabe\u00e7as de lista das frac\u00e7\u00f5es mais fortes, t\u00eam o direito de reivindicar o cargo de Presidente da Comiss\u00e3o.<\/p>\n<p style=\"text-align: justify;\"><strong>A escolha cair\u00e1, como tudo indica, sobre o alem\u00e3o, actual Presidente do Parlamento Europeu, Martin Schulz (SPD) que lidera os partidos de centro-esquerda da Europa ou sobre o luxemburgu\u00eas Jean-Claude Juncker (Partido Popular Crist\u00e3os Sociais) que lidera os partidos de centro-direita.<\/strong><\/p>\n<p style=\"text-align: justify;\">Schulz v\u00ea, como priorit\u00e1ria, uma pol\u00edtica que crie lugares de trabalho; defende uma pol\u00edtica que deixe mais \u00e2mbito de aplica\u00e7\u00e3o a n\u00edvel nacional, regional e local mas, por outro lado, quer criar um sistema de governo europeu mais centralizado com uma pol\u00edtica fiscal comum; quer limitar o poder dos bancos e quer tamb\u00e9m que os empres\u00e1rios paguem os impostos nos pa\u00edses onde ganham o dinheiro e n\u00e3o nos para\u00edsos fiscais; quer uma Comiss\u00e3o que tenha, pelo menos, metade mulheres.<\/p>\n<p style=\"text-align: justify;\">Jean-Claude Juncker representa mais uma pol\u00edtica da continuidade que quer construir pontes entre os pa\u00edses europeus querendo mov\u00ea-los para posi\u00e7\u00f5es comuns apesar das diferen\u00e7as; quer uma tributa\u00e7\u00e3o harmonizada das empresas na EU e tamb\u00e9m \u00e9 contra a pr\u00e1tica das grandes empresas saltarem de um sistema de impostos para o outro. Os dois rejeitam, nos pr\u00f3ximos 5 anos, a integra\u00e7\u00e3o de novos Estados-Membros na UE.<\/p>\n<p style=\"text-align: justify;\">Atendendo ao qu\u00f3rum nacional votante, (apesar dos cabe\u00e7a de lista representarem diferentes orienta\u00e7\u00f5es pol\u00edticas) os eleitores alem\u00e3es decidir-se-\u00e3o mais por Schulz, o que implica uma desvantagem para o candidato Jean-Claude Juncker, que vem de um pa\u00eds pequeno. Al\u00e9m disso quem tem a melhor ret\u00f3rica \u00e9 o candidato alem\u00e3o. Segundo uma recente pesquisa, Schulz receberia na Alemanha 41% dos votos e Juncker 24%.<\/p>\n<p style=\"text-align: justify;\">Os franceses n\u00e3o estar\u00e3o muito motivados a votar. Hollande n\u00e3o querer sequer ser relacionado com Schulz.<\/p>\n<p style=\"text-align: justify;\">Apesar de uma certa mobiliza\u00e7\u00e3o obtida pelos dois candidatos, o eleitorado europeu n\u00e3o se sentir\u00e1 muito motivado a ir votar, dado o Parlamento Europeu n\u00e3o ter ainda poderes para eleger o executivo; mas o que mais preocupa o cidad\u00e3o europeu \u00e9 a dist\u00e2ncia da oligarquia pol\u00edtica e administrativa europeia perante o cidad\u00e3o: a UE tem-se revelado numa vaca leiteira de caracter mastod\u00f4ntico e numa loja de auto-servi\u00e7o para os partidos.<\/p>\n<p style=\"text-align: center;\"><strong>Desmotiva\u00e7\u00e3o: Burocracia, Dirigismo e Esbanjamento<\/strong><\/p>\n<p style=\"text-align: justify;\">O que mais preocupa os europeus \u00e9 o centralismo a n\u00edvel de leis (a ponto de promover uma pol\u00edtica cultural niveladora e desrespeitadora de tradi\u00e7\u00f5es locais e nacionais), a exagerada burocracia e os gastos escandalosos com ela.<\/p>\n<p style=\"text-align: justify;\">A <strong>Comiss\u00e3o Europeia<\/strong>, em Bruxelas, \u00e9 a fun\u00e7\u00e3o p\u00fablica da EU, que, com 28 comiss\u00e1rios (um de cada Estado-Membro), actua como governo da Europa, presidido pelo Presidente da Comiss\u00e3o. O<strong> Conselho da Europa<\/strong>, constitu\u00eddo pelos 28 chefes de governo dos Estados membros, \u00e9 a institui\u00e7\u00e3o mais poderosa da UE; ela aprova a legisla\u00e7\u00e3o proposta pela Comiss\u00e3o Europeia e prop\u00f5e o Presidente da Comiss\u00e3o.<\/p>\n<p style=\"text-align: justify;\">O <strong>Parlamento Europeu<\/strong> tem 766 deputados provenientes dos 28 Estados-Membros que representam os 500 milh\u00f5es de cidad\u00e3os da UE. O PE tem o poder de iniciativas legislativas e de legisla\u00e7\u00e3o em bloco.<\/p>\n<p style=\"text-align: justify;\">O PE tem duas sedes: para as sess\u00f5es plen\u00e1rias re\u00fane-se em Estrasburgo (Fran\u00e7a) e em Bruxelas (B\u00e9lgica); as reuni\u00f5es das comiss\u00f5es parlamentares t\u00eam lugar em Bruxelas. Os servi\u00e7os administrativos do Parlamento est\u00e3o instalados no Luxemburgo.<\/p>\n<p style=\"text-align: justify;\"><strong>O PE gasta 200 milh\u00f5es de euros por ano s\u00f3 com as suas reuni\u00f5es na sede de Estrasburgo, onde se re\u00fane \u00e0s segundas e ter\u00e7as-feiras. Tem duas sedes para simbolizar a uni\u00e3o pac\u00edfica europeia (e ao mesmo tempo testemunhar as rivalidades de interesses entre as pot\u00eancias europeias).<\/strong><\/p>\n<p style=\"text-align: justify;\"><strong>Os Eurodeputados recebem, al\u00e9m do ordenado mensal de 7.956 \u20ac, 304 \u20ac de ajuda de custas por dia, estejam eles em Bruxelas ou em Estrasburgo.<\/strong><\/p>\n<p style=\"text-align: justify;\"><strong>Segundo o The Wall Street Journal, em Bruxelas, cerca de 3.000 funcion\u00e1rios da UE excedem o ordenado do primeiro ministro brit\u00e2nico David Cameron com \u00a3 178.000 (220.000 \u20ac por ano). A EU tornou-se num modelo de neg\u00f3cio de financiamento dos partidos sem paralelo na Hist\u00f3ria.<\/strong><br \/>\n\u201cAs institui\u00e7\u00f5es da UE funcionam essencialmente como uma multinacional m\u00e3e, na sec\u00e7\u00e3o, &#8220;Pol\u00edtica e L\u00f3bis&#8221;: os cidad\u00e3os (trabalhadores) nas suas filiais (estados) t\u00eam que trabalhar cada vez mais para garantir que as diferentes hierarquias de gest\u00e3o (organismos da UE ) tenham gest\u00f5es principescas\u201d \u201cHoje, cada deputado pode, fazendo uso de todos os subs\u00eddios, abonos e potes de despesas, chegar a ganhar cerca de 214.000 \u20ac por ano, ou seja 17.800 \u20ac por m\u00eas. Ou, como o jornal Krone de Viena escrevia a 5 de abril de 2013: &#8220;108 anos a trabalhar normalmente ou 5 anos no Parlamento Europeu.&#8221;(in deutsche-wirtschaftsnachrichten de 24\/01\/22).<\/p>\n<p style=\"text-align: justify;\">Uma das grandes raz\u00f5es porque os pol\u00edticos defendem a UE deve-se ao facto de ela constituir o Eldorado para os seus partidos.<\/p>\n<p style=\"text-align: justify;\">Como os nobres na Idade M\u00e9dia, vivem de privil\u00e9gios. A culpa n\u00e3o \u00e9 da EU mas dos partidos que em nome da democracia e da rep\u00fablica depuseram a Monarquia e se reservam privil\u00e9gios superiores aos da monarquia. A Associa\u00e7\u00e3o alem\u00e3 dos Contribuintes diz que &#8220;Os cidad\u00e3os europeus sentem que em Bruxelas opera uma casta sem vergonha e sem controlo.&#8221; Por estas e por outras, pa\u00edses como a Su\u00ed\u00e7a negam-se a entrar na EU. Bruxelas e Estrasburgo t\u00eam 14.644 Funcion\u00e1rios e 8.367 Assistentes.<\/p>\n<p style=\"text-align: justify;\">Quando a raz\u00e3o do povo critica a irracionalidade de interesses que se sobrep\u00f5em ao PE e fala de esbanjamento ou de favorecimento dos grandes, estes argumentam que isso \u00e9 populismo ou inveja. Facto \u00e9 que todo o sistema favorece os grandes, em especial os pa\u00edses grandes e os privilegiados dos diversos pa\u00edses.<br \/>\n<strong>Ant\u00f3nio da Cunha Duarte Justo<\/strong><br \/>\nwww.antonio-justo.eu<\/p>\n<p>&nbsp;<\/p>\n","protected":false},"excerpt":{"rendered":"<p>A Caminho de um Estado supranacional para Superpot\u00eancia como os USA UE o Modelo de Neg\u00f3cio grandioso para os Partidos pol\u00edticos Ant\u00f3nio Justo Estas s\u00e3o as elei\u00e7\u00f5es mais importantes para o Parlamento Europeu (PE) dado este ter conseguido mais autoridade apesar do centro do poder continuar nos chefes de governos nacionais. Desta vez, s\u00e3o os &hellip; <a href=\"https:\/\/antonio-justo.eu\/?p=2775\" class=\"more-link\">Continuar a ler <span class=\"screen-reader-text\">ELEI\u00c7\u00d5ES PARA O PARLAMENTO EUROPEU A 25 DE MAIO<\/span><\/a><\/p>\n","protected":false},"author":1,"featured_media":0,"comment_status":"open","ping_status":"open","sticky":false,"template":"","format":"standard","meta":{"sfsi_plus_gutenberg_text_before_share":"","sfsi_plus_gutenberg_show_text_before_share":"","sfsi_plus_gutenberg_icon_type":"","sfsi_plus_gutenberg_icon_alignemt":"","sfsi_plus_gutenburg_max_per_row":"","footnotes":""},"categories":[14,7],"tags":[],"class_list":["post-2775","post","type-post","status-publish","format-standard","hentry","category-economia","category-politica"],"_links":{"self":[{"href":"https:\/\/antonio-justo.eu\/index.php?rest_route=\/wp\/v2\/posts\/2775","targetHints":{"allow":["GET"]}}],"collection":[{"href":"https:\/\/antonio-justo.eu\/index.php?rest_route=\/wp\/v2\/posts"}],"about":[{"href":"https:\/\/antonio-justo.eu\/index.php?rest_route=\/wp\/v2\/types\/post"}],"author":[{"embeddable":true,"href":"https:\/\/antonio-justo.eu\/index.php?rest_route=\/wp\/v2\/users\/1"}],"replies":[{"embeddable":true,"href":"https:\/\/antonio-justo.eu\/index.php?rest_route=%2Fwp%2Fv2%2Fcomments&post=2775"}],"version-history":[{"count":5,"href":"https:\/\/antonio-justo.eu\/index.php?rest_route=\/wp\/v2\/posts\/2775\/revisions"}],"predecessor-version":[{"id":2780,"href":"https:\/\/antonio-justo.eu\/index.php?rest_route=\/wp\/v2\/posts\/2775\/revisions\/2780"}],"wp:attachment":[{"href":"https:\/\/antonio-justo.eu\/index.php?rest_route=%2Fwp%2Fv2%2Fmedia&parent=2775"}],"wp:term":[{"taxonomy":"category","embeddable":true,"href":"https:\/\/antonio-justo.eu\/index.php?rest_route=%2Fwp%2Fv2%2Fcategories&post=2775"},{"taxonomy":"post_tag","embeddable":true,"href":"https:\/\/antonio-justo.eu\/index.php?rest_route=%2Fwp%2Fv2%2Ftags&post=2775"}],"curies":[{"name":"wp","href":"https:\/\/api.w.org\/{rel}","templated":true}]}}