{"id":2770,"date":"2014-05-10T15:14:19","date_gmt":"2014-05-10T14:14:19","guid":{"rendered":"https:\/\/antonio-justo.eu\/?p=2770"},"modified":"2014-05-10T15:34:40","modified_gmt":"2014-05-10T14:34:40","slug":"portugal-sai-do-programa-de-resgate-financeiro-da-troika","status":"publish","type":"post","link":"https:\/\/antonio-justo.eu\/?p=2770","title":{"rendered":"Portugal sai do Programa de Resgate financeiro da Troika"},"content":{"rendered":"<p style=\"text-align: center;\"><strong>T\u00edtulos de Portugal com Classifica\u00e7\u00e3o de Cr\u00e9dito \u201cest\u00e1vel\u201d<\/strong><\/p>\n<p style=\"text-align: left;\">Com o aval da troika, o destino de Portugal volta \u00e0s m\u00e3os dos portugueses. \u00c9 um momento de satisfa\u00e7\u00e3o para o Estado e para os parceiros internacionais. Confirma-se assim o in\u00edcio da estabilidade que leva ao abandono da recess\u00e3o e, consequentemente, \u00e0 credibilidade internacional. Deu-se um grande passo no sentido da liberdade e da responsabilidade.<\/p>\n<p style=\"text-align: left;\">Os investidores mostram-se dispostos a investir em t\u00edtulos do estado. Depois da Irlanda e da Espanha, Portugal \u00e9 o terceiro pa\u00eds a sair do programa de resgate. Agora, como os outros estados, s\u00f3 fica sujeito \u00e0 supervis\u00e3o or\u00e7amental atrav\u00e9s da Comiss\u00e3o europeia. As reformas e o bom comportamento dos portugueses, nestes tempos de cortes justos e injustos, deram confian\u00e7a aos investidores. A Europa beneficia tamb\u00e9m da instabilidade na R\u00fassia e na Am\u00e9rica latina. H\u00e1 muito dinheiro nos bolsos dos investidores internacionais \u00e0 espera de oportunidade para serem aplicados, at\u00e9 porque os juros do capital confiado aos bancos s\u00e3o insignificantes.<\/p>\n<p style=\"text-align: left;\">A altura n\u00e3o \u00e9 talvez a melhor; a Comiss\u00e3o europeia s\u00f3 prev\u00ea uma m\u00e9dia de 1,2 % de crescimento econ\u00f3mico, para os 18 pa\u00edses da zona euro.<\/p>\n<p style=\"text-align: left;\">A sa\u00fade econ\u00f3mica de um Estado mede-se com base nos dados do crescimento econ\u00f3mico, mercado de trabalho, d\u00edvida p\u00fablica e infla\u00e7\u00e3o.<\/p>\n<p style=\"text-align: left;\">A B\u00e9lgica, Irlanda, Gr\u00e9cia, Espanha, It\u00e1lia, Chipre e Portugal t\u00eam d\u00edvidas superiores a 100% da sua produ\u00e7\u00e3o econ\u00f3mica anual.<\/p>\n<p style=\"text-align: left;\">Segundo a EU, para 2015, est\u00e1 prevista uma descida da actual d\u00edvida p\u00fablica para 73,6% da produtividade econ\u00f3mica na Alemanha; para 120,4% na Irlanda, para 124,8% em Portugal, para 133,9% na It\u00e1lia, para 172,4%, na Gr\u00e9cia.<\/p>\n<p style=\"text-align: left;\">O Estado ganhou a credibilidade internacional, falta agora ganhar o cr\u00e9dito do povo. Resta aos partidos e \u00e0 popula\u00e7\u00e3o compreender que contribui\u00e7\u00f5es e impostos t\u00eam de ser produzidos, antes de serem distribu\u00eddos e uma economia s\u00e3 s\u00f3 recorre a empr\u00e9stimos para investimentos produtivos.<\/p>\n<p style=\"text-align: left;\">Ontem, a Ag\u00eancia de Classifica\u00e7\u00e3o Standard &amp; Poor\u2019s considerou o rating de cr\u00e9dito do pa\u00eds como \u201cest\u00e1vel\u201d, numa pr\u00f3xima decis\u00e3o, o que significa um indicador aos investidores estrangeiros de poderem come\u00e7ar a apostar em Portugal, porque o pa\u00eds n\u00e3o ser\u00e1 descido na gradua\u00e7\u00e3o. Portugal deixou de pertencer \u00e0 lista dos pa\u00edses sob observa\u00e7\u00e3o. T\u00edtulos de cr\u00e9dito a longo prazo continuam a ser classificados com o n\u00edvel ramisco (BB).<br \/>\nAnt\u00f3nio da Cunha Duarte Justo<br \/>\nwww.antonio-justo.eu<\/p>\n","protected":false},"excerpt":{"rendered":"<p>T\u00edtulos de Portugal com Classifica\u00e7\u00e3o de Cr\u00e9dito \u201cest\u00e1vel\u201d Com o aval da troika, o destino de Portugal volta \u00e0s m\u00e3os dos portugueses. \u00c9 um momento de satisfa\u00e7\u00e3o para o Estado e para os parceiros internacionais. Confirma-se assim o in\u00edcio da estabilidade que leva ao abandono da recess\u00e3o e, consequentemente, \u00e0 credibilidade internacional. Deu-se um grande &hellip; <a href=\"https:\/\/antonio-justo.eu\/?p=2770\" class=\"more-link\">Continuar a ler <span class=\"screen-reader-text\">Portugal sai do Programa de Resgate financeiro da Troika<\/span><\/a><\/p>\n","protected":false},"author":1,"featured_media":0,"comment_status":"open","ping_status":"open","sticky":false,"template":"","format":"standard","meta":{"sfsi_plus_gutenberg_text_before_share":"","sfsi_plus_gutenberg_show_text_before_share":"","sfsi_plus_gutenberg_icon_type":"","sfsi_plus_gutenberg_icon_alignemt":"","sfsi_plus_gutenburg_max_per_row":"","footnotes":""},"categories":[14,7],"tags":[],"class_list":["post-2770","post","type-post","status-publish","format-standard","hentry","category-economia","category-politica"],"_links":{"self":[{"href":"https:\/\/antonio-justo.eu\/index.php?rest_route=\/wp\/v2\/posts\/2770","targetHints":{"allow":["GET"]}}],"collection":[{"href":"https:\/\/antonio-justo.eu\/index.php?rest_route=\/wp\/v2\/posts"}],"about":[{"href":"https:\/\/antonio-justo.eu\/index.php?rest_route=\/wp\/v2\/types\/post"}],"author":[{"embeddable":true,"href":"https:\/\/antonio-justo.eu\/index.php?rest_route=\/wp\/v2\/users\/1"}],"replies":[{"embeddable":true,"href":"https:\/\/antonio-justo.eu\/index.php?rest_route=%2Fwp%2Fv2%2Fcomments&post=2770"}],"version-history":[{"count":4,"href":"https:\/\/antonio-justo.eu\/index.php?rest_route=\/wp\/v2\/posts\/2770\/revisions"}],"predecessor-version":[{"id":2774,"href":"https:\/\/antonio-justo.eu\/index.php?rest_route=\/wp\/v2\/posts\/2770\/revisions\/2774"}],"wp:attachment":[{"href":"https:\/\/antonio-justo.eu\/index.php?rest_route=%2Fwp%2Fv2%2Fmedia&parent=2770"}],"wp:term":[{"taxonomy":"category","embeddable":true,"href":"https:\/\/antonio-justo.eu\/index.php?rest_route=%2Fwp%2Fv2%2Fcategories&post=2770"},{"taxonomy":"post_tag","embeddable":true,"href":"https:\/\/antonio-justo.eu\/index.php?rest_route=%2Fwp%2Fv2%2Ftags&post=2770"}],"curies":[{"name":"wp","href":"https:\/\/api.w.org\/{rel}","templated":true}]}}