{"id":2578,"date":"2013-12-06T16:37:23","date_gmt":"2013-12-06T15:37:23","guid":{"rendered":"https:\/\/antonio-justo.eu\/?p=2578"},"modified":"2013-12-06T16:37:23","modified_gmt":"2013-12-06T15:37:23","slug":"nelson-mandela-uma-lenda-nos-meandros-do-poder","status":"publish","type":"post","link":"https:\/\/antonio-justo.eu\/?p=2578","title":{"rendered":"NELSON MANDELA \u2013 UMA LENDA NOS MEANDROS DO PODER"},"content":{"rendered":"<p><!--[if gte mso 9]><xml>\n <o:OfficeDocumentSettings>\n  <o:AllowPNG\/>\n <\/o:OfficeDocumentSettings>\n<\/xml><![endif]--><\/p>\n<p><!--[if gte mso 9]><xml>\n <w:WordDocument>\n  <w:View>Normal<\/w:View>\n  <w:Zoom>0<\/w:Zoom>\n  <w:TrackMoves\/>\n  <w:TrackFormatting\/>\n  <w:HyphenationZone>21<\/w:HyphenationZone>\n  <w:PunctuationKerning\/>\n  <w:ValidateAgainstSchemas\/>\n  <w:SaveIfXMLInvalid>false<\/w:SaveIfXMLInvalid>\n  <w:IgnoreMixedContent>false<\/w:IgnoreMixedContent>\n  <w:AlwaysShowPlaceholderText>false<\/w:AlwaysShowPlaceholderText>\n  <w:DoNotPromoteQF\/>\n  <w:LidThemeOther>DE<\/w:LidThemeOther>\n  <w:LidThemeAsian>X-NONE<\/w:LidThemeAsian>\n  <w:LidThemeComplexScript>X-NONE<\/w:LidThemeComplexScript>\n  <w:Compatibility>\n   <w:BreakWrappedTables\/>\n   <w:SnapToGridInCell\/>\n   <w:WrapTextWithPunct\/>\n   <w:UseAsianBreakRules\/>\n   <w:DontGrowAutofit\/>\n   <w:SplitPgBreakAndParaMark\/>\n   <w:EnableOpenTypeKerning\/>\n   <w:DontFlipMirrorIndents\/>\n   <w:OverrideTableStyleHps\/>\n  <\/w:Compatibility>\n  <m:mathPr>\n   <m:mathFont m:val=\"Cambria Math\"\/>\n   <m:brkBin m:val=\"before\"\/>\n   <m:brkBinSub m:val=\"&#45;-\"\/>\n   <m:smallFrac m:val=\"off\"\/>\n   <m:dispDef\/>\n   <m:lMargin m:val=\"0\"\/>\n   <m:rMargin m:val=\"0\"\/>\n   <m:defJc m:val=\"centerGroup\"\/>\n   <m:wrapIndent m:val=\"1440\"\/>\n   <m:intLim m:val=\"subSup\"\/>\n   <m:naryLim m:val=\"undOvr\"\/>\n  <\/m:mathPr><\/w:WordDocument>\n<\/xml><![endif]--><\/p>\n<p class=\"MsoNormal\" style=\"text-align: center;\" align=\"center\"><b style=\"mso-bidi-font-weight: normal;\"><span lang=\"PT\" style=\"font-size: 22.0pt; mso-ansi-language: PT;\">Uma voz da Consci\u00eancia no Deserto<\/span><\/b><\/p>\n<p class=\"MsoNormal\"><span lang=\"PT\" style=\"font-size: 14.0pt; mso-ansi-language: PT;\">Ant\u00f3nio Justo<\/span><\/p>\n<p class=\"MsoNormal\"><span lang=\"PT\" style=\"font-size: 14.0pt; mso-ansi-language: PT;\">\u00a0<\/span><\/p>\n<p class=\"MsoNormal\"><span lang=\"PT\" style=\"font-size: 14.0pt; mso-ansi-language: PT;\">Com Nelson Mandela, a voz da \u00c1frica produziu um eco harm\u00f3nico no mundo, na luta contra o racismo (regime-apartheid) e no fomento de uma sociedade arco-\u00edris mais justa. <\/span><\/p>\n<p class=\"MsoNormal\"><span lang=\"PT\" style=\"font-size: 14.0pt; mso-ansi-language: PT;\">\u00a0<\/span><\/p>\n<p class=\"MsoNormal\"><span lang=\"PT\" style=\"font-size: 14.0pt; mso-ansi-language: PT;\">Nelson Mandela encarna o grito de \u00c1frica pela liberta\u00e7\u00e3o e justi\u00e7a; \u00e9 um luzeiro que se apaga na idade de 95 anos, a 05.11.2013, sendo ao mesmo tempo filho e pai da \u00c1frica do Sul. <\/span><\/p>\n<p class=\"MsoNormal\"><span lang=\"PT\" style=\"font-size: 14.0pt; mso-ansi-language: PT;\">\u00a0<\/span><\/p>\n<p class=\"MsoNormal\"><span lang=\"PT\" style=\"font-size: 14.0pt; mso-ansi-language: PT;\">O condutor da revolu\u00e7\u00e3o dos negros contra a ditadura dos brancos filiara-se em 1944 no movimento da resist\u00eancia ANC (African National Congress). Tinha o objectivo de criar uma \u00c1frica do Sul em que a cor do rosto n\u00e3o contasse, propagava a desobedi\u00eancia civil pac\u00edfica e o ataque \u00e0s infraestruturas do regime branco.<\/span><\/p>\n<p class=\"MsoNormal\"><span lang=\"PT\" style=\"font-size: 14.0pt; mso-ansi-language: PT;\">\u00a0<\/span><\/p>\n<p class=\"MsoNormal\"><span lang=\"PT\" style=\"font-size: 14.0pt; mso-ansi-language: PT;\">Com o massacre de 1961, do regime branco contra os negros, em que a pol\u00edcia matou 69 demonstrantes pac\u00edficos e perante a proibi\u00e7\u00e3o do ANC, Mandela radicaliza-se e funda o grupo militante \u201cLan\u00e7a da Na\u00e7\u00e3o\u201d. O \u201cinquietador\u201d Mandela protela aqui a sua atitude de paz e torna-se assim o l\u00edder da ala armada do movimento de liberta\u00e7\u00e3o ANC. <\/span><\/p>\n<p class=\"MsoNormal\"><span lang=\"PT\" style=\"font-size: 14.0pt; mso-ansi-language: PT;\">\u00a0<\/span><\/p>\n<p class=\"MsoNormal\"><span lang=\"PT\" style=\"font-size: 14.0pt; mso-ansi-language: PT;\">Em 1962 \u00e9 aprisionado, sendo posto em liberdade, 27 anos depois, pelo presidente de Klerk em 1990; este declara ao mesmo tempo o fim do Apartheid e levanta a proibi\u00e7\u00e3o do ANC. Em 1993 Mandela e de Klerk recebem o pr\u00e9mio nobel da paz. Em 1994 Mandela foi eleito presidente da rep\u00fablica e em 1999 renuncia ao poder e distancia-se da pol\u00edtica. No seu mandato, preocupara-se com a reconcilia\u00e7\u00e3o e desenvolveu projectos e iniciativas de repartir terras e distribuir casas baratas aos negros pobres. <\/span><\/p>\n<p class=\"MsoNormal\"><span lang=\"PT\" style=\"font-size: 14.0pt; mso-ansi-language: PT;\">\u00a0<\/span><\/p>\n<p class=\"MsoNormal\"><span lang=\"PT\" style=\"font-size: 14.0pt; mso-ansi-language: PT;\">A pol\u00edtica parece n\u00e3o ter espa\u00e7o para her\u00f3is da liberdade nem para pessoas honestas e sinceras. Numa \u00c1frica constitu\u00edda por sociedades paralelas n\u00e3o se torna f\u00e1cil a governa\u00e7\u00e3o. A insatisfa\u00e7\u00e3o surgiu ainda na presid\u00eancia de Mandela e aumenta cada vez mais.<\/span><\/p>\n<p class=\"MsoNormal\"><span lang=\"PT\" style=\"font-size: 14.0pt; mso-ansi-language: PT;\">\u00a0<\/span><\/p>\n<p class=\"MsoNormal\"><span lang=\"PT\" style=\"font-size: 14.0pt; mso-ansi-language: PT;\">O governo-ANC que durante os \u00faltimos 19 anos tem liderado os destinos do pa\u00eds e que prometera postos de trabalho, igualdade e o fim da pobreza depara-se com a insatisfa\u00e7\u00e3o generalizada de negros e brancos. Mais de 50% dos jovens encontram-se desempregados e as infraestruturas da na\u00e7\u00e3o em mau estado. \u00c9 lament\u00e1vel que o ANC confirme hoje todos os clich\u00eas dos preconceitos de racistas brancos.<\/span><\/p>\n<p class=\"MsoNormal\"><span lang=\"PT\" style=\"font-size: 14.0pt; mso-ansi-language: PT;\">\u00a0<\/span><\/p>\n<p class=\"MsoNormal\"><span lang=\"PT\" style=\"font-size: 14.0pt; mso-ansi-language: PT;\">A corrup\u00e7\u00e3o e a falta de consci\u00eancia democr\u00e1tica escurecem o futuro da \u00c1frica do Sul. O actual presidente, com quatro mulheres, embora tivesse sido companheiro de Mandela na luta, lidera o pa\u00eds no meio da corrup\u00e7\u00e3o. <\/span><\/p>\n<p class=\"MsoNormal\"><span lang=\"PT\" style=\"font-size: 14.0pt; mso-ansi-language: PT;\">\u00a0<\/span><\/p>\n<p class=\"MsoNormal\"><span lang=\"PT\" style=\"font-size: 14.0pt; mso-ansi-language: PT;\">Mandela certamente que entrar\u00e1 no rol da Hist\u00f3ria de grandes homens como Luther king, Ghandi, Oskar Schindler e Aristides de Sousa Mendes.<\/span><\/p>\n<p class=\"MsoNormal\"><span lang=\"PT\" style=\"font-size: 14.0pt; mso-ansi-language: PT;\">\u00a0<\/span><\/p>\n<p class=\"MsoNormal\"><span lang=\"PT\" style=\"font-size: 14.0pt; mso-ansi-language: PT;\">Mandela foi influenciado pelo amigo de longa data Walter Sisulu, testemunhando: &#8220;Nasci para ser um governante, devido \u00e0 minha ascend\u00eancia, mas Sisulu ajudou-me a perceber que a minha verdadeira voca\u00e7\u00e3o era servir o povo\u201d. Tentou ser sempre livre provando esta qualidade num momento em que o poder o queria comprar, respondendo: \u201cs\u00f3 as pessoas livres podem negociar\u201d.<\/span><\/p>\n<p class=\"MsoNormal\" style=\"text-align: center;\" align=\"center\"><span lang=\"PT\" style=\"font-size: 14.0pt; mso-ansi-language: PT;\">\u00a0<\/span><\/p>\n<p class=\"MsoNormal\"><span lang=\"PT\" style=\"font-size: 14.0pt; mso-ansi-language: PT;\">O legado pol\u00edtico de Mandela n\u00e3o encontra terreno f\u00e9rtil nos meandros do poder. Resta esperar que a \u00c1frica n\u00e3o s\u00f3 produza pol\u00edticos como Mandela mas que volte a produzir grandes homens da cultura como Agostinho de Hipona e Tertuliano. <\/span><\/p>\n<p class=\"MsoNormal\"><span lang=\"PT\" style=\"font-size: 14.0pt; mso-ansi-language: PT;\">\u00a0<\/span><\/p>\n<p class=\"MsoNormal\"><span lang=\"PT\" style=\"font-size: 14.0pt; mso-ansi-language: PT;\">Ant\u00f3nio da Cunha Duarte Justo<\/span><\/p>\n<p class=\"MsoNormal\"><span lang=\"PT\" style=\"font-size: 14.0pt; mso-ansi-language: PT;\">www.antonio-justo.eu <\/span><\/p>\n","protected":false},"excerpt":{"rendered":"<p>Uma voz da Consci\u00eancia no Deserto Ant\u00f3nio Justo \u00a0 Com Nelson Mandela, a voz da \u00c1frica produziu um eco harm\u00f3nico no mundo, na luta contra o racismo (regime-apartheid) e no fomento de uma sociedade arco-\u00edris mais justa. \u00a0 Nelson Mandela encarna o grito de \u00c1frica pela liberta\u00e7\u00e3o e justi\u00e7a; \u00e9 um luzeiro que se apaga &hellip; <a href=\"https:\/\/antonio-justo.eu\/?p=2578\" class=\"more-link\">Continuar a ler <span class=\"screen-reader-text\">NELSON MANDELA \u2013 UMA LENDA NOS MEANDROS DO PODER<\/span><\/a><\/p>\n","protected":false},"author":1,"featured_media":0,"comment_status":"open","ping_status":"open","sticky":false,"template":"","format":"standard","meta":{"sfsi_plus_gutenberg_text_before_share":"","sfsi_plus_gutenberg_show_text_before_share":"","sfsi_plus_gutenberg_icon_type":"","sfsi_plus_gutenberg_icon_alignemt":"","sfsi_plus_gutenburg_max_per_row":"","footnotes":""},"categories":[4,7],"tags":[],"class_list":["post-2578","post","type-post","status-publish","format-standard","hentry","category-educacao","category-politica"],"_links":{"self":[{"href":"https:\/\/antonio-justo.eu\/index.php?rest_route=\/wp\/v2\/posts\/2578","targetHints":{"allow":["GET"]}}],"collection":[{"href":"https:\/\/antonio-justo.eu\/index.php?rest_route=\/wp\/v2\/posts"}],"about":[{"href":"https:\/\/antonio-justo.eu\/index.php?rest_route=\/wp\/v2\/types\/post"}],"author":[{"embeddable":true,"href":"https:\/\/antonio-justo.eu\/index.php?rest_route=\/wp\/v2\/users\/1"}],"replies":[{"embeddable":true,"href":"https:\/\/antonio-justo.eu\/index.php?rest_route=%2Fwp%2Fv2%2Fcomments&post=2578"}],"version-history":[{"count":1,"href":"https:\/\/antonio-justo.eu\/index.php?rest_route=\/wp\/v2\/posts\/2578\/revisions"}],"predecessor-version":[{"id":2579,"href":"https:\/\/antonio-justo.eu\/index.php?rest_route=\/wp\/v2\/posts\/2578\/revisions\/2579"}],"wp:attachment":[{"href":"https:\/\/antonio-justo.eu\/index.php?rest_route=%2Fwp%2Fv2%2Fmedia&parent=2578"}],"wp:term":[{"taxonomy":"category","embeddable":true,"href":"https:\/\/antonio-justo.eu\/index.php?rest_route=%2Fwp%2Fv2%2Fcategories&post=2578"},{"taxonomy":"post_tag","embeddable":true,"href":"https:\/\/antonio-justo.eu\/index.php?rest_route=%2Fwp%2Fv2%2Ftags&post=2578"}],"curies":[{"name":"wp","href":"https:\/\/api.w.org\/{rel}","templated":true}]}}