{"id":2031,"date":"2011-11-08T21:01:28","date_gmt":"2011-11-08T20:01:28","guid":{"rendered":"https:\/\/antonio-justo.eu\/?p=2031"},"modified":"2011-11-08T21:05:25","modified_gmt":"2011-11-08T20:05:25","slug":"fotos-da-manifestacao-em-frankfurt-organizada-pelo-conselho-consultivo-do-posto-consular","status":"publish","type":"post","link":"https:\/\/antonio-justo.eu\/?p=2031","title":{"rendered":"Fotos da Manifesta\u00e7\u00e3o em Frankfurt organizada pelo Conselho Consultivo do Posto Consular"},"content":{"rendered":"<p>Uma Manifesta\u00e7\u00e3o Diferente que une a express\u00e3o cultural \u00e0s exig\u00eancias pol\u00edticas<\/p>\n<p>A 5.11.2011 realizou-se a grande manifesta\u00e7\u00e3o portuguesa contra o encerramento do Consulado. Esta manifesta\u00e7\u00e3o iniciou-se com a reuni\u00e3o de cerca de mil portugueses na Pra\u00e7a da \u00d3pera, \u00e0s 13 horas. Depois de 3 Km de marcha, os manifestantes juntaram-se em torno da entrada do Vice-consulado. A\u00ed se deu o com\u00edssio final com discursos, m\u00fasica edeclama\u00e7\u00e3o de poesia. O Com\u00edssio foi encerrado \u00e0s 15.30 tendo a pol\u00edcia registado nele cerca de 400 a 500 manifestantes.<\/p>\n<p>Ant\u00f3nio Justo<\/p>\n<p>&nbsp;<\/p>\n<p>[portfolio_slideshow]<\/p>\n","protected":false},"excerpt":{"rendered":"<p>Uma Manifesta\u00e7\u00e3o Diferente que une a express\u00e3o cultural \u00e0s exig\u00eancias pol\u00edticas A 5.11.2011 realizou-se a grande manifesta\u00e7\u00e3o portuguesa contra o encerramento do Consulado. Esta manifesta\u00e7\u00e3o iniciou-se com a reuni\u00e3o de cerca de mil portugueses na Pra\u00e7a da \u00d3pera, \u00e0s 13 horas. Depois de 3 Km de marcha, os manifestantes juntaram-se em torno da entrada do &hellip; <a href=\"https:\/\/antonio-justo.eu\/?p=2031\" class=\"more-link\">Continuar a ler <span class=\"screen-reader-text\">Fotos da Manifesta\u00e7\u00e3o em Frankfurt organizada pelo Conselho Consultivo do Posto Consular<\/span><\/a><\/p>\n","protected":false},"author":1,"featured_media":0,"comment_status":"open","ping_status":"open","sticky":false,"template":"","format":"standard","meta":{"sfsi_plus_gutenberg_text_before_share":"","sfsi_plus_gutenberg_show_text_before_share":"","sfsi_plus_gutenberg_icon_type":"","sfsi_plus_gutenberg_icon_alignemt":"","sfsi_plus_gutenburg_max_per_row":"","footnotes":""},"categories":[1],"tags":[],"class_list":["post-2031","post","type-post","status-publish","format-standard","hentry","category-sem-categoria"],"_links":{"self":[{"href":"https:\/\/antonio-justo.eu\/index.php?rest_route=\/wp\/v2\/posts\/2031","targetHints":{"allow":["GET"]}}],"collection":[{"href":"https:\/\/antonio-justo.eu\/index.php?rest_route=\/wp\/v2\/posts"}],"about":[{"href":"https:\/\/antonio-justo.eu\/index.php?rest_route=\/wp\/v2\/types\/post"}],"author":[{"embeddable":true,"href":"https:\/\/antonio-justo.eu\/index.php?rest_route=\/wp\/v2\/users\/1"}],"replies":[{"embeddable":true,"href":"https:\/\/antonio-justo.eu\/index.php?rest_route=%2Fwp%2Fv2%2Fcomments&post=2031"}],"version-history":[{"count":3,"href":"https:\/\/antonio-justo.eu\/index.php?rest_route=\/wp\/v2\/posts\/2031\/revisions"}],"predecessor-version":[{"id":2097,"href":"https:\/\/antonio-justo.eu\/index.php?rest_route=\/wp\/v2\/posts\/2031\/revisions\/2097"}],"wp:attachment":[{"href":"https:\/\/antonio-justo.eu\/index.php?rest_route=%2Fwp%2Fv2%2Fmedia&parent=2031"}],"wp:term":[{"taxonomy":"category","embeddable":true,"href":"https:\/\/antonio-justo.eu\/index.php?rest_route=%2Fwp%2Fv2%2Fcategories&post=2031"},{"taxonomy":"post_tag","embeddable":true,"href":"https:\/\/antonio-justo.eu\/index.php?rest_route=%2Fwp%2Fv2%2Ftags&post=2031"}],"curies":[{"name":"wp","href":"https:\/\/api.w.org\/{rel}","templated":true}]}}