{"id":1877,"date":"2011-08-21T00:47:48","date_gmt":"2011-08-20T23:47:48","guid":{"rendered":"https:\/\/antonio-justo.eu\/?p=1877"},"modified":"2011-08-21T00:47:48","modified_gmt":"2011-08-20T23:47:48","slug":"visita-do-papa-a-espanha","status":"publish","type":"post","link":"https:\/\/antonio-justo.eu\/?p=1877","title":{"rendered":"VISITA DO PAPA A ESPANHA"},"content":{"rendered":"<p style=\"text-align: center;\"><span style=\"font-size: large;\"><strong><br \/>\n<\/strong><\/span><\/p>\n<p style=\"text-align: center;\"><span style=\"font-size: large;\"><strong>Cren\u00e7as ao Desafio<\/strong><\/span><\/p>\n<p><br class=\"spacer_\" \/><\/p>\n<p><strong>Ant\u00f3nio Justo<\/strong><\/p>\n<p>O Papa re\u00fane-se em Madrid com a juventude do mundo para dialogar sobre os problemas que flagelam a humanidade de hoje, enquanto a rapaziada, l\u00e1 fora, briga sobre os custos da sua viagem, sobre as faltas da Igreja na Idade M\u00e9dia, negando-lhe at\u00e9 a liberdade de ter opini\u00f5es diferentes das suas.<\/p>\n<p><br class=\"spacer_\" \/><\/p>\n<p>Uma maneira fina de desviar para canto problemas que a todos toca. Falar do folclore \u00e9 mais f\u00e1cil que de conte\u00fados. Perturbar o desenvolvimento de celebra\u00e7\u00f5es, como a Jornada Mundial da Juventude, torna-se uma maneira f\u00e1cil de chamar a aten\u00e7\u00e3o a si e de ocupar os Media sedentos de actos superficiais pol\u00e9micos. Assim, se consegue que a mensagem passe desapercebida.<\/p>\n<p><br class=\"spacer_\" \/><\/p>\n<p>\u201cNum mundo da viol\u00eancia e do consumismo\u2026 famintos de justi\u00e7a, misericordiosos, de cora\u00e7\u00e3o puro, pac\u00edficos\u201d, os jovens, declaram querer \u201cser embaixadores da paz no mundo\u201d.<\/p>\n<p><br class=\"spacer_\" \/><\/p>\n<p>Bento XVI apela aos professores das universit\u00e1rios afirmando que <strong>as Universidades, para l\u00e1 das ideologias, s\u00e3o o lugar ideal para \u201cprocurar a verdade real acerca do Homem\u201d.<\/strong> Um discurso diferente do dos governos!&#8230;<\/p>\n<p><br class=\"spacer_\" \/><\/p>\n<p>Em Madrid, o papa tamb\u00e9m apelou \u00e0 juventude para que d\u00ea \u201cuma resposta radical a uma esp\u00e9cie de<strong> Deus eclipsado<\/strong>\u201d.<\/p>\n<p><br class=\"spacer_\" \/><\/p>\n<p>A \u201cJornada Mundial da Juventude\u201c (16-21 de Agosto) pretende visibilizar uma face diferente da de casas a arder em Londres, autos incendiados em Berlim.<\/p>\n<p>Dum lado uns apostam num amor aparentemente ing\u00e9nuo, do outro, outros apostam numa raz\u00e3o exacerbada e provocante. Se todos querem um mundo melhor, porque se atacam? Tudo em guerra em pretexto da defesa da sua paz.<\/p>\n<p><br class=\"spacer_\" \/><\/p>\n<p>Parece haver muitos incomodados por verem manifesta publicamente uma f\u00e9 que querem ver praticada apenas nas traseiras da sociedade.<\/p>\n<p><br class=\"spacer_\" \/><\/p>\n<p><strong>A mera presen\u00e7a do chefe de mais de mil milh\u00f5es de cat\u00f3licos p\u00f5e em p\u00e9 de guerra as ideologias.<\/strong> Eternos descontentes n\u00e3o concedem aos cat\u00f3licos o direito de receberem o seu irm\u00e3o mais velho na f\u00e9. Parecem colocar na balan\u00e7a da sua senten\u00e7a apenas o valor econ\u00f3mico sem considerarem, al\u00e9m de outros, o aspecto tur\u00edstico, a promo\u00e7\u00e3o medi\u00e1tica da na\u00e7\u00e3o nem os valores morais e sociais. Nesta perspectiva ter-se-ia de acabar com campos de futebol, visitas de Estado e de Dalai Lamas, protec\u00e7\u00e3o policial para pessoas em perigo, etc.; no seu argumentar, tudo isto causa despesas p\u00fablicas que poderiam ser disponibilizadas para os pobres. Usam-se <strong>argumentos como armas de ataque ou escudo de defesa.<\/strong> Quem hoje chora os gastos com a viagem do Papa n\u00e3o estar\u00e1 longe de amanh\u00e3 chorar os gastos com os pobres, doentes e velhinhos. A raz\u00e3o quando \u00e9 forte cega! Ou ser\u00e1 que querem a pra\u00e7a p\u00fablica s\u00f3 para si. Se hoje \u00e9 o dia dos crentes religiosos amanh\u00e3 tamb\u00e9m haver\u00e1 um dia para os crentes do laicismo.<\/p>\n<p><br class=\"spacer_\" \/><\/p>\n<p>\u00c9 desconsiderado o bem que a Igreja faz no mundo com projectos sociais com apoios de milhares de milh\u00f5es de euros a desprotegidos. Cr\u00edticos do catolicismo regateiam\u00a0 o dinheiro que se gasta na viagem do Papa argumentando que indirectamente tamb\u00e9m a financiam atrav\u00e9s dos impostos e acrescentando a necessidade dos pobres. Como se a realidade social n\u00e3o fosse complexa e se pudesse reduzir a credos sociais ou pol\u00edticos e como se os cat\u00f3licos tamb\u00e9m n\u00e3o financiassem a sua ideologia custeando abortos, e, em comum, guerras atrav\u00e9s dos seus impostos. Somos todos c\u00famplices. Cada um de n\u00f3s tem a sua quota-parte no bem e no mal da sociedade. Quando o meu dedo indicador aponta o mal dos outros, os outros quatro apontam para mim!<\/p>\n<p><br class=\"spacer_\" \/><\/p>\n<p>\u201cN\u00e3o s\u00f3 de p\u00e3o vive o Homem<strong>.\u201d A presen\u00e7a do Papa, embora para muitos contradit\u00f3ria, n\u00e3o deixa de ser um testemunho de caridade, solidariedade e entrega ao bem, realizado pela maior institui\u00e7\u00e3o de caridade do mundo.<\/strong><\/p>\n<p><strong> <\/strong><\/p>\n<p><strong>A Igreja incomoda o cidad\u00e3o solicitando dele uma conduta espiritual elevada e este vinga-se dela n\u00e3o lhe querendo reconhecer a sua natureza humana pecadora.<\/strong><\/p>\n<p><strong> <\/strong><\/p>\n<p>Assim, exige-se uma Igreja sem erros como se ela fosse uma institui\u00e7\u00e3o de anjos e n\u00e3o de humanos.<\/p>\n<p><br class=\"spacer_\" \/><\/p>\n<p>Exige-se que a Igreja esteja calada, como se para ela n\u00e3o valesse a liberdade de express\u00e3o.<\/p>\n<p><br class=\"spacer_\" \/><\/p>\n<p>Exige-se que a raz\u00e3o e a verdade se reduzam \u00e0 opini\u00e3o como se esta fosse objectiva.<\/p>\n<p><br class=\"spacer_\" \/><\/p>\n<p>Exige-se que a Igreja se oriente por estat\u00edsticas demosc\u00f3picas e pelas verdades da pra\u00e7a sem se conhecer a sua filosofia e m\u00edstica.<\/p>\n<p><br class=\"spacer_\" \/><\/p>\n<p>Exige-se uma toler\u00e2ncia \u00e0 Igreja que se n\u00e3o tem para com ela.<\/p>\n<p><br class=\"spacer_\" \/><\/p>\n<p>Exige-se uma Igreja da mudan\u00e7a como se a mudan\u00e7a constitu\u00edsse um valor em si e como se as verdades de hoje n\u00e3o constitu\u00edssem, em grande parte, as fic\u00e7\u00f5es\/erros de amanh\u00e3.<\/p>\n<p><br class=\"spacer_\" \/><\/p>\n<p>Estes intolerantes da religi\u00e3o constituem o polo oposto dos intolerantes mu\u00e7ulmanos que n\u00e3o reconhecem a realidade de valores laicos vendo neles obra diab\u00f3lica.<\/p>\n<p><br class=\"spacer_\" \/><\/p>\n<p><strong>Quando a medida da toler\u00e2ncia \u00e9 reduzida \u00e0 pr\u00f3pria opini\u00e3o, a liberdade j\u00e1 se encontra a caminho do cativeiro.<\/strong> <strong>S\u00f3 uma plataforma comum baseada na fraternidade e na complementaridade poder\u00e1 levar \u00e0 compreens\u00e3o m\u00fatua.<\/strong><\/p>\n<p><br class=\"spacer_\" \/><\/p>\n<p>Organiza\u00e7\u00f5es de crentes laicos ou religiosos t\u00eam o mesmo direito de express\u00e3o na sua qualidade de pessoas individuais ou colectivas. A liberdade de express\u00e3o deve ser independente da devo\u00e7\u00e3o, seja ela laica ou religiosa.<\/p>\n<p><br class=\"spacer_\" \/><\/p>\n<p>Em nome da toler\u00e2ncia procura cimentar-se o \u00f3dio contra cat\u00f3licos. O preconceito dos perseguidores de bruxas de ontem, s\u00e3o continuados por arautos dum laicismo iluminado e militante. Estes queimam os advers\u00e1rios na fogueira da raz\u00e3o e enterram-nos na cerca da sua opini\u00e3o.<strong> \u00c9 f\u00e1cil ser-se forte contra a vulnerabilidade. Repete-se o jogo do Lobo e do Cordeiro; quem suja sempre a \u00e1gua s\u00e3o os outros: \u201cSe n\u00e3o foste tu, foram os teus antepassados\u201d. Como se a \u00e1gua j\u00e1 n\u00e3o se encontrasse turva pelas nossas cren\u00e7as e raz\u00f5es.<\/strong><\/p>\n<p><br class=\"spacer_\" \/><\/p>\n<p>A intoler\u00e2ncia camuflada justifica os novos inquisidores sob o p\u00e1lio de palavras m\u00e1gicas como laicismo, liberdade, progresso e democracia. Intolerantes da toler\u00e2ncia sentem-se os c\u00e3es de guarda duma concep\u00e7\u00e3o de Estado dogm\u00e1tica pr\u00f3pria, \u00e0 sua imagem, e semelhan\u00e7a, que querem anti-religioso como se sociedade e Estado fossem a mesma coisa. Por tr\u00e1s da religi\u00e3o, da pol\u00edtica e da opini\u00e3o h\u00e1 muita desonestidade. Torna-se f\u00e1cil e moderno atacar quem n\u00e3o se defende. Os corajosos cr\u00edticos do Papa revelam-se cobardes perante os mu\u00e7ulmanos e perante a explora\u00e7\u00e3o institucionalizada. O medo pode muito e tem as suas raz\u00f5es!<\/p>\n<p><br class=\"spacer_\" \/><\/p>\n<p>Porqu\u00ea tanto combate em nome da cren\u00e7a\/opini\u00e3o? Uns esperam na vinda do salvador e outros no mito de que a Ci\u00eancia tudo vir\u00e1 a explicar. A realidade, como a verdade, \u00e9 a-perspectiva pressupondo uma consci\u00eancia de complementaridade e interdisciplinaridade na sua abordagem. Somos todos precisos. Mesmo as minhocas e as toupeiras beneficiam a terra embora \u00e0 primeira vista pare\u00e7a que n\u00e3o.<\/p>\n<p><br class=\"spacer_\" \/><\/p>\n<p><strong>Ant\u00f3nio da Cunha Duarte Justo<\/strong><\/p>\n<p><a href=\"mailto:antoniocunhajusto@googlemail.com\">antoniocunhajusto@googlemail.com<\/a><\/p>\n<p><a href=\"https:\/\/antonio-justo.eu\/\"><br \/>\n<\/a><\/p>\n","protected":false},"excerpt":{"rendered":"<p>Cren\u00e7as ao Desafio Ant\u00f3nio Justo O Papa re\u00fane-se em Madrid com a juventude do mundo para dialogar sobre os problemas que flagelam a humanidade de hoje, enquanto a rapaziada, l\u00e1 fora, briga sobre os custos da sua viagem, sobre as faltas da Igreja na Idade M\u00e9dia, negando-lhe at\u00e9 a liberdade de ter opini\u00f5es diferentes das &hellip; <a href=\"https:\/\/antonio-justo.eu\/?p=1877\" class=\"more-link\">Continuar a ler <span class=\"screen-reader-text\">VISITA DO PAPA A ESPANHA<\/span><\/a><\/p>\n","protected":false},"author":1,"featured_media":0,"comment_status":"open","ping_status":"open","sticky":false,"template":"","format":"standard","meta":{"sfsi_plus_gutenberg_text_before_share":"","sfsi_plus_gutenberg_show_text_before_share":"","sfsi_plus_gutenberg_icon_type":"","sfsi_plus_gutenberg_icon_alignemt":"","sfsi_plus_gutenburg_max_per_row":"","footnotes":""},"categories":[4,5,7,8],"tags":[],"class_list":["post-1877","post","type-post","status-publish","format-standard","hentry","category-educacao","category-escola","category-politica","category-religiao"],"_links":{"self":[{"href":"https:\/\/antonio-justo.eu\/index.php?rest_route=\/wp\/v2\/posts\/1877","targetHints":{"allow":["GET"]}}],"collection":[{"href":"https:\/\/antonio-justo.eu\/index.php?rest_route=\/wp\/v2\/posts"}],"about":[{"href":"https:\/\/antonio-justo.eu\/index.php?rest_route=\/wp\/v2\/types\/post"}],"author":[{"embeddable":true,"href":"https:\/\/antonio-justo.eu\/index.php?rest_route=\/wp\/v2\/users\/1"}],"replies":[{"embeddable":true,"href":"https:\/\/antonio-justo.eu\/index.php?rest_route=%2Fwp%2Fv2%2Fcomments&post=1877"}],"version-history":[{"count":1,"href":"https:\/\/antonio-justo.eu\/index.php?rest_route=\/wp\/v2\/posts\/1877\/revisions"}],"predecessor-version":[{"id":1878,"href":"https:\/\/antonio-justo.eu\/index.php?rest_route=\/wp\/v2\/posts\/1877\/revisions\/1878"}],"wp:attachment":[{"href":"https:\/\/antonio-justo.eu\/index.php?rest_route=%2Fwp%2Fv2%2Fmedia&parent=1877"}],"wp:term":[{"taxonomy":"category","embeddable":true,"href":"https:\/\/antonio-justo.eu\/index.php?rest_route=%2Fwp%2Fv2%2Fcategories&post=1877"},{"taxonomy":"post_tag","embeddable":true,"href":"https:\/\/antonio-justo.eu\/index.php?rest_route=%2Fwp%2Fv2%2Ftags&post=1877"}],"curies":[{"name":"wp","href":"https:\/\/api.w.org\/{rel}","templated":true}]}}