{"id":1874,"date":"2011-08-16T12:31:35","date_gmt":"2011-08-16T11:31:35","guid":{"rendered":"https:\/\/antonio-justo.eu\/?p=1874"},"modified":"2011-08-16T12:31:35","modified_gmt":"2011-08-16T11:31:35","slug":"europa-em-ebulicao-magmas-culturais-e-economicos","status":"publish","type":"post","link":"https:\/\/antonio-justo.eu\/?p=1874","title":{"rendered":"Europa em Ebuli\u00e7\u00e3o &#8211; Magmas Culturais e Econ\u00f3micos"},"content":{"rendered":"<p><strong><br \/>\n<\/strong><\/p>\n<p style=\"text-align: center;\"><strong>Tumultos na Inglaterra \u2013 Erup\u00e7\u00f5es do Grau Cinco na Escala de Richter<\/strong><\/p>\n<p><strong>Ant\u00f3nio Justo<\/strong><\/p>\n<p>Por toda a Europa h\u00e1 subleva\u00e7\u00f5es nas camadas fracas da sociedade. Os arroteamentos levados a efeito pelos exploradores do planeta revelam-se destruidores de meio e ambiente, n\u00e3o tanto pela mudan\u00e7a clim\u00e1tica originada mas pelo desequil\u00edbrio provocado nos bi\u00f3topos naturais, culturais e econ\u00f3micos.<\/p>\n<p>Nos bairros pobres das cidades respira-se uma onda de insatisfa\u00e7\u00e3o, na Bolsa gar\u00e7a a tempestade e na pol\u00edtica a incapacidade. As irregularidades clim\u00e1ticas e sociais parecem fazer parte dum mesmo fen\u00f3meno: perturba\u00e7\u00e3o cr\u00f3nica de identidade na sociedade e no cidad\u00e3o.<\/p>\n<p>Depois dos tumultos surgidos na Inglaterra, <strong>o Primeiro-ministro David Cameron proclamou querer \u201creparar o colapso moral da sociedade partida\u201d.<\/strong> Como se a tarefa dum povo inteiro pudesse ser resolvida por um governo ou partido!<\/p>\n<p>Esta enxurrada de viol\u00eancia causou a morte a cinco pessoas, provocou preju\u00edzo de milh\u00f5es de Euros e deixou uma \u00e2nsia na sociedade, que se pergunta: onde e quando surgir\u00e1 o pr\u00f3ximo tumulto? Este \u00e9 certo. Por toda a Europa h\u00e1 tens\u00f5es, explodindo, aqui e acol\u00e1, os problemas sociais provocados por um capitalismo predat\u00f3rio e por uma pol\u00edtica \u201cmulticultural\u201d ing\u00e9nua e alienat\u00f3ria.<\/p>\n<p>Tudo consequ\u00eancia de sociedades partidas com posi\u00e7\u00f5es contradit\u00f3rias que se afirmam \u00e0 custa do povo e das institui\u00e7\u00f5es dos Estados.<strong> Pa\u00edses, sem uma filosofia de Estado coerente e sem tecto metaf\u00edsico, encontram-se a saque de elites cuja estrat\u00e9gia se reduz a um sistema de competi\u00e7\u00e3o ideol\u00f3gica e de produtos<\/strong>: mercantilismo guiado por um pragmatismo altivo! A pilhagem torna-se ordem de ac\u00e7\u00e3o; \u00e0 disposi\u00e7\u00e3o encontra-se o povo e a cultura nacional. Para as elites chegam as palavras m\u00e1gicas, \u201cdemocracia\u201d, \u201ctrabalho\u201d, \u201ccompeti\u00e7\u00e3o\u201d e \u201copini\u00e3o\u201d. Para dar consist\u00eancia a estas criam leis e impostos, como substitutos duma \u00e9tica reguladora da vida. A desintegra\u00e7\u00e3o progride.<\/p>\n<p>Os ex\u00e9rcitos do futuro receber\u00e3o novas tarefas, como vanguarda da pol\u00edcia. Esta passar\u00e1 a proteger apenas os interesses dos beneficiados do Estado<strong>. O inimigo deixou de estar fora das fronteiras, vivendo agora dentro delas!&#8230; O povo tornou-se suspeito para os governantes e j\u00e1 n\u00e3o se sente em casa na pr\u00f3pria na\u00e7\u00e3o (O seu bi\u00f3topo natural\/cultural \u00e9 sistematicamente destru\u00eddo). Tem de estar sempre em estado de alerta como se fosse um ap\u00e1trida ou um desertor.<\/strong> Os mercen\u00e1rios do turbo-capitalismo e seus ac\u00f3litos apoderaram-se do seu tecto, n\u00e3o sente dores de consci\u00eancia pela crescente sociedade prec\u00e1ria.<\/p>\n<p style=\"text-align: center;\"><strong>Viol\u00eancia atrai viol\u00eancia<\/strong><\/p>\n<p>Todo o mundo parece chocado com a brutalidade das imagens que passam na TV e com a incapacidade do Estado para reagir adequadamente. Em vez disso, governo e oposi\u00e7\u00e3o d\u00e3o-se as culpas um ao outro, s\u00f3 para distrair o povo da procura de solu\u00e7\u00f5es.<\/p>\n<p>\u00c0 juventude (aut\u00f3ctone e migrante) s\u00e3o roubados o interesse e a vontade. Esta n\u00e3o tem oportunidades, s\u00f3 pode reagir, ao receber um ordenado que n\u00e3o lhe chega para viver ou ao bater \u00e0s portas do Estado. Os servi\u00e7os sociais s\u00e3o t\u00e3o vantajosos como os empregos. A intelig\u00eancia deu lugar \u00e0 esperteza!<\/p>\n<p>A integra\u00e7\u00e3o foi negligenciada. A multicultura tem sido imposta de cima. A m\u00e1quina de soci\u00f3logos e de peritos em criminologia procura descrever o caos em via. Limita-se a explicar o fen\u00f3meno porque uma diagnose exacta sobre as causas seria dolorosa para todos, al\u00e9m de exigir a coragem de se ir contra os credos propagados pelos detentores do poder e da opini\u00e3o.<\/p>\n<p>Na sociedade, domina, cada vez mais, um sentimento de impot\u00eancia perante as multinacionais do petr\u00f3leo, da energia e do g\u00e1s, bem como perante a carga dos impostos impostos pelo Estado, carga esta que tende a asfixiar os trabalhadores e a destruir a classe m\u00e9dia, cada vez mais reduzida aos funcion\u00e1rios superiores do Estado e seus detentores.<\/p>\n<p>Um Estado sem compet\u00eancia nem perspectivas s\u00f3 pode fomentar o medo e viol\u00eancia. Os avisos claros duma sociedade doente e em ebuli\u00e7\u00e3o s\u00e3o claros. Os passados tumultos de Fran\u00e7a, as revoltas anuais de Maio em Berlin e Hamburgo, e agora os tumultos na Inglaterra s\u00e3o o ind\u00edcio claro duma sociedade em franca autodestrui\u00e7\u00e3o.<\/p>\n<p>O rastilho j\u00e1 se encontra nas grandes metr\u00f3poles. Qualquer fa\u00edsca os pode acender!<\/p>\n<p>O trabalho de casa que as na\u00e7\u00f5es n\u00e3o fizerem hoje ficar\u00e1 para a sociedade de amanh\u00e3. Os nossos filhos e netos ver-se-\u00e3o obrigados a revoltar-se contra um Estado saqueado, um meio-ambiente destru\u00eddo, lixo at\u00f3mico e os destro\u00e7os duma cultura desalmada.<\/p>\n<p><strong>Ant\u00f3nio da Cunha Duarte Justo<\/strong><\/p>\n<p><a href=\"mailto:antoniocunhajusto@googlemail.com\">antoniocunhajusto@googlemail.com<\/a><\/p>\n","protected":false},"excerpt":{"rendered":"<p>Tumultos na Inglaterra \u2013 Erup\u00e7\u00f5es do Grau Cinco na Escala de Richter Ant\u00f3nio Justo Por toda a Europa h\u00e1 subleva\u00e7\u00f5es nas camadas fracas da sociedade. Os arroteamentos levados a efeito pelos exploradores do planeta revelam-se destruidores de meio e ambiente, n\u00e3o tanto pela mudan\u00e7a clim\u00e1tica originada mas pelo desequil\u00edbrio provocado nos bi\u00f3topos naturais, culturais e &hellip; <a href=\"https:\/\/antonio-justo.eu\/?p=1874\" class=\"more-link\">Continuar a ler <span class=\"screen-reader-text\">Europa em Ebuli\u00e7\u00e3o &#8211; Magmas Culturais e Econ\u00f3micos<\/span><\/a><\/p>\n","protected":false},"author":1,"featured_media":0,"comment_status":"open","ping_status":"open","sticky":false,"template":"","format":"standard","meta":{"sfsi_plus_gutenberg_text_before_share":"","sfsi_plus_gutenberg_show_text_before_share":"","sfsi_plus_gutenberg_icon_type":"","sfsi_plus_gutenberg_icon_alignemt":"","sfsi_plus_gutenburg_max_per_row":"","footnotes":""},"categories":[14,4,5,6,7,8],"tags":[],"class_list":["post-1874","post","type-post","status-publish","format-standard","hentry","category-economia","category-educacao","category-escola","category-migracao","category-politica","category-religiao"],"_links":{"self":[{"href":"https:\/\/antonio-justo.eu\/index.php?rest_route=\/wp\/v2\/posts\/1874","targetHints":{"allow":["GET"]}}],"collection":[{"href":"https:\/\/antonio-justo.eu\/index.php?rest_route=\/wp\/v2\/posts"}],"about":[{"href":"https:\/\/antonio-justo.eu\/index.php?rest_route=\/wp\/v2\/types\/post"}],"author":[{"embeddable":true,"href":"https:\/\/antonio-justo.eu\/index.php?rest_route=\/wp\/v2\/users\/1"}],"replies":[{"embeddable":true,"href":"https:\/\/antonio-justo.eu\/index.php?rest_route=%2Fwp%2Fv2%2Fcomments&post=1874"}],"version-history":[{"count":1,"href":"https:\/\/antonio-justo.eu\/index.php?rest_route=\/wp\/v2\/posts\/1874\/revisions"}],"predecessor-version":[{"id":1875,"href":"https:\/\/antonio-justo.eu\/index.php?rest_route=\/wp\/v2\/posts\/1874\/revisions\/1875"}],"wp:attachment":[{"href":"https:\/\/antonio-justo.eu\/index.php?rest_route=%2Fwp%2Fv2%2Fmedia&parent=1874"}],"wp:term":[{"taxonomy":"category","embeddable":true,"href":"https:\/\/antonio-justo.eu\/index.php?rest_route=%2Fwp%2Fv2%2Fcategories&post=1874"},{"taxonomy":"post_tag","embeddable":true,"href":"https:\/\/antonio-justo.eu\/index.php?rest_route=%2Fwp%2Fv2%2Ftags&post=1874"}],"curies":[{"name":"wp","href":"https:\/\/api.w.org\/{rel}","templated":true}]}}