{"id":1837,"date":"2011-04-30T22:57:17","date_gmt":"2011-04-30T21:57:17","guid":{"rendered":"https:\/\/antonio-justo.eu\/?p=1837"},"modified":"2011-04-30T22:57:17","modified_gmt":"2011-04-30T21:57:17","slug":"o-1%c2%b0-de-maio-na-defesa-do-trabalhador-e-dos-seus-biotopos-sociais","status":"publish","type":"post","link":"https:\/\/antonio-justo.eu\/?p=1837","title":{"rendered":"O 1\u00b0 de Maio na Defesa do Trabalhador e dos seus Bi\u00f3topos sociais"},"content":{"rendered":"<p><br class=\"spacer_\" \/><\/p>\n<p><strong><br \/>\n<\/strong><\/p>\n<p style=\"text-align: center;\"><span style=\"font-size: large;\"><strong>Dumping salarial \u2013 Uma Praga a alastrar-se por toda a Europa<\/strong><\/span><\/p>\n<p><strong>Ant\u00f3nio Justo<\/strong><\/p>\n<p>Hoje dia 1 de Maio entra em vigor, na Uni\u00e3o Europeia, a livre circula\u00e7\u00e3o de trabalhadores e a livre presta\u00e7\u00e3o de servi\u00e7os tamb\u00e9m para os povos da europa de Leste: Pol\u00f3nia, Rep\u00fablica Checa, Eslov\u00e1quia, Hungria, Eslov\u00e9nia, Est\u00f3nia, Litu\u00e2nia, Let\u00f3nia.<\/p>\n<p>Ao abrigo da lei de livre presta\u00e7\u00e3o de servi\u00e7os, tamb\u00e9m as firmas assumem o direito de envio dos pr\u00f3prios trabalhadores para o estrangeiro (espa\u00e7o da Uni\u00e3o Europeia) e a ser remunerados sob as mesmas condi\u00e7\u00f5es de trabalho do pa\u00eds de origem.<\/p>\n<p>Trabalhadores receiam a concorr\u00eancia e t\u00eam medo que se abuse dos novos trabalhadores para Dumping salarial.<\/p>\n<p>Os sindicatos alem\u00e3es exigem que, na Alemanha, se alargue o sal\u00e1rio m\u00ednimo de 8,5 \u20ac hora para os sectores laborais ainda sem lei de sal\u00e1rio m\u00ednimo. Exigem tamb\u00e9m \u201csal\u00e1rio igual para trabalho igual\u201d.<\/p>\n<p>O trabalho tempor\u00e1rio e o sistema de empresas que emprestam trabalhadores a outras firmas p\u00f5em, cada vez mais, em perigo trabalhos est\u00e1veis e sal\u00e1rios humanos. Firmas recrutam pessoal no estrangeiro, podendo traz\u00ea-lo ou envi\u00e1-lo em condi\u00e7\u00f5es prec\u00e1rias. N\u00e3o s\u00f3 por raz\u00f5es humanit\u00e1rias mas tamb\u00e9m para defenderem o mercado de trabalho interno, os sindicatos exigem a lei de sal\u00e1rio m\u00ednimo de 8,5\u20ac\/hora.<\/p>\n<p>Os alem\u00e3es temem a concorr\u00eancia em trabalhos pouco qualificados, especialmente em servi\u00e7os sociais, assist\u00eancia, matadouros e ramos de transporte e log\u00edstica. Receiam uma espiral descendente em empresas que empregam trabalhadores do leste europeu, passando estas a substituir os nativos que ganham mais pelos estrangeiros.<\/p>\n<p>Os mini-empregos aumentam principalmente para assalariados e para trabalhadores de empr\u00e9stimo tempor\u00e1rio. <strong>Segundo estimativas da DGW (Sindicato alem\u00e3o), na Alemanha, h\u00e1 j\u00e1 900.000 pessoas empregados por firmas de empr\u00e9stimo de trabalhos tempor\u00e1rios, e estas ganham, em m\u00e9dia, um ter\u00e7o menos que o pessoal permanente.<\/strong> Isto tamb\u00e9m cria problemas de ordem social. Os sindicatos v\u00eaem como principal cavalo de batalha a imposi\u00e7\u00e3o do sal\u00e1rio m\u00ednimo a n\u00edvel de lei.<\/p>\n<p>Os mini \u2013 empregos proliferam por toda a Europa. Por outro lado o falso trabalho independente leva muito trabalhador a ter de se responsabilizar pelas consequ\u00eancias dos problemas criados no mercado de trabalho por uma ditadura financeira de car\u00e1cter an\u00f3nimo e por uma pol\u00edtica impotente que a acompanha.<\/p>\n<p>Um problema do futuro ser\u00e1 assegurar o trabalho bem pago! Uma consequ\u00eancia da globaliza\u00e7\u00e3o e da Uni\u00e3o Europeia tem sido a prolifera\u00e7\u00e3o de trabalhos prec\u00e1rios por toda a parte. Cria-se em todas as na\u00e7\u00f5es uma sapata comum de proletariado prec\u00e1rio. Assiste-se a uma destrui\u00e7\u00e3o sistem\u00e1tica de pessoas, fam\u00edlias e estados.<\/p>\n<p>Quem trabalha deve ter direito a poder viver, com o seu sal\u00e1rio, uma vida honrada. O trabalho que deveria ser honrado \u00e9 sistematicamente degradado.<\/p>\n<p>A situa\u00e7\u00e3o, a continuar a agravar-se, s\u00f3 deixa como esperan\u00e7a real o desejo duma bancarrota simult\u00e2nea dos estados, para se poder come\u00e7ar de novo. Doutro modo poder\u00e1 prever-se para o espa\u00e7o Europeu um cen\u00e1rio muito sombrio com conflitos sociais de grande alcance, atendendo a n\u00e3o ter de resolver os seus problemas mas tamb\u00e9m os duma popula\u00e7\u00e3o africana que tamb\u00e9m aspira a melhores dias!<\/p>\n<p><strong>O que est\u00e1 a acontecer com a Gr\u00e9cia e com Portugal \u00e9 pol\u00edtica e socialmente intoler\u00e1vel. Os abutres internacionais j\u00e1 n\u00e3o se contentam com a explora\u00e7\u00e3o dos trabalhadores nas f\u00e1bricas e do cidad\u00e3o, tornado cliente, como at\u00e9 j\u00e1 se atrevem, anonimamente, a humilhar e destruir na\u00e7\u00f5es.<\/strong><\/p>\n<p><strong>Ant\u00f3nio da Cunha Duarte Justo<\/strong><\/p>\n<p><a href=\"mailto:antoniocunhajusto@googlemail.com\">antoniocunhajusto@googlemail.com<\/a><\/p>\n<p><a href=\"https:\/\/antonio-justo.eu\/\">www.antonio-justo.eu<\/a><\/p>\n","protected":false},"excerpt":{"rendered":"<p>Dumping salarial \u2013 Uma Praga a alastrar-se por toda a Europa Ant\u00f3nio Justo Hoje dia 1 de Maio entra em vigor, na Uni\u00e3o Europeia, a livre circula\u00e7\u00e3o de trabalhadores e a livre presta\u00e7\u00e3o de servi\u00e7os tamb\u00e9m para os povos da europa de Leste: Pol\u00f3nia, Rep\u00fablica Checa, Eslov\u00e1quia, Hungria, Eslov\u00e9nia, Est\u00f3nia, Litu\u00e2nia, Let\u00f3nia. Ao abrigo da &hellip; <a href=\"https:\/\/antonio-justo.eu\/?p=1837\" class=\"more-link\">Continuar a ler <span class=\"screen-reader-text\">O 1\u00b0 de Maio na Defesa do Trabalhador e dos seus Bi\u00f3topos sociais<\/span><\/a><\/p>\n","protected":false},"author":1,"featured_media":0,"comment_status":"open","ping_status":"open","sticky":false,"template":"","format":"standard","meta":{"sfsi_plus_gutenberg_text_before_share":"","sfsi_plus_gutenberg_show_text_before_share":"","sfsi_plus_gutenberg_icon_type":"","sfsi_plus_gutenberg_icon_alignemt":"","sfsi_plus_gutenburg_max_per_row":"","footnotes":""},"categories":[14,4,6,7],"tags":[],"class_list":["post-1837","post","type-post","status-publish","format-standard","hentry","category-economia","category-educacao","category-migracao","category-politica"],"_links":{"self":[{"href":"https:\/\/antonio-justo.eu\/index.php?rest_route=\/wp\/v2\/posts\/1837","targetHints":{"allow":["GET"]}}],"collection":[{"href":"https:\/\/antonio-justo.eu\/index.php?rest_route=\/wp\/v2\/posts"}],"about":[{"href":"https:\/\/antonio-justo.eu\/index.php?rest_route=\/wp\/v2\/types\/post"}],"author":[{"embeddable":true,"href":"https:\/\/antonio-justo.eu\/index.php?rest_route=\/wp\/v2\/users\/1"}],"replies":[{"embeddable":true,"href":"https:\/\/antonio-justo.eu\/index.php?rest_route=%2Fwp%2Fv2%2Fcomments&post=1837"}],"version-history":[{"count":2,"href":"https:\/\/antonio-justo.eu\/index.php?rest_route=\/wp\/v2\/posts\/1837\/revisions"}],"predecessor-version":[{"id":1839,"href":"https:\/\/antonio-justo.eu\/index.php?rest_route=\/wp\/v2\/posts\/1837\/revisions\/1839"}],"wp:attachment":[{"href":"https:\/\/antonio-justo.eu\/index.php?rest_route=%2Fwp%2Fv2%2Fmedia&parent=1837"}],"wp:term":[{"taxonomy":"category","embeddable":true,"href":"https:\/\/antonio-justo.eu\/index.php?rest_route=%2Fwp%2Fv2%2Fcategories&post=1837"},{"taxonomy":"post_tag","embeddable":true,"href":"https:\/\/antonio-justo.eu\/index.php?rest_route=%2Fwp%2Fv2%2Ftags&post=1837"}],"curies":[{"name":"wp","href":"https:\/\/api.w.org\/{rel}","templated":true}]}}