{"id":1692,"date":"2011-02-14T11:42:46","date_gmt":"2011-02-14T10:42:46","guid":{"rendered":"https:\/\/antonio-justo.eu\/?p=1692"},"modified":"2011-02-14T11:42:46","modified_gmt":"2011-02-14T10:42:46","slug":"socrates-a-frente-do-socialismo-portugues-contra-a-defesa-dos-cristaos","status":"publish","type":"post","link":"https:\/\/antonio-justo.eu\/?p=1692","title":{"rendered":"S\u00f3crates \u00e0 frente do Socialismo Portugu\u00eas contra a Defesa dos Crist\u00e3os"},"content":{"rendered":"<p><strong><br \/>\n<\/strong><\/p>\n<p style=\"text-align: center;\"><span style=\"font-size: large;\"><strong>A Frac\u00e7\u00e3o da Chanceler alem\u00e3 quer que se assinale a Persegui\u00e7\u00e3o aos Crist\u00e3os<\/strong><\/span><\/p>\n<p>Ant\u00f3nio Justo<\/p>\n<p>Depois do falhan\u00e7o dos ministros dos neg\u00f3cios estrangeiros da Uni\u00e3o Europeia (EU), a Frac\u00e7\u00e3o da Uni\u00e3o (CDU e CSU) no Parlamento alem\u00e3o em Berlim exigiu da EU uma declara\u00e7\u00e3o comum pela liberdade religiosa em que se manifeste explicitamente a persegui\u00e7\u00e3o dos crist\u00e3os. Estes constituem, hoje, o grupo mais acossado e com mais v\u00edtimas da persegui\u00e7\u00e3o religiosa.<\/p>\n<p>Os ministros dos Neg\u00f3cios Estrangeiros, dos 27 Estados da Uni\u00e3o Europeia, n\u00e3o tinham conseguido uma declara\u00e7\u00e3o comum, devido ao boicote dos ministros dos neg\u00f3cios estrangeiros de Portugal, Espanha, Irlanda, Luxemburgo e Chipre!<\/p>\n<p>Em Portugal, os partidos n\u00e3o p\u00f5em na ordem do dia assuntos como este. Em muitas mat\u00e9rias, actuam, sem discuss\u00e3o, \u00e0 socapa do povo e parecem todos interessados numa desintegra\u00e7\u00e3o social. Toda a na\u00e7\u00e3o parece marchar ao ritmo da m\u00fasica duma esquerda vaga que se encontra acantonada nos organismos do Estado.<\/p>\n<p>Um centro direita, traumatizado ainda pelo 25 de Abril, n\u00e3o interfere em muitos assuntos relevantes para a na\u00e7\u00e3o, como \u00e9 o caso da pol\u00edtica escolar e cultural, deixando aos outros o remo! <strong>O povo \u00e9 entretido com pol\u00edticas opiniosas partid\u00e1rias ou com assuntos pol\u00edticos do dia-a-dia governativo sem que haja lugar para an\u00e1lises profundas da realidade nem previs\u00f5es s\u00e9rias para o futuro.<\/strong><\/p>\n<p>Com os movimentos republicanos, a ideologia ma\u00e7\u00f3nica e um bolchevismo subrept\u00edcio procuram relegar os assuntos religiosos para o foro privado, encarando-os como estorvo ao fomento do seu dom\u00ednio. Por outro lado, a m\u00e1 consci\u00eancia dos grupos secularistas enriquecidos com os roubos dos bens da Igreja aquando da institui\u00e7\u00e3o da Rep\u00fablica manteve um ressentimento das <strong>novas for\u00e7as nascentes que passaram a viver j\u00e1 n\u00e3o em torno do trono e do Altar mas como parasitas em torno dos \u00f3rg\u00e3os do Estado. <\/strong><\/p>\n<p>Os bar\u00f5es de ontem enriquecidos \u00e0 custa dos bens da Igreja s\u00e3o os Boys de hoje encostados aos bens do Estado.<\/p>\n<p><strong>O jacobinismo e o clericalismo<\/strong>, que n\u00e3o se encontra nas sociedades n\u00f3rdicas, <strong>fen\u00f3meno t\u00edpico de sociedades latinas<\/strong>, em Portugal, foram integrados nas organiza\u00e7\u00f5es secretas e partid\u00e1rias e seus ciclos intelectuais. N\u00e3o se trata de viver da afirma\u00e7\u00e3o ou da nega\u00e7\u00e3o de Deus; trata-se \u00e9 de criar as melhores condi\u00e7\u00f5es para que o Homem viva bem, independentemente dos seus credos e posi\u00e7\u00f5es pol\u00edticas.<\/p>\n<p>Esquecem-se que h\u00e1 muito tempo nos encontramos a caminho da luta entre as culturas. Facto \u00e9 que o socialismo \u00e9 o maior apoiante dum isl\u00e3o cada vez mais agressivo em rela\u00e7\u00e3o ao Ocidente. <strong>O equil\u00edbrio seculariza\u00e7\u00e3o-religi\u00e3o encontra-se em perigo, pelo facto de secularistas irrespons\u00e1veis apoiarem o obscurantismo religioso \u00e1rabe, e depreciarem sistematicamente o cristianismo, o que com o tempo fomentar\u00e1 extremismos religiosos tamb\u00e9m entre n\u00f3s. <\/strong>Esquecem que foi este meio cultural crist\u00e3o que fomentou e possibilitou a aplica\u00e7\u00e3o da democracia muito embora depauperada. Descuram que as ideologias pol\u00edticas passam mas a religi\u00e3o n\u00e3o passar\u00e1. Seria inteligente operar neste meio, de modo a possibilitar uma melhor praxis religiosa no sentido do reconhecimento rec\u00edproco. <strong>Uma pol\u00edtica superficial oculta ao povo os pr\u00f3ximos conflitos mundiais que se dar\u00e3o a n\u00edvel religioso e cultural! <\/strong><\/p>\n<p>Prescindimos duma rep\u00fablica de jacobinos como dispens\u00e1mos uma sociedade teocr\u00e1tica. Ambas impedem a pr\u00e1tica da cidadania respons\u00e1vel. O cultivo do ressentimento e da intoler\u00e2ncia a partir da tribuna do Estado \u00e9 ileg\u00edtimo e despreza a cultura do povo. Uma estrat\u00e9gia de destrui\u00e7\u00e3o de valores crist\u00e3os, em via, \u00e9 irrespons\u00e1vel, porque serrotam no galho em que se encontram e prejudicam o povo portugu\u00eas, por raz\u00f5es ideol\u00f3gicas.<\/p>\n<p>\n No contexto europeu, o jacobinismo anticrist\u00e3o instalado em \u00f3rg\u00e3os do Poder \u00e9 especialmente not\u00f3rio em Portugal e na Espanha!<\/p>\n<p>Ant\u00f3nio da Cunha Duarte Justo<\/p>\n<p>antoniocunhajusto@googlemail.com<\/p>\n<p><a href=\"..\/\"><br \/>\n<\/a><\/p>\n","protected":false},"excerpt":{"rendered":"<p>A Frac\u00e7\u00e3o da Chanceler alem\u00e3 quer que se assinale a Persegui\u00e7\u00e3o aos Crist\u00e3os Ant\u00f3nio Justo Depois do falhan\u00e7o dos ministros dos neg\u00f3cios estrangeiros da Uni\u00e3o Europeia (EU), a Frac\u00e7\u00e3o da Uni\u00e3o (CDU e CSU) no Parlamento alem\u00e3o em Berlim exigiu da EU uma declara\u00e7\u00e3o comum pela liberdade religiosa em que se manifeste explicitamente a persegui\u00e7\u00e3o &hellip; <a href=\"https:\/\/antonio-justo.eu\/?p=1692\" class=\"more-link\">Continuar a ler <span class=\"screen-reader-text\">S\u00f3crates \u00e0 frente do Socialismo Portugu\u00eas contra a Defesa dos Crist\u00e3os<\/span><\/a><\/p>\n","protected":false},"author":1,"featured_media":0,"comment_status":"open","ping_status":"open","sticky":false,"template":"","format":"standard","meta":{"sfsi_plus_gutenberg_text_before_share":"","sfsi_plus_gutenberg_show_text_before_share":"","sfsi_plus_gutenberg_icon_type":"","sfsi_plus_gutenberg_icon_alignemt":"","sfsi_plus_gutenburg_max_per_row":"","footnotes":""},"categories":[4,5,7,8],"tags":[],"class_list":["post-1692","post","type-post","status-publish","format-standard","hentry","category-educacao","category-escola","category-politica","category-religiao"],"_links":{"self":[{"href":"https:\/\/antonio-justo.eu\/index.php?rest_route=\/wp\/v2\/posts\/1692","targetHints":{"allow":["GET"]}}],"collection":[{"href":"https:\/\/antonio-justo.eu\/index.php?rest_route=\/wp\/v2\/posts"}],"about":[{"href":"https:\/\/antonio-justo.eu\/index.php?rest_route=\/wp\/v2\/types\/post"}],"author":[{"embeddable":true,"href":"https:\/\/antonio-justo.eu\/index.php?rest_route=\/wp\/v2\/users\/1"}],"replies":[{"embeddable":true,"href":"https:\/\/antonio-justo.eu\/index.php?rest_route=%2Fwp%2Fv2%2Fcomments&post=1692"}],"version-history":[{"count":2,"href":"https:\/\/antonio-justo.eu\/index.php?rest_route=\/wp\/v2\/posts\/1692\/revisions"}],"predecessor-version":[{"id":1694,"href":"https:\/\/antonio-justo.eu\/index.php?rest_route=\/wp\/v2\/posts\/1692\/revisions\/1694"}],"wp:attachment":[{"href":"https:\/\/antonio-justo.eu\/index.php?rest_route=%2Fwp%2Fv2%2Fmedia&parent=1692"}],"wp:term":[{"taxonomy":"category","embeddable":true,"href":"https:\/\/antonio-justo.eu\/index.php?rest_route=%2Fwp%2Fv2%2Fcategories&post=1692"},{"taxonomy":"post_tag","embeddable":true,"href":"https:\/\/antonio-justo.eu\/index.php?rest_route=%2Fwp%2Fv2%2Ftags&post=1692"}],"curies":[{"name":"wp","href":"https:\/\/api.w.org\/{rel}","templated":true}]}}