{"id":1564,"date":"2010-06-17T10:30:39","date_gmt":"2010-06-17T09:30:39","guid":{"rendered":"https:\/\/antonio-justo.eu\/?p=1564"},"modified":"2010-06-17T10:30:39","modified_gmt":"2010-06-17T09:30:39","slug":"a-suave-guerra-civil-contra-o-povo","status":"publish","type":"post","link":"https:\/\/antonio-justo.eu\/?p=1564","title":{"rendered":"A suave Guerra Civil contra o Povo"},"content":{"rendered":"<p style=\"text-align: center;\"><strong>EPICENTROS DA CRISE S\u00c3O A GR\u00c9CIA-ESPANHA-IRLANDA-PORTUGAL\u2026<\/strong><\/p>\n<p style=\"text-align: center;\"><strong>A suave Guerra Civil contra o Povo<\/strong><\/p>\n<p><strong>Ant\u00f3nio Justo<\/strong><\/p>\n<p><br class=\"spacer_\" \/><\/p>\n<p>A pol\u00edtica continua a dar raz\u00e3o aos especuladores que agora aumentam os seus lucros \u00e0 custa do Estado. <strong>Os Governos que salvaram os bancos da bancarrota logicamente tamb\u00e9m salvar\u00e3o os Estados da fal\u00eancia,<\/strong> \u00e0 custa da ru\u00edna do contribuinte e da qualidade de vida do povo. <strong>Os especuladores t\u00eam assim uma garantia de Estado quase a \u201cfundos pedidos\u201d. <\/strong><\/p>\n<p><strong> <\/strong><\/p>\n<p>Grandes bancos e especuladores compram os empr\u00e9stimos feitos \u00e0s empresas multinacionais, institutos banc\u00e1rios em crise e aos estados em fal\u00eancia a pre\u00e7os baixos; em seguida apresentam-nos aos Bancos Emissores de notas como garantia, do dinheiro fresco que estes, por sua vez, lhes emprestam a juros baix\u00edssimos. Com este dinheiro facilmente se atingem lucros em neg\u00f3cios especulativos. E assim nos encontramos na mesma din\u00e2mica da especula\u00e7\u00e3o como antes da crise financeira. O Deutsce Bank conseguiu no primeiro trimestre de 2010 um lucro de 2,8 mil milh\u00f5es de euros atrav\u00e9s de investimentos banc\u00e1rios (Investimentbanking). Assim se ganha tamb\u00e9m \u00e0 custa da crise grega.<\/p>\n<p><br class=\"spacer_\" \/><\/p>\n<p>A crise financeira ainda continua enfurecida no sector banc\u00e1rio e alarga-se aos Estados. O epicentro tornou-se a Gr\u00e9cia.<\/p>\n<p><br class=\"spacer_\" \/><\/p>\n<p>As elites dos estados ocidentais encontram-se desorientadas e sem cabe\u00e7a perante o liberalismo e o globalismo selvagens que apesar de tudo beneficiar\u00e3o a China, a \u00cdndia, o Brasil, etc.<\/p>\n<p><br class=\"spacer_\" \/><\/p>\n<p>A tempestade propagada pela crise dos bancos n\u00e3o passou; a dos bancos espanh\u00f3is ainda est\u00e1 para vir. A Espanha ter\u00e1 que se tornar pedinte da Uni\u00e3o Europeia para que a crise dos bancos n\u00e3o se torne numa crise do Estado. Com esta ac\u00e7\u00e3o contribuir\u00e1 para a manuten\u00e7\u00e3o da \u201cpraga dos gafanhotos\u201d das economias nacionais. <strong>A Espanha, devido \u00e0 falta de cr\u00e9dito, \u00e9, depois da Gr\u00e9cia, o pa\u00eds da zona euro que paga mais juros por empr\u00e9stimos dos bancos internacionais. Por cr\u00e9ditos, a prazo de dez anos, j\u00e1 paga 4,72 % de juros. (O juro que a Alemanha<\/strong> (pa\u00eds ainda com cr\u00e9dito)<strong> paga, por cr\u00e9ditos a prazo de dois anos, n\u00e3o chega a 0,5%). <\/strong>Em Maio, bancos espanh\u00f3is pediram ao EZB um empr\u00e9stimo de 85 mil milh\u00f5es de Euros frescos e baratos. A desvaloriza\u00e7\u00e3o do mercado imobili\u00e1rio na Espanha provocou uma grande crise nos bancos espanh\u00f3is. O problema n\u00e3o \u00e9 s\u00f3 dos bancos espanh\u00f3is dado estes, em 2009, deverem 112 mil milh\u00f5es de euros aos bancos internacionais, cabendo aos alem\u00e3es o quinh\u00e3o de 33 mil milh\u00f5es de euros. Os maiores credores de Espanha encontram-se nervosos mas n\u00e3o querem que se torne p\u00fablica a verdadeira situa\u00e7\u00e3o porque isso seria \u201cperigos\u00edssimo\u201d. O que os salva \u00e9 a esperan\u00e7a e a ingenuidade dos clientes. A caravana da crise ainda vai no adro!<\/p>\n<p><br class=\"spacer_\" \/><\/p>\n<p><strong>Todos os estados t\u00eam d\u00edvidas mastod\u00f4nticas e impag\u00e1veis.<\/strong> Disto ningu\u00e9m est\u00e1 interessado em falar! Os or\u00e7amentos do estado n\u00e3o conseguem, sequer, pagar, regularmente, os juros da d\u00edvida que t\u00eam. Em vez disso ainda aumentam as d\u00edvidas, de ano para ano, para poderem ir pagando parte dos juros.<\/p>\n<p><br class=\"spacer_\" \/><\/p>\n<p>Entre os pa\u00edses com maior <strong>d\u00e9fice de Estado<\/strong> temos a Gr\u00e9cia com -12,2%, a Irlanda com -14%, a Espanha com -10,1% e Portugal com -8,0%. A situa\u00e7\u00e3o das <strong>d\u00edvidas dos Estados, em percentagem relativamente ao PIB,<\/strong> atinge na Gr\u00e9cia os 124,9% do PIB, em Portugal 84,6%, na Irlanda 82,9% e na Espanha 66,3% (Cfr. EU Kommission, Sch\u00e4tzung 2010).<\/p>\n<p><br class=\"spacer_\" \/><\/p>\n<p>At\u00e9 agora a Pol\u00edtica tem desviado os olhos dos cidad\u00e3os para os Bancos e para assuntos secund\u00e1rios, para assim se ilibarem da responsabilidade. Alguns pol\u00edticos j\u00e1 come\u00e7am atempadamente a abandonar a pol\u00edtica e a procurar o seu ganha-p\u00e3o em bons reservados da economia. O poder de compra das camadas baixas e m\u00e9dia cada vez \u00e9 menor. O povo vai dando azo \u00e0 ilus\u00e3o barafustando contra a pol\u00edtica, fazendo manifesta\u00e7\u00f5es, exigindo novas elei\u00e7\u00f5es, e, ao mesmo tempo, compensando com futebol e sexo.<\/p>\n<p><br class=\"spacer_\" \/><\/p>\n<p>Uma classe pol\u00edtica sem \u00e9tica social serve-se e serve os seus iguais; safam-se, n\u00e3o se importando com o dil\u00favio que deixam atr\u00e1s de si, e que se aproxima paulatinamente mas com seguran\u00e7a.<\/p>\n<p>.<\/p>\n<p><br class=\"spacer_\" \/><\/p>\n<p>A insatisfa\u00e7\u00e3o popular vai crescendo at\u00e9 chegar a ponto de criar novas realidades a n\u00edvel parlamentar.<\/p>\n<p>Os governos ainda conseguem tapar a boca aos sindicatos. Com o tempo s\u00f3 as igrejas e movimentos sociais poder\u00e3o fazer ouvir a voz do povo.<\/p>\n<p><br class=\"spacer_\" \/><\/p>\n<p>Na Uni\u00e3o Europeia, encontramo-nos num processo de desmantelamento da ordem social e \u00e9tica, em luta impl\u00edcita contra a cultura nacional e contra o Povo. Os governos d\u00e3o cobertura a uma palavra de ordem que parece pairar no ar: <strong>ricos e elites do mundo, uni-vos na pol\u00edtica dos abastados contra o cidad\u00e3o m\u00e9dio e baixo<\/strong>.<\/p>\n<p><br class=\"spacer_\" \/><\/p>\n<p>O te\u00f3logo jesu\u00edta Friedhelm Hengsbach, perito em \u00e9tica social, referindo-se \u00e0s medidas dos governantes em rela\u00e7\u00e3o ao povo, diz<strong>: \u201cisto \u00e9 pol\u00edtica no interesse dos abastados, uma guerra civil contra o povo simples\u201d<\/strong>.<\/p>\n<p><br class=\"spacer_\" \/><\/p>\n<p>As institui\u00e7\u00f5es estatais e os Media encontram-se de tal modo implicadas e comprometidos com o sistema partid\u00e1rio que cada vez oferece menos garantia e menos confian\u00e7a ao cidad\u00e3o. Os tribunais precisariam de compet\u00eancia e autoridade para poderem garantir um m\u00ednimo de justi\u00e7a pautada por valores sociais fundamentais. As Igrejas precisariam de maior coragem e menos medo dos que se apoderaram do Estado; o povo \u00e9 o seu meio e este precisa de ser acordado! Os sindicatos precisariam de independ\u00eancia partid\u00e1ria para ganharem autoridade: n\u00e3o chega a defesa do emprego e do sal\u00e1rio.<\/p>\n<p><br class=\"spacer_\" \/><\/p>\n<p>\u00c0 guerra contra os fundamentos da pr\u00f3pria cultura, contra a \u00e9tica crist\u00e3, contra a fam\u00edlia e contra a na\u00e7\u00e3o segue-se a guerra contra o povo simples, acaba-se com a democracia social. Antes havia comunistas e capitalistas, conservadores e progressistas agora sobressaem os oportunistas. <strong>A Europa j\u00e1 parece cansada de t\u00e3o longa paz<\/strong>, cansada dos ideais que a tornaram presente no mundo; quer passar ao pragmatismo relativista e ao sofismo, pr\u00f3prios dos per\u00edodos de transi\u00e7\u00e3o da Hist\u00f3ria humana.<\/p>\n<p><br class=\"spacer_\" \/><\/p>\n<p>Ant\u00f3nio da Cunha Duarte Justo<\/p>\n<p><a href=\"..\/\"><br \/>\n<\/a><\/p>\n","protected":false},"excerpt":{"rendered":"<p>EPICENTROS DA CRISE S\u00c3O A GR\u00c9CIA-ESPANHA-IRLANDA-PORTUGAL\u2026 A suave Guerra Civil contra o Povo Ant\u00f3nio Justo A pol\u00edtica continua a dar raz\u00e3o aos especuladores que agora aumentam os seus lucros \u00e0 custa do Estado. Os Governos que salvaram os bancos da bancarrota logicamente tamb\u00e9m salvar\u00e3o os Estados da fal\u00eancia, \u00e0 custa da ru\u00edna do contribuinte e &hellip; <a href=\"https:\/\/antonio-justo.eu\/?p=1564\" class=\"more-link\">Continuar a ler <span class=\"screen-reader-text\">A suave Guerra Civil contra o Povo<\/span><\/a><\/p>\n","protected":false},"author":1,"featured_media":0,"comment_status":"open","ping_status":"open","sticky":false,"template":"","format":"standard","meta":{"sfsi_plus_gutenberg_text_before_share":"","sfsi_plus_gutenberg_show_text_before_share":"","sfsi_plus_gutenberg_icon_type":"","sfsi_plus_gutenberg_icon_alignemt":"","sfsi_plus_gutenburg_max_per_row":"","footnotes":""},"categories":[7,1],"tags":[],"class_list":["post-1564","post","type-post","status-publish","format-standard","hentry","category-politica","category-sem-categoria"],"_links":{"self":[{"href":"https:\/\/antonio-justo.eu\/index.php?rest_route=\/wp\/v2\/posts\/1564","targetHints":{"allow":["GET"]}}],"collection":[{"href":"https:\/\/antonio-justo.eu\/index.php?rest_route=\/wp\/v2\/posts"}],"about":[{"href":"https:\/\/antonio-justo.eu\/index.php?rest_route=\/wp\/v2\/types\/post"}],"author":[{"embeddable":true,"href":"https:\/\/antonio-justo.eu\/index.php?rest_route=\/wp\/v2\/users\/1"}],"replies":[{"embeddable":true,"href":"https:\/\/antonio-justo.eu\/index.php?rest_route=%2Fwp%2Fv2%2Fcomments&post=1564"}],"version-history":[{"count":1,"href":"https:\/\/antonio-justo.eu\/index.php?rest_route=\/wp\/v2\/posts\/1564\/revisions"}],"predecessor-version":[{"id":1565,"href":"https:\/\/antonio-justo.eu\/index.php?rest_route=\/wp\/v2\/posts\/1564\/revisions\/1565"}],"wp:attachment":[{"href":"https:\/\/antonio-justo.eu\/index.php?rest_route=%2Fwp%2Fv2%2Fmedia&parent=1564"}],"wp:term":[{"taxonomy":"category","embeddable":true,"href":"https:\/\/antonio-justo.eu\/index.php?rest_route=%2Fwp%2Fv2%2Fcategories&post=1564"},{"taxonomy":"post_tag","embeddable":true,"href":"https:\/\/antonio-justo.eu\/index.php?rest_route=%2Fwp%2Fv2%2Ftags&post=1564"}],"curies":[{"name":"wp","href":"https:\/\/api.w.org\/{rel}","templated":true}]}}