{"id":1479,"date":"2010-03-02T19:37:31","date_gmt":"2010-03-02T18:37:31","guid":{"rendered":"https:\/\/antonio-justo.eu\/?p=1479"},"modified":"2010-03-02T19:37:31","modified_gmt":"2010-03-02T18:37:31","slug":"conselho-da-area-consular-de-frankfurt","status":"publish","type":"post","link":"https:\/\/antonio-justo.eu\/?p=1479","title":{"rendered":"Conselho da \u00e1rea consular de Frankfurt"},"content":{"rendered":"<p>CONSELHO CONSULTIVO DA \u00c1REA CONSULAR DE FRANKFURT<\/p>\n<p><strong> Sua Constitui\u00e7\u00e3o<\/strong><\/p>\n<p>O Vice-c\u00f4nsul <strong>Ab\u00edlio Dias Ferreira<\/strong> convocou as associa\u00e7\u00f5es e os professores da \u00e1rea consular para uma reuni\u00e3o de elei\u00e7\u00e3o de pessoal, a nomear pelo titular do posto consular, para o Conselho Consultivo da \u00c1rea Consular de Frankfurt. Ap\u00f3s a reuni\u00e3o efectuada no Consulado, a 25 de Janeiro de 2010, o Vice-c\u00f4nsul <strong>Ab\u00edlio Dias Ferreira<\/strong> apresentou a lista do Conselho que consta dos seguintes membros:<\/p>\n<p><strong>Ab\u00edlio Dias Ferreira,<\/strong> Vice-c\u00f4nsul<\/p>\n<p><strong>Irene<\/strong><strong> da Gl\u00f3ria<\/strong><strong> Rodrigues,<\/strong> Assistente Adm. Especialista do Consulado<\/p>\n<p><strong>F\u00e1tima Veiga<\/strong><strong> <\/strong><\/p>\n<p><strong>Maria de Jesus Kr\u00e4mer<\/strong><\/p>\n<p><strong>Teo Ferrer Mesquita<\/strong><\/p>\n<p><strong>Ant\u00f3nio da Cunha Duarte Justo <\/strong><\/p>\n<p><strong>Bruno Lopes<\/strong><\/p>\n<p><strong>Dina Maria Andr\u00e9 <\/strong><\/p>\n<p><strong>Jos\u00e9 Apolin\u00e1rio Madeira Pires <\/strong><\/p>\n<p><strong>Jos\u00e9 Lu\u00eds Coelho<\/strong><\/p>\n<p><strong>Manuel Rubens da Costa<\/strong><\/p>\n<p><strong> <\/strong><\/p>\n<p>O n\u00famero de conselheiros depende, segundo a lei, do n\u00famero de portugueses inscritos no Consulado.<\/p>\n<p>\u00c9 da compet\u00eancia do conselho \u201cproduzir informa\u00e7\u00f5es e pareceres sobre mat\u00e9rias que afectem os portugueses residentes\u201d e\u00a0 \u201celaborar e propor recomenda\u00e7\u00f5es respeitantes \u00e0 aplica\u00e7\u00e3o das pol\u00edticas dirigidas \u00e0s comunidades portuguesas\u201d, como refere o Artigo 16\u00b0 do Decreto-Lei\u00a0 n.\u00ba 71\/2009 de 31 de Marco..<\/p>\n<p><strong> <\/strong><\/p>\n<p>O conselho funciona por um per\u00edodo de dois anos e meio. Re\u00fane-se ordinariamente tr\u00eas vezes por ano e \u201cextraordinariamente por iniciativa do seu presidente ou a requerimento de, pelo menos, um ter\u00e7o dos seus membros\u201d.<\/p>\n<p><strong>Ant\u00f3nio da Cunha Duarte Justo <\/strong><\/p>\n<p><a href=\"mailto:antoniocunhajusto@googlemail.com\">antoniocunhajusto@googlemail.com<\/a><\/p>\n","protected":false},"excerpt":{"rendered":"<p>CONSELHO CONSULTIVO DA \u00c1REA CONSULAR DE FRANKFURT Sua Constitui\u00e7\u00e3o O Vice-c\u00f4nsul Ab\u00edlio Dias Ferreira convocou as associa\u00e7\u00f5es e os professores da \u00e1rea consular para uma reuni\u00e3o de elei\u00e7\u00e3o de pessoal, a nomear pelo titular do posto consular, para o Conselho Consultivo da \u00c1rea Consular de Frankfurt. Ap\u00f3s a reuni\u00e3o efectuada no Consulado, a 25 de &hellip; <a href=\"https:\/\/antonio-justo.eu\/?p=1479\" class=\"more-link\">Continuar a ler <span class=\"screen-reader-text\">Conselho da \u00e1rea consular de Frankfurt<\/span><\/a><\/p>\n","protected":false},"author":1,"featured_media":0,"comment_status":"open","ping_status":"open","sticky":false,"template":"","format":"standard","meta":{"sfsi_plus_gutenberg_text_before_share":"","sfsi_plus_gutenberg_show_text_before_share":"","sfsi_plus_gutenberg_icon_type":"","sfsi_plus_gutenberg_icon_alignemt":"","sfsi_plus_gutenburg_max_per_row":"","footnotes":""},"categories":[6,7],"tags":[],"class_list":["post-1479","post","type-post","status-publish","format-standard","hentry","category-migracao","category-politica"],"_links":{"self":[{"href":"https:\/\/antonio-justo.eu\/index.php?rest_route=\/wp\/v2\/posts\/1479","targetHints":{"allow":["GET"]}}],"collection":[{"href":"https:\/\/antonio-justo.eu\/index.php?rest_route=\/wp\/v2\/posts"}],"about":[{"href":"https:\/\/antonio-justo.eu\/index.php?rest_route=\/wp\/v2\/types\/post"}],"author":[{"embeddable":true,"href":"https:\/\/antonio-justo.eu\/index.php?rest_route=\/wp\/v2\/users\/1"}],"replies":[{"embeddable":true,"href":"https:\/\/antonio-justo.eu\/index.php?rest_route=%2Fwp%2Fv2%2Fcomments&post=1479"}],"version-history":[{"count":1,"href":"https:\/\/antonio-justo.eu\/index.php?rest_route=\/wp\/v2\/posts\/1479\/revisions"}],"predecessor-version":[{"id":1480,"href":"https:\/\/antonio-justo.eu\/index.php?rest_route=\/wp\/v2\/posts\/1479\/revisions\/1480"}],"wp:attachment":[{"href":"https:\/\/antonio-justo.eu\/index.php?rest_route=%2Fwp%2Fv2%2Fmedia&parent=1479"}],"wp:term":[{"taxonomy":"category","embeddable":true,"href":"https:\/\/antonio-justo.eu\/index.php?rest_route=%2Fwp%2Fv2%2Fcategories&post=1479"},{"taxonomy":"post_tag","embeddable":true,"href":"https:\/\/antonio-justo.eu\/index.php?rest_route=%2Fwp%2Fv2%2Ftags&post=1479"}],"curies":[{"name":"wp","href":"https:\/\/api.w.org\/{rel}","templated":true}]}}