{"id":1444,"date":"2009-10-09T19:40:00","date_gmt":"2009-10-09T18:40:00","guid":{"rendered":"https:\/\/antonio-justo.eu\/?p=1444"},"modified":"2009-10-09T19:40:00","modified_gmt":"2009-10-09T18:40:00","slug":"portugal-continua-esquerdo-e-a-alemanha-centro-direita","status":"publish","type":"post","link":"https:\/\/antonio-justo.eu\/?p=1444","title":{"rendered":"PORTUGAL CONTINUA ESQUERDO E A ALEMANHA CENTRO DIREITA"},"content":{"rendered":"<p><span style=\"font-weight:bold;\"><\/span><br \/><span style=\"font-weight:bold;\">                  RAZ\u00c3O PORQUE PORTUGAL N\u00c3O SE ENDIREITA<\/span><br \/>Ant\u00f3nio Justo<br \/>Se Portugal durante o Estado Novo se encontrava torto \u00e0 direita, com o 25 de Abril tornou-se torto \u00e0 esquerda! Um pa\u00eds que obriga o povo a safar-se pela esperteza e n\u00e3o pela intelig\u00eancia s\u00f3 poder\u00e1 produzir governantes espertos! A esperteza vive do provis\u00f3rio, sempre sem tempo para viver mas para se safar.<br \/>Segundo os resultados eleitorais para o Legislativo, de 27 de Setembro \u00faltimo, Portugal continua um pa\u00eds de esquerda e a Alemanha um pa\u00eds de centro direita. <br \/>Em Portugal a esquerda conta com 118 deputados (PS 97, BE 16 e CDU (Comunistas) 15), e o Centro Direita com 102 (PSD 81 e CDS-PP 21), no Parlamento. Portugal, na sua maioria \u00e9 esquerda e a administra\u00e7\u00e3o, de maneira geral encontra-se nas m\u00e3os de partid\u00e1rios. Na pra\u00e7a p\u00fablica a vida da na\u00e7\u00e3o \u00e9 discutida sob a perspectiva de interesses partid\u00e1rios. Em Portugal o povo n\u00e3o est\u00e1 presente na opini\u00e3o p\u00fablica nem no discurso pol\u00edtico. Presentes est\u00e3o os pol\u00edticos! Os pol\u00edticos s\u00f3 parecem conhecer-se e acreditarem em si mesmos. Para os pol\u00edticos portugueses a na\u00e7\u00e3o \u00e9 uma coisa ultrapassada, o futuro vem do estrangeiro, das remessas dos emigrantes e dos apoios da Uni\u00e3o Europeia!<br \/>Na Alemanha o Centro Direita conseguiu para o Parlamento 330 deputados (Uni\u00e3o de Crist\u00e3os democratas &#8211; CDU e sociais democratas &#8211; CSU 237 e Liberais &#8211; FDP 93) e a Esquerda 290 deputados, dos quais SPD 147, Verdes 67 e Esquerdos-Linke 76. <\/p>\n<p>De notar que na Alemanha o partido da esquerda SPD que corresponderia, diria eu, a n\u00edvel de fam\u00edlia pol\u00edtica ao PS, na realidade est\u00e1 mais perto do PSD portugu\u00eas do que do PS. O SPD \u00e9 pragm\u00e1tico enquanto que o PS \u00e9 ideol\u00f3gico! Os Verdes alem\u00e3es integram neles elementos conservadores e progressistas. <br \/>A Alemanha, na sua maioria \u00e9 conservadora e na sua administra\u00e7\u00e3o encontram-se cidad\u00e3os com consci\u00eancia t\u00e9cnica. Na pra\u00e7a p\u00fablica alem\u00e3 a vida da na\u00e7\u00e3o \u00e9 discutida pelos pol\u00edticos e pela sociedade, sob a perspectiva dos interesses do pa\u00eds. Na Alemanha o povo est\u00e1 presente na opini\u00e3o p\u00fablica e na pol\u00edtica e h\u00e1 uma vida c\u00edvica muito organizada: poder-se-ia dizer: cada alem\u00e3o \u00e9 uma associa\u00e7\u00e3o! Os pol\u00edticos mant\u00eam-se reservados. Na Alemanha os pol\u00edticos acreditam na na\u00e7\u00e3o e v\u00eaem o futuro nela. <br \/>Estas s\u00e3o apenas algumas impress\u00f5es provocantes sobre algo do que observo em Portugal e na Alemanha. Se comparo os notici\u00e1rios dum pa\u00eds com o outro, tenho a impress\u00e3o que, enquanto na Alemanha se relatam mais os assuntos objectivos nacionais, no telejornal portugu\u00eas d\u00e1 a impress\u00e3o de Portugal andar em campanha eleitoral durante toda a legislatura. Na Alemanha, as not\u00edcias s\u00e3o narradas, em Portugal s\u00e3o encenadas: mais que as not\u00edcias o que parece de import\u00e2ncia s\u00e3o as cores, o locutor e os sentimentos! Dum lado cultiva-se a raz\u00e3o, do outro a paix\u00e3o!<br \/>Dois povos, dois destinos. Como \u00e9 sabido os conservadores sabem criar riqueza e os progressistas sabem gast\u00e1-la.<\/p>\n<p>S\u00f3crates, na nova legislatura teria a oportunidade de deixar de ser um socialista jacobino para se tornar num homem der estado. A mentalidade oportuna e correcta obrigar\u00e1, por\u00e9m, esta elite portuguesa a continuar a optar pela esperteza \u00e0 custa da intelig\u00eancia e da na\u00e7\u00e3o. A esperteza aconselh\u00e1-lo-\u00e1 a fazer coliga\u00e7\u00e3o com o CDS-PP para depois se poder rir dum centro direita sem espinha dorsal, a quem poder\u00e1 dar alguns postos para assim contaminar o esp\u00edrito conservador portugu\u00eas!&#8230;<br \/>O PS sabe que o pa\u00eds votou esquerda e chega-lhe para poder fazer o que quiser. Far\u00e1 acordos ad hoc com os partidos da esquerda desacreditando-os e responsabilizando-os tamb\u00e9m pelas incompet\u00eancias dum Estado demasiado caduco para se poder erguer.<\/p>\n<p>No pr\u00f3ximo Domingo, haver\u00e1 elei\u00e7\u00f5es para as aut\u00e1rquicas! Naturalmente que o povo continuar\u00e1 a fazer o que aprendeu: jogar \u00e0s elei\u00e7\u00f5es. Ser\u00e1 que quem nasce torto n\u00e3o ter\u00e1 hip\u00f3tese de se endireitar? Porque n\u00e3o deixamos de ser um pa\u00eds de ilus\u00e3o, de desiludidos <br \/>e de invejosos? <br \/>Portugal sofre altamente de esquerdismo. Ele precisa das duas pernas; da esquerda e da direita, de ambas fortes! Portugal n\u00e3o pode continuar como at\u00e9 aqui! No tempo de guerra n\u00e3o se limpam armas! Portugal tem uma grande cultura e um grande povo com imensas potencialidades adormecidas. Diz-se que Portugal n\u00e3o tem tiros para melros!&#8230; Um povo que l\u00e1 fora enriquece outros povos n\u00e3o pode continuar a suportar chicos espertos e cucos. En casa tamb\u00e9m se podem fazer milagres! Para isso pressup\u00f5e-se a distin\u00e7\u00e3o entre politiquice e pol\u00edtica.<br \/>Ant\u00f3nio da Cunha Duarte Justo <br \/>antoniocunhajusto@googlemail.com<\/p>\n","protected":false},"excerpt":{"rendered":"<p>RAZ\u00c3O PORQUE PORTUGAL N\u00c3O SE ENDIREITAAnt\u00f3nio JustoSe Portugal durante o Estado Novo se encontrava torto \u00e0 direita, com o 25 de Abril tornou-se torto \u00e0 esquerda! Um pa\u00eds que obriga o povo a safar-se pela esperteza e n\u00e3o pela intelig\u00eancia s\u00f3 poder\u00e1 produzir governantes espertos! A esperteza vive do provis\u00f3rio, sempre sem tempo para viver &hellip; <a href=\"https:\/\/antonio-justo.eu\/?p=1444\" class=\"more-link\">Continuar a ler <span class=\"screen-reader-text\">PORTUGAL CONTINUA ESQUERDO E A ALEMANHA CENTRO DIREITA<\/span><\/a><\/p>\n","protected":false},"author":1,"featured_media":0,"comment_status":"open","ping_status":"open","sticky":false,"template":"","format":"standard","meta":{"sfsi_plus_gutenberg_text_before_share":"","sfsi_plus_gutenberg_show_text_before_share":"","sfsi_plus_gutenberg_icon_type":"","sfsi_plus_gutenberg_icon_alignemt":"","sfsi_plus_gutenburg_max_per_row":"","footnotes":""},"categories":[1],"tags":[],"class_list":["post-1444","post","type-post","status-publish","format-standard","hentry","category-sem-categoria"],"_links":{"self":[{"href":"https:\/\/antonio-justo.eu\/index.php?rest_route=\/wp\/v2\/posts\/1444","targetHints":{"allow":["GET"]}}],"collection":[{"href":"https:\/\/antonio-justo.eu\/index.php?rest_route=\/wp\/v2\/posts"}],"about":[{"href":"https:\/\/antonio-justo.eu\/index.php?rest_route=\/wp\/v2\/types\/post"}],"author":[{"embeddable":true,"href":"https:\/\/antonio-justo.eu\/index.php?rest_route=\/wp\/v2\/users\/1"}],"replies":[{"embeddable":true,"href":"https:\/\/antonio-justo.eu\/index.php?rest_route=%2Fwp%2Fv2%2Fcomments&post=1444"}],"version-history":[{"count":0,"href":"https:\/\/antonio-justo.eu\/index.php?rest_route=\/wp\/v2\/posts\/1444\/revisions"}],"wp:attachment":[{"href":"https:\/\/antonio-justo.eu\/index.php?rest_route=%2Fwp%2Fv2%2Fmedia&parent=1444"}],"wp:term":[{"taxonomy":"category","embeddable":true,"href":"https:\/\/antonio-justo.eu\/index.php?rest_route=%2Fwp%2Fv2%2Fcategories&post=1444"},{"taxonomy":"post_tag","embeddable":true,"href":"https:\/\/antonio-justo.eu\/index.php?rest_route=%2Fwp%2Fv2%2Ftags&post=1444"}],"curies":[{"name":"wp","href":"https:\/\/api.w.org\/{rel}","templated":true}]}}