{"id":1437,"date":"2009-09-25T10:58:00","date_gmt":"2009-09-25T09:58:00","guid":{"rendered":"https:\/\/antonio-justo.eu\/?p=1437"},"modified":"2009-09-25T10:58:00","modified_gmt":"2009-09-25T09:58:00","slug":"votar-ou-nao-votar-%e2%80%93-pros-e-contras","status":"publish","type":"post","link":"https:\/\/antonio-justo.eu\/?p=1437","title":{"rendered":"VOTAR OU N\u00c3O VOTAR \u2013 PR\u00d3S E CONTRAS"},"content":{"rendered":"<p><span style=\"font-weight:bold;\"><\/span><span style=\"font-weight:bold;\">Da Democracia Partid\u00e1ria para a Democracia Civil<\/span><br \/>Ant\u00f3nio Justo<br \/>As desilus\u00f5es acerca de pol\u00edticos e pol\u00edticas, a sua complexidade e falta de informa\u00e7\u00e3o objectiva, motivam uns cidad\u00e3os e desmotivam outros a deslocarem-se aos locais de voto.<\/p>\n<p>Cada vez se torna mais dif\u00edcil permanecer fiel a um partido ou a encontrar um que satisfa\u00e7a a pr\u00f3pria vis\u00e3o pol\u00edtica. As liga\u00e7\u00f5es sociais e culturais tradicionais de filiados e adeptos t\u00eam sido sistematicamente desacreditadas. A desilus\u00e3o conduz muitos a n\u00e3o votarem. Os partidos, cada vez se desvinculam mais das regi\u00f5es, da natureza e do povo, para darem mais relev\u00e2ncia \u00e0 ideologia e \u00e0 banalidade pragmatista. Em Portugal a macrocefalia com a sua concentra\u00e7\u00e3o em Lisboa mais agudiza a problem\u00e1tica duma na\u00e7\u00e3o cada vez mais estranha a si mesma.<\/p>\n<p>Os eleitores protestadores querem manifestar com o voto o seu descontentamento para com os governantes quando fazem uso do boletim de voto para colocarem o nome duma pessoa ou partido n\u00e3o considerado na lista (tornando o voto inv\u00e1lido, colocando a cruz em todos os partidos ou votando no considerado irrelevante).<\/p>\n<p>Os eleitores t\u00e1cticos procuram com o seu voto fomentar coliga\u00e7\u00f5es.<\/p>\n<p>Os eleitores bonzinhos querem ver na pol\u00edtica vis\u00f5es, justi\u00e7a, o que ela, em democracia partid\u00e1ria, n\u00e3o pode dar. Esperam uma pol\u00edtica de vis\u00e3o completa e n\u00e3o partida, esquecendo que o Partido \u00e9 partido n\u00e3o podendo pela sua ess\u00eancia ser inteiro.<\/p>\n<p>Os abstencionistas tornam-se, entretanto, num partido com aspira\u00e7\u00f5es a maiorit\u00e1rio. Uns protestam, outros n\u00e3o sabem o que eleger; outros sabem mas n\u00e3o querem, pelas mais diversas raz\u00f5es. Tamb\u00e9m os h\u00e1 que n\u00e3o votam para que o partido n\u00e3o seja indemnizado pelo dinheiro do Estado, na comparticipa\u00e7\u00e3o devida por votante.<\/p>\n<p>Na imprensa aparecem opini\u00f5es a defender a participa\u00e7\u00e3o com o voto e outras contra ela.<\/p>\n<p>Os defensores da participa\u00e7\u00e3o nas elei\u00e7\u00f5es argumentam com a obriga\u00e7\u00e3o civil livre de votar. Assim, o eleitor pode influenciar a governa\u00e7\u00e3o dos 4 anos e manifestar que est\u00e1 atento \u00e0 pol\u00edtica, podendo mais facilmente critic\u00e1-la ou aplaudi-la. Quanto menos o poder popular se manifestar mais oportunidade d\u00e1 a grupos de interesse duvidoso. A n\u00e3o participa\u00e7\u00e3o no acto eleitoral favorece extremismos. <\/p>\n<p>Os defensores da absten\u00e7\u00e3o nas elei\u00e7\u00f5es argumentam que os n\u00e3o votantes n\u00e3o t\u00eam outra alternativa nas listas de elei\u00e7\u00f5es que possibilitem mostrar o seu protesto e descontentamento com a pol\u00edtica vigente. Muitos n\u00e3o eleitores, mais que por indiferen\u00e7a, n\u00e3o alinham na elei\u00e7\u00e3o de partidos que se desviaram do povo que deixaram de representar para defenderem ideologias. Mostram que perceberam o teatro das campanhas eleitorais n\u00e3o reconhecendo nelas alternativas. Muitos n\u00e3o v\u00e3o votar para se contraporem \u00e0 domin\u00e2ncia dos partidos que se assenhorearam da pra\u00e7a p\u00fablica (do Estado) avassalando a forma\u00e7\u00e3o de organiza\u00e7\u00f5es c\u00edvicas. Muitos querem uma democracia menos representativa e mais directa, como na Sui\u00e7a. <\/p>\n<p>Embora o meu partido inoficioso seja o do arco-\u00edris, aconselho todo o cidad\u00e3o a considerar bem o seu voto e, no caso excepcional de n\u00e3o votar, organizar ou entrar numa associa\u00e7\u00e3o c\u00edvica que tente intervir directa ou indirectamente na pol\u00edtica. Facto \u00e9 que quem n\u00e3o vota continua a deixar os outros falar e agir em seu nome, sem possibilidade de, pelo menos, protestar perante o partido em que votou.<\/p>\n<p>Muito embora os partidos se tenham assenhoreado de tudo o que \u00e9 relevante no Estado, isto n\u00e3o pode constituir motivo para a ren\u00fancia \u00e0 implementa\u00e7\u00e3o duma sociedade civil adulta que mais tarde corrigir\u00e1 os v\u00edcios da democracia partid\u00e1ria no sentido duma democracia civil.<\/p>\n<p>Na discuss\u00e3o pol\u00edtica n\u00e3o se encontra um partido da classe m\u00e9dia nem um partido conservador, nem t\u00e3o-pouco s\u00e3o tematizadas as questoes que o Partido Pirata vai colocando por essa europa fora e que s\u00e3o muito oportunas. De facto n\u00e3o \u00e9 bom que a esquerda continue a privatizar o saber e o capitalismo a propriedade. Socialismo e turbocapitalismo s\u00e3o irm\u00e3os g\u00e9meos sorvendo da pessoa o seu esp\u00edrito para o colectivizar e proletarizar em fun\u00e7\u00e3o de superstruturas em que o indiv\u00edduo n\u00e3o vale nem tem lugar. <span style=\"font-weight:bold;\">Se queremos ser coerentes e humanos teremos de transformar todas as institui\u00e7\u00f5es pol\u00edticas e econ\u00f3micas em verdadeiras oficinas de futuro, um futuro aberto e solid\u00e1rio!<\/span> Para isso torna-se \u00f3bvio participar e contribuir para superar as velhas frentes de esquerda e de direita! O futuro j\u00e1 come\u00e7a a estar presente numa vis\u00e3o integral de participa\u00e7\u00e3o na complementaridade.<br \/>Ant\u00f3nio da Cunha Duarte Justo<br \/>antoniocunhajusto@googlemail.com<\/p>\n","protected":false},"excerpt":{"rendered":"<p>Da Democracia Partid\u00e1ria para a Democracia CivilAnt\u00f3nio JustoAs desilus\u00f5es acerca de pol\u00edticos e pol\u00edticas, a sua complexidade e falta de informa\u00e7\u00e3o objectiva, motivam uns cidad\u00e3os e desmotivam outros a deslocarem-se aos locais de voto. Cada vez se torna mais dif\u00edcil permanecer fiel a um partido ou a encontrar um que satisfa\u00e7a a pr\u00f3pria vis\u00e3o pol\u00edtica. &hellip; <a href=\"https:\/\/antonio-justo.eu\/?p=1437\" class=\"more-link\">Continuar a ler <span class=\"screen-reader-text\">VOTAR OU N\u00c3O VOTAR \u2013 PR\u00d3S E CONTRAS<\/span><\/a><\/p>\n","protected":false},"author":1,"featured_media":0,"comment_status":"open","ping_status":"open","sticky":false,"template":"","format":"standard","meta":{"sfsi_plus_gutenberg_text_before_share":"","sfsi_plus_gutenberg_show_text_before_share":"","sfsi_plus_gutenberg_icon_type":"","sfsi_plus_gutenberg_icon_alignemt":"","sfsi_plus_gutenburg_max_per_row":"","footnotes":""},"categories":[1],"tags":[],"class_list":["post-1437","post","type-post","status-publish","format-standard","hentry","category-sem-categoria"],"_links":{"self":[{"href":"https:\/\/antonio-justo.eu\/index.php?rest_route=\/wp\/v2\/posts\/1437","targetHints":{"allow":["GET"]}}],"collection":[{"href":"https:\/\/antonio-justo.eu\/index.php?rest_route=\/wp\/v2\/posts"}],"about":[{"href":"https:\/\/antonio-justo.eu\/index.php?rest_route=\/wp\/v2\/types\/post"}],"author":[{"embeddable":true,"href":"https:\/\/antonio-justo.eu\/index.php?rest_route=\/wp\/v2\/users\/1"}],"replies":[{"embeddable":true,"href":"https:\/\/antonio-justo.eu\/index.php?rest_route=%2Fwp%2Fv2%2Fcomments&post=1437"}],"version-history":[{"count":0,"href":"https:\/\/antonio-justo.eu\/index.php?rest_route=\/wp\/v2\/posts\/1437\/revisions"}],"wp:attachment":[{"href":"https:\/\/antonio-justo.eu\/index.php?rest_route=%2Fwp%2Fv2%2Fmedia&parent=1437"}],"wp:term":[{"taxonomy":"category","embeddable":true,"href":"https:\/\/antonio-justo.eu\/index.php?rest_route=%2Fwp%2Fv2%2Fcategories&post=1437"},{"taxonomy":"post_tag","embeddable":true,"href":"https:\/\/antonio-justo.eu\/index.php?rest_route=%2Fwp%2Fv2%2Ftags&post=1437"}],"curies":[{"name":"wp","href":"https:\/\/api.w.org\/{rel}","templated":true}]}}