{"id":1389,"date":"2009-02-07T21:53:00","date_gmt":"2009-02-07T20:53:00","guid":{"rendered":"https:\/\/antonio-justo.eu\/?p=1389"},"modified":"2009-02-07T21:53:00","modified_gmt":"2009-02-07T20:53:00","slug":"socrates-contra-emigrantes-portugueses-fora-da-europa","status":"publish","type":"post","link":"https:\/\/antonio-justo.eu\/?p=1389","title":{"rendered":"S\u00f3crates contra Emigrantes Portugueses fora da Europa"},"content":{"rendered":"<p>Presidente da Rep\u00fablica chumba a Altera\u00e7\u00e3o \u00e0 Lei Eleitoral<br \/>Ant\u00f3nio Justo<br \/>O Presidente da Rep\u00fablica, ao vetar a altera\u00e7\u00e3o \u00e0 Lei Eleitoral, que punha fim ao voto por correspond\u00eancia dos emigrantes, insurge-se contra a iniciativa socialista que pretendia fomentar a absten\u00e7\u00e3o eleitoral nas comunidades emigrantes fora da Europa. De facto, ao contr\u00e1rio dos pa\u00edses europeus, onde a esquerda portuguesa se encontra estrategicamente implantada desde o 25 de Abril, nos pa\u00edses de emigra\u00e7\u00e3o portuguesa fora da Europa, os votantes s\u00e3o mais conservadores, osso duro de roer para a esquerda. Da\u00ed a sua unanimidade contra o direito fundamental dos emigrantes.<\/p>\n<p>A Lei socialista \u201cobrigaria milhares de pessoas a percorrerem centenas ou milhares de quil\u00f3metros para exercerem um direito fundamental\u201d, objecta Cavaco Silva. Uma bofetada na cara do PS interessado em impedir a liga\u00e7\u00e3o dos cidad\u00e3os emigrantes a Portugal e em limitar a participa\u00e7\u00e3o eleitoral aos locais dos consulados onde est\u00e3o seguros da sua influ\u00eancia. Esta resulta duma pol\u00edtica partidariamente inteligente prosseguida pela esquerda, depois do 25 de Abril, com a sua t\u00e1ctica de implanta\u00e7\u00e3o dos seus boys em lugares chaves da administra\u00e7\u00e3o, da imprensa e de associa\u00e7\u00f5es em torno dos consulados.<\/p>\n<p>O ministro da Presid\u00eancia, Pedro Silva Pereira, \u00e9 c\u00ednico desculpando a retirada do direito constitucional aos emigrantes com a contrapartida de que \u201co Governo tem empreendido a reforma da rede consular, para melhorar a qualidade dos servi\u00e7os prestados aos emigrantes\u201d criando \u201cacessibilidade\u201d aos consulados. Pura desfa\u00e7atez que conta com a falta de conhecimento da realidade dos factos e com o desinteresse dos portugueses pelos problemas dos emigrantes.<\/p>\n<p>O Governo, vendo ludibriada a sua inten\u00e7\u00e3o de ser beneficiado nas pr\u00f3ximas elei\u00e7\u00f5es, com aquela lei, quer voltar \u00e0 carga falando em \u201calargar as mesas de voto\u201d. O Governo pensa vender esta mentira tal como vendeu a do ensino de portugu\u00eas no Estrangeiro (LCP) com o argumento da integra\u00e7\u00e3o do portugu\u00eas no curr\u00edculo alem\u00e3o na qualidade de l\u00edngua estrangeira. Enganou os portugueses e agora tem que pagar a factura tendo de assumir o ensino da LCP porque provocou a transfer\u00eancia de professores da responsabilidade alem\u00e3 para a responsabilidade portuguesa. Agora para n\u00e3o assumir a responsabilidade pretende deixar as associa\u00f5es com o fardo. Facto \u00e9 que no caso da Lei Eleitoral vir a ser alterada ganha a esquerda e perde Portugal.<\/p>\n<p>A argumenta\u00e7\u00e3o da \u201cfragilidade do voto por correspond\u00eancia, com boletins de voto devolvidos\u201d, s\u00f3 demonstra o mau funcionamento da rede burocr\u00e1tica a n\u00edvel de representa\u00e7\u00f5es diplom\u00e1ticas. A posi\u00e7\u00e3o progressista contra a possibilidade de votar por carta \u00e9 politicamente rid\u00edcula e s\u00f3 demonstra o reconhecimento da inefici\u00eancia administrativa, como se esta n\u00e3o pudesse ser melhorada. <\/p>\n<p>Acusam o veto de Cavaco de \u201cConservador\u201d. Eles sabem que o povo vai na cantiga, e ainda se vai iludindo com palavras ridicularizadas como, progresso, liberdade e igualdade. <\/p>\n<p>Um PS t\u00e3o progressista e t\u00e3o lampeiro em fazer propaganda pr\u00f3pria com a \u201coferta\u201d de port\u00e1teis \u201cMagalh\u00e3es\u201d e t\u00e3o empenhado em transformar Portugal num pa\u00eds virtual, sem alma pr\u00f3pria, n\u00e3o lhe vem sequer \u00e0 ideia a possibilidade de possibilitar a vota\u00e7\u00e3o tamb\u00e9m atrav\u00e9s de Internet. Al\u00e9m do mais, a vota\u00e7\u00e3o por correspond\u00eancia \u00e9 um direito comum em democracias que funcionam e tamb\u00e9m no caso das vota\u00e7\u00f5es europeias. As ondas do mar socialista parecem continuar condicionadas para os seus Magalh\u00e3es! Ou ser\u00e1 que estes querem abandonar Portugal para se colocarem ao servi\u00e7o estrangeiro? Resposta s\u00f3 Fern\u00e3o de Magalh\u00e3es a saber\u00e1 dar ou Nuno Alvares Pereira.<\/p>\n<p>A manobra socialista de utilizar os emigrantes como \u00e1libi na luta contra o Presidente \u00e9 barata e de mau gosto. N\u00e3o h\u00e1 \u201csolu\u00e7\u00f5es alternativas\u201d nem se trata de \u201ccontroverso voto por correspond\u00eancia\u201d como pretendem embrulhar Jos\u00e9 Lello, secret\u00e1rio internacional do PS, alegadamente secundado por seus afins do Sindicato dos Trabalhadores Consulares e das Miss\u00f5es Diplom\u00e1ticas para quem o veto do Presidente levanta \u201cproblemas de salvaguarda das urnas ao longo de duas noites.\u201d O que est\u00e1 em jogo \u00e9 a salvaguarda de interesses partid\u00e1rios e n\u00e3o o interesse do povo; o que est\u00e1 em jogo s\u00e3o os interesses do \u201cCastelhano\u201d empacotados em lustre franc\u00eas!&#8230; <\/p>\n<p>As pretensas \u201cSolu\u00e7\u00f5es Consensuais\u201d que advogam constituem gozo aos cidad\u00e3os inocentes e s\u00e3o motivos de galhofa para os bons socialistas. <\/p>\n<p>O que o governo de S\u00f3crates quer \u00e9 votos. Para isso n\u00e3o hesita em  \u201cdiminuir a participa\u00e7\u00e3o c\u00edvica dos emigrantes\u201d.<\/p>\n<p>Ant\u00f3nio da Cunha Duarte Justo<br \/>antoniocunhajusto@googlemail.com<\/p>\n","protected":false},"excerpt":{"rendered":"<p>Presidente da Rep\u00fablica chumba a Altera\u00e7\u00e3o \u00e0 Lei EleitoralAnt\u00f3nio JustoO Presidente da Rep\u00fablica, ao vetar a altera\u00e7\u00e3o \u00e0 Lei Eleitoral, que punha fim ao voto por correspond\u00eancia dos emigrantes, insurge-se contra a iniciativa socialista que pretendia fomentar a absten\u00e7\u00e3o eleitoral nas comunidades emigrantes fora da Europa. De facto, ao contr\u00e1rio dos pa\u00edses europeus, onde a &hellip; <a href=\"https:\/\/antonio-justo.eu\/?p=1389\" class=\"more-link\">Continuar a ler <span class=\"screen-reader-text\">S\u00f3crates contra Emigrantes Portugueses fora da Europa<\/span><\/a><\/p>\n","protected":false},"author":1,"featured_media":0,"comment_status":"open","ping_status":"open","sticky":false,"template":"","format":"standard","meta":{"sfsi_plus_gutenberg_text_before_share":"","sfsi_plus_gutenberg_show_text_before_share":"","sfsi_plus_gutenberg_icon_type":"","sfsi_plus_gutenberg_icon_alignemt":"","sfsi_plus_gutenburg_max_per_row":"","footnotes":""},"categories":[1],"tags":[],"class_list":["post-1389","post","type-post","status-publish","format-standard","hentry","category-sem-categoria"],"_links":{"self":[{"href":"https:\/\/antonio-justo.eu\/index.php?rest_route=\/wp\/v2\/posts\/1389","targetHints":{"allow":["GET"]}}],"collection":[{"href":"https:\/\/antonio-justo.eu\/index.php?rest_route=\/wp\/v2\/posts"}],"about":[{"href":"https:\/\/antonio-justo.eu\/index.php?rest_route=\/wp\/v2\/types\/post"}],"author":[{"embeddable":true,"href":"https:\/\/antonio-justo.eu\/index.php?rest_route=\/wp\/v2\/users\/1"}],"replies":[{"embeddable":true,"href":"https:\/\/antonio-justo.eu\/index.php?rest_route=%2Fwp%2Fv2%2Fcomments&post=1389"}],"version-history":[{"count":0,"href":"https:\/\/antonio-justo.eu\/index.php?rest_route=\/wp\/v2\/posts\/1389\/revisions"}],"wp:attachment":[{"href":"https:\/\/antonio-justo.eu\/index.php?rest_route=%2Fwp%2Fv2%2Fmedia&parent=1389"}],"wp:term":[{"taxonomy":"category","embeddable":true,"href":"https:\/\/antonio-justo.eu\/index.php?rest_route=%2Fwp%2Fv2%2Fcategories&post=1389"},{"taxonomy":"post_tag","embeddable":true,"href":"https:\/\/antonio-justo.eu\/index.php?rest_route=%2Fwp%2Fv2%2Ftags&post=1389"}],"curies":[{"name":"wp","href":"https:\/\/api.w.org\/{rel}","templated":true}]}}