{"id":1387,"date":"2009-02-05T21:38:00","date_gmt":"2009-02-05T20:38:00","guid":{"rendered":"https:\/\/antonio-justo.eu\/?p=1387"},"modified":"2009-02-05T21:38:00","modified_gmt":"2009-02-05T20:38:00","slug":"governo-desconsidera-frankfurt-prepara-se-para-fechar-o-consulado","status":"publish","type":"post","link":"https:\/\/antonio-justo.eu\/?p=1387","title":{"rendered":"Governo desconsidera Frankfurt &#8211; Prepara-se para fechar o Consulado?"},"content":{"rendered":"<p>Consulado Geral de Frankfurt despromovido em breve<br \/>Ant\u00f3nio Justo<br \/>Frankfurt \u00e9 o entroncamento global de passageiros, mercadorias, dados electr\u00f3nicos e dinheiro. Da\u00ed o seu car\u00e1cter e interesse log\u00edstico a n\u00edvel internacional reconhecido mundialmente.<\/p>\n<p>Frankfurt \u00e9 sede de 102 representa\u00e7\u00f5es diplom\u00e1ticas. O maior consulado de Frankfurt \u00e9 o da USA com 900 empregados. Se Berlim \u00e9 o centro pol\u00edtico Frankfurt \u00e9 o centro financeiro. A atrac\u00e7\u00e3o de Frankfurt deve-se \u00e0 sua situa\u00e7\u00e3o de entroncamento internacional e ao facto de ser o centro internacional das finan\u00e7as e de Servi\u00e7os internacionais. Frankfurt tem tamb\u00e9m a fama de ser um centro importante da diplomacia. <\/p>\n<p>Numa altura em que se verifica uma aposta acrescida em Frankfurt por outros pa\u00edses como EUA com as suas novas instala\u00e7\u00f5es ,a R\u00fassia com a abertura do seu Consulado  e o Jap\u00e3o transferindo os seus interesses econ\u00f3micos de D\u00fcsseldorf para Frankfurt, n\u00e3o esquecendo a delibera\u00e7\u00e3o tamb\u00e9m da Espanha  da abertura do Cervantes, a decis\u00e3o de Portugal de despromover o Consulado-Geral de Frankfurt a vice-consulado e depois talvez a Escrit\u00f3rio Consular, em benef\u00edcio doutras cidades alem\u00e3s, n\u00e3o parece racional nem estrat\u00e9gicamente compat\u00edvel com os interesses nacionais. <\/p>\n<p>O Governo afirma que os Consulados n\u00e3o existem s\u00f3 para servir as Comunidades. Naturalmente que um posto de C\u00f4nsul \u00e9 realmente demasiado caro e s\u00f3 se justificar\u00e1 com base na sua rentabilidade traduzida em iniciativas econ\u00f3micas e culturais. Frequentemente representa\u00e7\u00f5es diplom\u00e1ticas t\u00eam sido espa\u00e7os livres para o caruncho partid\u00e1rio. \u00c9 verdade que no passado quem tem aguentado o consulado tem sido a senhora Vice-c\u00f4nsul. A presen\u00e7a ou aus\u00eancia de c\u00f4nsules que por l\u00e1 t\u00eam passado talvez tenha sido notada quase exclusivamente nas despesas de estado. <\/p>\n<p>Est\u00e1 prevista para breve a aposenta\u00e7\u00e3o  da senhora Vice-C\u00f4nsul. Oxal\u00e1 os crit\u00e9rios de escolha sejam baseados num perfil de pessoa produtiva e rent\u00e1vel e n\u00e3o em mais uma ocupa\u00e7\u00e3o partid\u00e1ria tecida entre sindicatos e secretarias de estado. Se ainda n\u00e3o houver um perfil novo para chefes de postos diplom\u00e1ticos seria realmente melhor reduzi-los ao que t\u00eam sido: meros centros de documenta\u00e7\u00e3o, n\u00e3o precisando para isso de altas personalidades sorvedouras dos dinheiros p\u00fablicos. Observa-se uma incoer\u00eancia do governo nas suas decis\u00f5es. <\/p>\n<p>O que n\u00e3o se descortina \u00e9 um conceito de reorganiza\u00e7\u00e3o base. Surge tudo como medidas ad hoc para reduzir gastos. Necessitam-se estrat\u00e9gias que aproveitem os recursos econ\u00f3micos e humanos dispon\u00edveis e os fa\u00e7am render a 150%. <\/p>\n<p>Os interesses econ\u00f3micos de Portugal defendem-se com diplomatas preparados e interessados e com meios financeiros, mas acima de tudo com fantasia. Num centro diplom\u00e1tico \u00e9 priorit\u00e1ria a cria\u00e7\u00e3o duma rede de rela\u00e7\u00f5es pessoais. Criar la\u00e7os de amizade, em particular com as autoridades alem\u00e3s para potenciar da\u00ed as suas ac\u00e7\u00f5es. <\/p>\n<p>A aposta do Governo apenas na burocracia administrativa cada vez mais longe do cidad\u00e3o cidad\u00e3o \u00e9 testemunh\u00e1vel no Consulado de Frankfurt. Primeiro deitou os professores e as comiss\u00f5es de pais ao abandono discriminando-os e por fim na maneira injusta e desumana como tratou o Dr. Silv\u00e9rio Marques, chefe dos servi\u00e7os de financeiros e de ensino, depois de 27 anos de servi\u00e7o,cuja compet\u00eancia reconhecida por todos e em particular pelas autoridades escolares alem\u00e3s com quem sempre teve um relacionamento exemplar ,   n\u00e3o prolongando o seu  destacamento  e arrumando o ensino para a depend\u00eancia de D\u00fcsseldorf. Que o Governo portugu\u00eas trate mal os emigrantes \u00e9 compreens\u00edvel atendendo \u00e0 mentalidade dominante em Lisboa. Que trate da maneira que tratou o Dr. Silv\u00e9rio Marques, um servidor puramente empenhado nos interesses da administra\u00e7\u00e3o e do governo portugu\u00eas, \u00e9 que n\u00e3o d\u00e1 para entender, atendendo \u00e0 filosofia centralista administrativa. Precisamente, numa fase em que a sua situa\u00e7\u00e3o de sa\u00fade familiar exigia maior estabilidade, \u00e9-lhe negada uma tarefa na Alemanha, e, para mais, numa altura em que se aumenta o pessoal administrativo na rede do ensino. Um Estado que trata assim os seus mais devotos multiplicadores desacredita-se a si mesmo.<\/p>\n<p>Durante a d\u00e9cada de 80 era vis\u00edvel a colabora\u00e7\u00e3o activa entre professores, assistentes sociais, associa\u00e7\u00f5es, reparti\u00e7\u00f5es do ensino e dos servi\u00e7os sociais, ent\u00e3o sob a responsabilidade directa do Dr. Madeira e do Dr. Matos. A desvincula\u00e7\u00e3o do Dr. Madeira e a transfer\u00eancia do Dr. Matos marca uma viragem radical na condu\u00e7\u00e3o dos neg\u00f3cios p\u00fablicos no estrangeiro, instalando-se a frieza, o desinteresse e o cinismo duma administra\u00e7\u00e3o cada vez mais fechada nela mesma.<\/p>\n<p>Sou dos tempos em que os professores se dirigiam ao Consulado Geral de Frankfurt para, em conjunto, programarem as aulas e trocarem experi\u00eancias profissionais e estrat\u00e9gias de apoio \u00e0s associa\u00e7\u00f5es. Outros, como eu, a duzentos e mais quil\u00f3metros de dist\u00e2ncia faziam-no com entusiasmo apesar da desloca\u00e7\u00e3o e alimenta\u00e7\u00e3o serem \u00e0 pr\u00f3pria custa. Isto era poss\u00edvel devido \u00e0 colabora\u00e7\u00e3o e esp\u00edrito de servi\u00e7o e confian\u00e7a que reinava ent\u00e3o entre professores, administra\u00e7\u00e3o e comunidades. Naquela \u00e9poca trabalhavam todos com entusiasmo para o mesmo fim. As c\u00fapulas da administra\u00e7\u00e3o passaram a desprezar os funcion\u00e1rios que andam com as m\u00e3os na massa. A nomenclatura acentua-se e com ela uma classe que se serve a pretexto de servir. Sei que isto tem a ver com o esp\u00edrito burocr\u00e1tico centralista da Uni\u00e3o Europeia mas em desabono das comunidades locais.<\/p>\n<p>Chega a ter-se a impress\u00e3o da vontade pol\u00edtica querer afastar da mem\u00f3ria e do servi\u00e7o aquelas pessoas que trabalharam entusiasticamente para o bem de Portugal e dos emigrantes, optando-se pela coloca\u00e7\u00e3o de pessoas inocentes, mais apropriadas para uma administra\u00e7\u00e3o male\u00e1vel e carente, versada para o interesse pol\u00edtico ocasional.<\/p>\n<p>Antonio da Cunha Duarte Justo<br \/>antoniocunhajusto@googlemail.com<\/p>\n","protected":false},"excerpt":{"rendered":"<p>Consulado Geral de Frankfurt despromovido em breveAnt\u00f3nio JustoFrankfurt \u00e9 o entroncamento global de passageiros, mercadorias, dados electr\u00f3nicos e dinheiro. Da\u00ed o seu car\u00e1cter e interesse log\u00edstico a n\u00edvel internacional reconhecido mundialmente. Frankfurt \u00e9 sede de 102 representa\u00e7\u00f5es diplom\u00e1ticas. O maior consulado de Frankfurt \u00e9 o da USA com 900 empregados. Se Berlim \u00e9 o centro &hellip; <a href=\"https:\/\/antonio-justo.eu\/?p=1387\" class=\"more-link\">Continuar a ler <span class=\"screen-reader-text\">Governo desconsidera Frankfurt &#8211; Prepara-se para fechar o Consulado?<\/span><\/a><\/p>\n","protected":false},"author":1,"featured_media":0,"comment_status":"open","ping_status":"open","sticky":false,"template":"","format":"standard","meta":{"sfsi_plus_gutenberg_text_before_share":"","sfsi_plus_gutenberg_show_text_before_share":"","sfsi_plus_gutenberg_icon_type":"","sfsi_plus_gutenberg_icon_alignemt":"","sfsi_plus_gutenburg_max_per_row":"","footnotes":""},"categories":[1],"tags":[],"class_list":["post-1387","post","type-post","status-publish","format-standard","hentry","category-sem-categoria"],"_links":{"self":[{"href":"https:\/\/antonio-justo.eu\/index.php?rest_route=\/wp\/v2\/posts\/1387","targetHints":{"allow":["GET"]}}],"collection":[{"href":"https:\/\/antonio-justo.eu\/index.php?rest_route=\/wp\/v2\/posts"}],"about":[{"href":"https:\/\/antonio-justo.eu\/index.php?rest_route=\/wp\/v2\/types\/post"}],"author":[{"embeddable":true,"href":"https:\/\/antonio-justo.eu\/index.php?rest_route=\/wp\/v2\/users\/1"}],"replies":[{"embeddable":true,"href":"https:\/\/antonio-justo.eu\/index.php?rest_route=%2Fwp%2Fv2%2Fcomments&post=1387"}],"version-history":[{"count":0,"href":"https:\/\/antonio-justo.eu\/index.php?rest_route=\/wp\/v2\/posts\/1387\/revisions"}],"wp:attachment":[{"href":"https:\/\/antonio-justo.eu\/index.php?rest_route=%2Fwp%2Fv2%2Fmedia&parent=1387"}],"wp:term":[{"taxonomy":"category","embeddable":true,"href":"https:\/\/antonio-justo.eu\/index.php?rest_route=%2Fwp%2Fv2%2Fcategories&post=1387"},{"taxonomy":"post_tag","embeddable":true,"href":"https:\/\/antonio-justo.eu\/index.php?rest_route=%2Fwp%2Fv2%2Ftags&post=1387"}],"curies":[{"name":"wp","href":"https:\/\/api.w.org\/{rel}","templated":true}]}}