{"id":1378,"date":"2008-12-09T13:26:00","date_gmt":"2008-12-09T12:26:00","guid":{"rendered":"https:\/\/antonio-justo.eu\/?p=1378"},"modified":"2008-12-09T13:26:00","modified_gmt":"2008-12-09T12:26:00","slug":"socrates-passa-uma-rasteira-a-cavaco-silva","status":"publish","type":"post","link":"https:\/\/antonio-justo.eu\/?p=1378","title":{"rendered":"S\u00d3CRATES PASSA UMA RASTEIRA A CAVACO SILVA"},"content":{"rendered":"<p>O Povo \u00e9 V\u00edtima duma Opini\u00e3o eleitoralista transmitida pela TV<br \/>Ant\u00f3nio Justo<br \/>Aproxima-se o ano das elei\u00e7\u00f5es. O primeiro-ministro S\u00f3crates j\u00e1 tem algumas na manga para passar rasteiras ao Presidente da Rep\u00fablica. Uma delas \u00e9 a atribui\u00e7\u00e3o de compet\u00eancias ao Presidente da Rep\u00fablica, no que toca ao envio de soldados para o exterior.<\/p>\n<p>Com esta cajadada passa uma rasteira ao presidente e d\u00e1 a impress\u00e3o ao povo de querer valorizar a Presid\u00eancia da Rep\u00fablica, quando com esta atribui\u00e7\u00e3o mais a desestabiliza. Neste caso as agress\u00f5es do povo mais consciente iriam cair sobre o PR, tendo este de funcionar como guarda-chuva do senhor PM e do Governo. Uma maneira refinada de colocar o PR em cheque e de refor\u00e7ar o autoritarismo do Estado.<\/p>\n<p>De facto, as miss\u00f5es dos soldados nos Balc\u00e3s, no Afeganist\u00e3o, etc. s\u00e3o iniciativas muito contest\u00e1veis e problem\u00e1ticas; al\u00e9m do mais, dado que Portugal, pa\u00eds da periferia, s\u00f3 tem a perder com a intromiss\u00e3o em conflitos internacionais, do interesse das pot\u00eancias. <\/p>\n<p>O envio de soldados n\u00e3o deveria ser legitimado autoritariamente por um chefe de Governo nem por um PR. O lugar de decis\u00e3o \u00e9 o Parlamento, tal como acontece em na\u00e7\u00f5es mais sens\u00edveis \u00e0 democracia. E mesmo neste caso qualquer partido deveria ter a possibilidade de levar a decis\u00e3o ao Tribunal Constitucional, como \u00faltima inst\u00e2ncia. O PM deixa o rabo de fora em muitas das suas ac\u00e7\u00f5es. Depois os seus ac\u00f3litos ser\u00e3o enviados para aplainar o caminho. Com\u2026e bolos se enganam os tolos!<\/p>\n<p> S\u00f3crates, que \u00e9 esperto, bonito e gosta dos cavalos troianos, conseguir\u00e1, tamb\u00e9m desta vez, desviar a discuss\u00e3o dos problemas da na\u00e7\u00e3o para o partidarismo. Lutar\u00e1 para que as elei\u00e7\u00f5es parlamentares sejam feitas o mais cedo poss\u00edvel, para que o povo n\u00e3o chegue a notar os verdadeiros problemas econ\u00f3micos e sociais que, posteriormente, se acentuar\u00e3o, no decorrer do ano 2009 e de que ele tamb\u00e9m \u00e9 respons\u00e1vel.<\/p>\n<p>S\u00f3crates j\u00e1 n\u00e3o precisa do trunfo Cavaco para disciplinar o PS antes dividido entre Alegre e Soares. Agora trata-se apenas da desmontagem do PR, sabendo embora que a oposi\u00e7\u00e3o n\u00e3o se encontra \u00e0 altura de concorrer com ele. Militante partid\u00e1rio, mais que governante, o PM defende a atitude correligion\u00e1ria na tradi\u00e7\u00e3o republicana da arrog\u00e2ncia exacerbada.<\/p>\n<p>O que o PM precisa \u00e9 de pol\u00e9mica barata porque esta \u00e9 que mais resultado lhe trar\u00e1 num pa\u00eds em que a maioria do povo s\u00f3 conhece a TV como fonte de informa\u00e7\u00e3o e de forma\u00e7\u00e3o. A opini\u00e3o p\u00fablica portuguesa, em vez de se ocupar com a discuss\u00e3o dos problemas reais e dos factos relevantes, contenta-se em discutir os problemas e artif\u00edcios criados entre institui\u00e7\u00f5es e grupos pol\u00edticos. Chafurda continuamente no emocional. Assim se atola um povo distra\u00eddo no lama\u00e7al da cultura meramente televisiva. N\u00e3o h\u00e1 uma discuss\u00e3o s\u00e9ria entre as diversas for\u00e7as econ\u00f3micas, sociais e cient\u00edficas, como \u00e9 natural nas grandes na\u00e7\u00f5es, para se reduzir a discuss\u00e3o dos problemas da na\u00e7\u00e3o aos pol\u00edticos. E muitas vezes, quando h\u00e1 discuss\u00f5es entre pessoas da cultura, nota-se uma preocupa\u00e7\u00e3o pol\u00edtica, amesquinhante para quem n\u00e3o precisa de levar \u00e1gua ao seu moinho que provenha do rego (levada). A TV, com uma tesoura na cabe\u00e7a, insinua-se na intimidade dos pol\u00edticos em cont\u00ednua atitude de graxa.<\/p>\n<p>No reino da mediocridade televisiva quem se sai melhor s\u00e3o os pol\u00edticos e os comediantes.<\/p>\n<p>O povo portugu\u00eas, tal como acontece em povos da periferia cultural, \u00e9 obrigado a marcar passo na Hist\u00f3ria. Est\u00e1 condicionado a ser conduzido por multiplicadores de opini\u00e3o que vivem da explora\u00e7\u00e3o cultural, econ\u00f3mica e social.<\/p>\n<p>Ant\u00f3nio da Cunha Duarte Justo<br \/>antoniocunhajusto@googlemail.com<\/p>\n","protected":false},"excerpt":{"rendered":"<p>O Povo \u00e9 V\u00edtima duma Opini\u00e3o eleitoralista transmitida pela TVAnt\u00f3nio JustoAproxima-se o ano das elei\u00e7\u00f5es. O primeiro-ministro S\u00f3crates j\u00e1 tem algumas na manga para passar rasteiras ao Presidente da Rep\u00fablica. Uma delas \u00e9 a atribui\u00e7\u00e3o de compet\u00eancias ao Presidente da Rep\u00fablica, no que toca ao envio de soldados para o exterior. Com esta cajadada passa &hellip; <a href=\"https:\/\/antonio-justo.eu\/?p=1378\" class=\"more-link\">Continuar a ler <span class=\"screen-reader-text\">S\u00d3CRATES PASSA UMA RASTEIRA A CAVACO SILVA<\/span><\/a><\/p>\n","protected":false},"author":1,"featured_media":0,"comment_status":"open","ping_status":"open","sticky":false,"template":"","format":"standard","meta":{"sfsi_plus_gutenberg_text_before_share":"","sfsi_plus_gutenberg_show_text_before_share":"","sfsi_plus_gutenberg_icon_type":"","sfsi_plus_gutenberg_icon_alignemt":"","sfsi_plus_gutenburg_max_per_row":"","footnotes":""},"categories":[1],"tags":[],"class_list":["post-1378","post","type-post","status-publish","format-standard","hentry","category-sem-categoria"],"_links":{"self":[{"href":"https:\/\/antonio-justo.eu\/index.php?rest_route=\/wp\/v2\/posts\/1378","targetHints":{"allow":["GET"]}}],"collection":[{"href":"https:\/\/antonio-justo.eu\/index.php?rest_route=\/wp\/v2\/posts"}],"about":[{"href":"https:\/\/antonio-justo.eu\/index.php?rest_route=\/wp\/v2\/types\/post"}],"author":[{"embeddable":true,"href":"https:\/\/antonio-justo.eu\/index.php?rest_route=\/wp\/v2\/users\/1"}],"replies":[{"embeddable":true,"href":"https:\/\/antonio-justo.eu\/index.php?rest_route=%2Fwp%2Fv2%2Fcomments&post=1378"}],"version-history":[{"count":0,"href":"https:\/\/antonio-justo.eu\/index.php?rest_route=\/wp\/v2\/posts\/1378\/revisions"}],"wp:attachment":[{"href":"https:\/\/antonio-justo.eu\/index.php?rest_route=%2Fwp%2Fv2%2Fmedia&parent=1378"}],"wp:term":[{"taxonomy":"category","embeddable":true,"href":"https:\/\/antonio-justo.eu\/index.php?rest_route=%2Fwp%2Fv2%2Fcategories&post=1378"},{"taxonomy":"post_tag","embeddable":true,"href":"https:\/\/antonio-justo.eu\/index.php?rest_route=%2Fwp%2Fv2%2Ftags&post=1378"}],"curies":[{"name":"wp","href":"https:\/\/api.w.org\/{rel}","templated":true}]}}