{"id":1369,"date":"2008-11-23T02:24:00","date_gmt":"2008-11-23T01:24:00","guid":{"rendered":"https:\/\/antonio-justo.eu\/?p=1369"},"modified":"2008-11-23T02:24:00","modified_gmt":"2008-11-23T01:24:00","slug":"pcs-magalhaes-nao-chegam-as-escolas-de-portugues-no-estrangeiro","status":"publish","type":"post","link":"https:\/\/antonio-justo.eu\/?p=1369","title":{"rendered":"PCs Magalh\u00e3es n\u00e3o chegam \u00e0s Escolas de Portugu\u00eas no Estrangeiro!!!!"},"content":{"rendered":"<p>O Governo faz render o peixe da \u201csua dele\u201d oferta de computadores<br \/>Ant\u00f3nio Justo<\/p>\n<p>Em Portugal, o Carnaval e o Natal anteciparam-se, pelo que o Pai Natal tem andado, pelas escolas, a distribuir PCs Magalh\u00e3es \u00e0s crian\u00e7as. <\/p>\n<p>Se antigamente os presentes eram trazidos por um menino Jesus, apoiado pelo esfor\u00e7o escondido da fam\u00edlia, que descia enfarruscado pelas chamin\u00e9s, hoje s\u00e3o-nos trazidos por um Pai Natal polido a expensas do Contribuinte e com o tren\u00f3 da TV. <\/p>\n<p>Uma das raz\u00f5es, porque n\u00e3o haver\u00e1 oferta de port\u00e1teis para alunos portugueses no Estrangeiro, estar\u00e1 no facto de aqui o Carnaval e o Natal terem datas fixas.<\/p>\n<p>Al\u00e9m disso, as m\u00e1s-l\u00ednguas explicam que os filhos dos emigrantes, obrigados a sair de Portugal \u00e0 procura de trabalho, j\u00e1 pertencem \u00e0 categoria dos felizardos e, para mais, vivem em Pa\u00edses em que j\u00e1 n\u00e3o se acredita no Pai Natal. Pessoas mais ligadas \u00e0 administra\u00e7\u00e3o explicam a posi\u00e7\u00e3o governamental com a impossibilidade t\u00e9cnica da RTP poder fazer a cobertura de tantas ac\u00e7\u00f5es de distribui\u00e7\u00e3o em t\u00e3o pouco tempo. Gente mais ligada \u00e0 pol\u00edtica explica a discrimina\u00e7\u00e3o governamental dos emigrantes com o medo do Governo devido aos perigos provenientes do descontentamento migrante com a \u00faltima medida do governo que os impede de votarem para as elei\u00e7\u00f5es por carta. Pessoas mais simples e mais idosas limitam-se a dizer que o Estado portugu\u00eas em rela\u00e7\u00e3o aos emigrantes s\u00f3 conhece a mama.<\/p>\n<p>Margarida Davim, em SOL 17.11.2008, refere que o palco, desta vez, escolhido por <br \/>Jos\u00e9 S\u00f3crates, para entrega de computadores a alunos do 1.\u00ba ciclo, foi a Escola do Freixo, em Ponte de Lima. Esta encena\u00e7\u00e3o promotora do brilho do PM vai sendo feita a conta-gotas e sempre sob os projectores da televis\u00e3o para que o povo distra\u00eddo n\u00e3o esque\u00e7a quem \u00e9 pai. A RTP n\u00e3o mostrar\u00e1 o desengano dos alunos que receberam os PCs para a fotografia, porque S\u00f3crates j\u00e1 n\u00e3o se encontra l\u00e1. De facto, depois da encena\u00e7\u00e3o televisiva, as crian\u00e7as tiveram de devolver os port\u00e1teis. No dizer do conselho executivo da Escola do Freixo, a distribui\u00e7\u00e3o \u00abdepende da log\u00edstica administrativa\u00bb e a escola ter\u00e1 de \u00abpreencher toda a papelada e os pais que n\u00e3o estiverem abrangidos pelo 1.\u00ba escal\u00e3o da ac\u00e7\u00e3o social escolar v\u00e3o ter de fazer o pagamento do computador\u00bb.<\/p>\n<p>Tudo isto at\u00e9 pareceria uma par\u00f3dia feita por gente adversa \u00e0 governa\u00e7\u00e3o de S\u00f3crates se esta gente n\u00e3o tivesse a experi\u00eancia do comportamento doutros governos europeus e se a realidade da cena pol\u00edtica portuguesa n\u00e3o lhes desse raz\u00e3o. As pessoas de meia-idade ainda se lembram do corta-fitas e de pol\u00edticos que pareciam n\u00e3o ter mais que fazer sen\u00e3o passear a sua personalidade de inaugura\u00e7\u00e3o em inaugura\u00e7\u00e3o, sempre presentes nos ecr\u00e3s da RTP. Em Portugal parece confundir-se modernidade e realidade com virtualidade. <\/p>\n<p>Parece termos um Primeiro-ministro para ingl\u00eas ver! S\u00f3 que quem v\u00ea o teatro portugu\u00eas de fora fica enjoado. O pior de tudo \u00e9 que a malta nem nota. Parece vivermos num pa\u00eds do faz de conta e numa democracia para ingl\u00eas ver. Temos uma elite pol\u00edtica mediana com tiques de rico homem e um povo alheio e sistematicamente alheado. O que os nossos pol\u00edticos se permitem em Portugal seria rid\u00edculo numa Alemanha: Um primeiro-ministro em continua campanha eleitoral, uma ministra da educa\u00e7\u00e3o autorit\u00e1ria e t\u00e3o segura da sua f\u00e9 que, ao ser entrevistada, at\u00e9 faz engasgar a entrevistadora, um governador do Banco de Portugal que se arma em representante da Organiza\u00e7\u00e3o dos Patr\u00f5es e tem o desplante de culpar os desempregados pelo desemprego por receberem subs\u00eddio a mais.<\/p>\n<p>Os nossos pol\u00edticos conseguem viver bem com meias verdades. Constituem a classe que em nome e \u00e0 custa do prolet\u00e1rio consegue viver melhor em Portugal.<\/p>\n<p>A entrega virtual dos PCs e outras vaidades governamentais ficam mal num PM que poderia ser um bom primeiro-ministro se n\u00e3o fosse o v\u00edrus inerente a certas elites portuguesas. Senhor PM, para quem pretende ser s\u00e9rio e quer ser levado a s\u00e9rio, fica-lhe mal tais bizantinices. Fica-lhe mal reservar para si o an\u00fancio das boas not\u00edcias e deixar as m\u00e1s para os outros. \u00c9 verdade que assim o povo \u00e9 levado mas j\u00e1 n\u00e3o estamos no tempo em que o anunciador da m\u00e1 not\u00edcia era morto. Para mais, a oposi\u00e7\u00e3o \u00e9 t\u00e3o fraca que o senhor n\u00e3o precisaria de usar de estratagemas c\u00ednicos para a vencer! <\/p>\n<p>Se queremos um pa\u00eds moderno temos todos que mudar de mentalidade e tom\u00e1-lo a s\u00e9rio.<\/p>\n<p>Ant\u00f3nio da Cunha Duarte Justo<br \/>ant\u00f3niocunhajusto@googlemail.com<\/p>\n","protected":false},"excerpt":{"rendered":"<p>O Governo faz render o peixe da \u201csua dele\u201d oferta de computadoresAnt\u00f3nio Justo Em Portugal, o Carnaval e o Natal anteciparam-se, pelo que o Pai Natal tem andado, pelas escolas, a distribuir PCs Magalh\u00e3es \u00e0s crian\u00e7as. Se antigamente os presentes eram trazidos por um menino Jesus, apoiado pelo esfor\u00e7o escondido da fam\u00edlia, que descia enfarruscado &hellip; <a href=\"https:\/\/antonio-justo.eu\/?p=1369\" class=\"more-link\">Continuar a ler <span class=\"screen-reader-text\">PCs Magalh\u00e3es n\u00e3o chegam \u00e0s Escolas de Portugu\u00eas no Estrangeiro!!!!<\/span><\/a><\/p>\n","protected":false},"author":1,"featured_media":0,"comment_status":"open","ping_status":"open","sticky":false,"template":"","format":"standard","meta":{"sfsi_plus_gutenberg_text_before_share":"","sfsi_plus_gutenberg_show_text_before_share":"","sfsi_plus_gutenberg_icon_type":"","sfsi_plus_gutenberg_icon_alignemt":"","sfsi_plus_gutenburg_max_per_row":"","footnotes":""},"categories":[1],"tags":[],"class_list":["post-1369","post","type-post","status-publish","format-standard","hentry","category-sem-categoria"],"_links":{"self":[{"href":"https:\/\/antonio-justo.eu\/index.php?rest_route=\/wp\/v2\/posts\/1369","targetHints":{"allow":["GET"]}}],"collection":[{"href":"https:\/\/antonio-justo.eu\/index.php?rest_route=\/wp\/v2\/posts"}],"about":[{"href":"https:\/\/antonio-justo.eu\/index.php?rest_route=\/wp\/v2\/types\/post"}],"author":[{"embeddable":true,"href":"https:\/\/antonio-justo.eu\/index.php?rest_route=\/wp\/v2\/users\/1"}],"replies":[{"embeddable":true,"href":"https:\/\/antonio-justo.eu\/index.php?rest_route=%2Fwp%2Fv2%2Fcomments&post=1369"}],"version-history":[{"count":0,"href":"https:\/\/antonio-justo.eu\/index.php?rest_route=\/wp\/v2\/posts\/1369\/revisions"}],"wp:attachment":[{"href":"https:\/\/antonio-justo.eu\/index.php?rest_route=%2Fwp%2Fv2%2Fmedia&parent=1369"}],"wp:term":[{"taxonomy":"category","embeddable":true,"href":"https:\/\/antonio-justo.eu\/index.php?rest_route=%2Fwp%2Fv2%2Fcategories&post=1369"},{"taxonomy":"post_tag","embeddable":true,"href":"https:\/\/antonio-justo.eu\/index.php?rest_route=%2Fwp%2Fv2%2Ftags&post=1369"}],"curies":[{"name":"wp","href":"https:\/\/api.w.org\/{rel}","templated":true}]}}