{"id":1368,"date":"2008-11-19T01:17:00","date_gmt":"2008-11-19T00:17:00","guid":{"rendered":"https:\/\/antonio-justo.eu\/?p=1368"},"modified":"2008-11-19T01:17:00","modified_gmt":"2008-11-19T00:17:00","slug":"quem-precisa-de-ser-avaliado-e-o-governo","status":"publish","type":"post","link":"https:\/\/antonio-justo.eu\/?p=1368","title":{"rendered":"QUEM PRECISA DE SER AVALIADO \u00c9 O GOVERNO"},"content":{"rendered":"<p>120.000 Docentes protestam contra o Cinismo do Minist\u00e9rio da Educa\u00e7\u00e3o<\/p>\n<p>Antonio Justo<br \/>Na primeira manifesta\u00e7\u00e3o, saem 100.000 professores a protestar para a rua. S\u00e3o enxovalhados pelo Minist\u00e9rio da Educa\u00e7\u00e3o (ME) e a Na\u00e7\u00e3o assiste a discuss\u00f5es degradantes para um Estado que se preze. No passado dia 15, protestam 120.000 docentes em Lisboa. Esta manifesta\u00e7\u00e3o foi convocada por movimentos independentes de professores preocupados com a degrada\u00e7\u00e3o do ensino em Portugal. <\/p>\n<p>A apoiar os professores, manifestam-se os sindicatos e todas as fac\u00e7\u00f5es pol\u00edticas, menos a maiorit\u00e1ria PS que governa. As direc\u00e7\u00f5es escolares, para n\u00e3o serem desobedientes perante o governo queixam-se do clima de tens\u00e3o e mal-estar nas escolas, clima esse que impede a sua boa gest\u00e3o.<\/p>\n<p>O Governo de S\u00f3crates quer avaliar, mas foge a qualquer crit\u00e9rio de avalia\u00e7\u00e3o e n\u00e3o conhece a pedagogia nem a din\u00e2mica de grupo. Em nome da remodela\u00e7\u00e3o de Portugal, refugia-se em estrat\u00e9gias autorit\u00e1rias e demag\u00f3gicas, pr\u00f3prias dos tempos dum Portugal antiquado e analfabeto. <\/p>\n<p>Assiste-se a um excesso de exig\u00eancias mas para as quais falta o sentido. O problema da avalia\u00e7\u00e3o dos professores que obriga, uma classe acomodada a protestar em peso, talvez seja um sinal duma certa consci\u00eancia c\u00edvica nascente. Talvez Portugal comece a acordar.<br \/>Sem discuss\u00e3o nem prepara\u00e7\u00e3o, o Minist\u00e9rio da Educa\u00e7\u00e3o imp\u00f5e medidas nascidas de reuni\u00f5es burocr\u00e1ticas ao servi\u00e7o duma realidade virtual. O Governo Portugu\u00eas, no seguimento duma pol\u00edtica da apar\u00eancia,  j\u00e1 que n\u00e3o tem muito para apresentar aos parceiros europeus, quer melhorar as estat\u00edsticas e mostrar zelo na aplica\u00e7\u00e3o de inten\u00e7\u00f5es da Uniao Europeia.<\/p>\n<p>O ME, habituado a ter os sindicatos como ac\u00f3litos encontra-se agora em maus len\u00e7\u00f3is. Os sindicatos s\u00e3o obrigados a deixar de andar debaixo das saias do poder, tendo agora de correr para acompanhar a pedalada dos professores.<\/p>\n<p>Dum lado os professores de pele fina sens\u00edvel, do outro a ministra com pele de lobo, e de premeio pais e alunos com pele de elefante. <\/p>\n<p>A situa\u00e7\u00e3o est\u00e1 t\u00e3o m\u00e1 para o Governo que Vitorino, o jogador avan\u00e7ado do governo na TV, at\u00e9 j\u00e1 prop\u00f4s na entrevista televisiva, que a avalia\u00e7\u00e3o fosse examinada por uma \u201cComiss\u00e3o de S\u00e1bios\u201d. Camufladamente, o Governo apresenta, ao p\u00fablico distra\u00eddo portugu\u00eas, uma solu\u00e7\u00e3o que vem salvaguardar os interesses do ME e dos seus c\u00famplices. Assim poder\u00e3o salvar a imagem da Ministra da Educa\u00e7\u00e3o e a superficialidade dum chefe do Governo, que se permite continuar, por tanto tempo, um espect\u00e1culo triste, s\u00f3 poss\u00edvel em Portugal.<\/p>\n<p>Para melhor iludir o povo, e dar a impress\u00e3o de esp\u00edrito de di\u00e1logo, a ministra re\u00fane-se com organiza\u00e7\u00f5es e institui\u00e7\u00f5es para ganhar tempo e n\u00e3o ter de dar a m\u00e3o \u00e0 palmat\u00f3ria. Um abuso e um cinismo que s\u00f3 um povo portugu\u00eas, com pele de elefante, poder\u00e1 aguentar. No fim o ME em sintonia com os Sindicatos optar\u00e3o pelo tal \u201cComiss\u00e3o dos S\u00e1bios\u201d e assim o senhor primeiro-ministro poder\u00e1 seguir a sua estrat\u00e9gia de reservar para si as melhores sardinhas, podendo ent\u00e3o anunciar a expuls\u00e3o do problema para a tal comiss\u00e3o. A pol\u00edtica de ataque seguida pelo Governo em tempo u\u00b4til e pelo ME s\u00f3 seria compreens\u00edvel em contexto de campanhas eleitorais. Confundem a mudan\u00e7a que o mundo moderno exige com dirigismo e facilitismo escolar.<\/p>\n<p>Enquanto outros pa\u00edses tomam a s\u00e9rio o resultado do estudo comparativo do aproveitamento escolar (PISA), o nosso Governo anda na ca\u00e7a das bruxas!<\/p>\n<p>H\u00e1 mais mar\u00e9s que marinheiros!&#8230;<\/p>\n<p>Ant\u00f3nio da Cunha Duarte Justo<br \/>antoniocunhajusto@googlemail.com<\/p>\n","protected":false},"excerpt":{"rendered":"<p>120.000 Docentes protestam contra o Cinismo do Minist\u00e9rio da Educa\u00e7\u00e3o Antonio JustoNa primeira manifesta\u00e7\u00e3o, saem 100.000 professores a protestar para a rua. S\u00e3o enxovalhados pelo Minist\u00e9rio da Educa\u00e7\u00e3o (ME) e a Na\u00e7\u00e3o assiste a discuss\u00f5es degradantes para um Estado que se preze. No passado dia 15, protestam 120.000 docentes em Lisboa. Esta manifesta\u00e7\u00e3o foi convocada &hellip; <a href=\"https:\/\/antonio-justo.eu\/?p=1368\" class=\"more-link\">Continuar a ler <span class=\"screen-reader-text\">QUEM PRECISA DE SER AVALIADO \u00c9 O GOVERNO<\/span><\/a><\/p>\n","protected":false},"author":1,"featured_media":0,"comment_status":"open","ping_status":"open","sticky":false,"template":"","format":"standard","meta":{"sfsi_plus_gutenberg_text_before_share":"","sfsi_plus_gutenberg_show_text_before_share":"","sfsi_plus_gutenberg_icon_type":"","sfsi_plus_gutenberg_icon_alignemt":"","sfsi_plus_gutenburg_max_per_row":"","footnotes":""},"categories":[1],"tags":[],"class_list":["post-1368","post","type-post","status-publish","format-standard","hentry","category-sem-categoria"],"_links":{"self":[{"href":"https:\/\/antonio-justo.eu\/index.php?rest_route=\/wp\/v2\/posts\/1368","targetHints":{"allow":["GET"]}}],"collection":[{"href":"https:\/\/antonio-justo.eu\/index.php?rest_route=\/wp\/v2\/posts"}],"about":[{"href":"https:\/\/antonio-justo.eu\/index.php?rest_route=\/wp\/v2\/types\/post"}],"author":[{"embeddable":true,"href":"https:\/\/antonio-justo.eu\/index.php?rest_route=\/wp\/v2\/users\/1"}],"replies":[{"embeddable":true,"href":"https:\/\/antonio-justo.eu\/index.php?rest_route=%2Fwp%2Fv2%2Fcomments&post=1368"}],"version-history":[{"count":0,"href":"https:\/\/antonio-justo.eu\/index.php?rest_route=\/wp\/v2\/posts\/1368\/revisions"}],"wp:attachment":[{"href":"https:\/\/antonio-justo.eu\/index.php?rest_route=%2Fwp%2Fv2%2Fmedia&parent=1368"}],"wp:term":[{"taxonomy":"category","embeddable":true,"href":"https:\/\/antonio-justo.eu\/index.php?rest_route=%2Fwp%2Fv2%2Fcategories&post=1368"},{"taxonomy":"post_tag","embeddable":true,"href":"https:\/\/antonio-justo.eu\/index.php?rest_route=%2Fwp%2Fv2%2Ftags&post=1368"}],"curies":[{"name":"wp","href":"https:\/\/api.w.org\/{rel}","templated":true}]}}