{"id":1329,"date":"2008-05-15T11:31:00","date_gmt":"2008-05-15T10:31:00","guid":{"rendered":"https:\/\/antonio-justo.eu\/?p=1329"},"modified":"2008-05-15T11:31:00","modified_gmt":"2008-05-15T10:31:00","slug":"governo-nao-leva-a-serio-os-eleitos-pela-emigracao-porque-tudo-batota","status":"publish","type":"post","link":"https:\/\/antonio-justo.eu\/?p=1329","title":{"rendered":"GOVERNO N\u00c3O LEVA A S\u00c9RIO OS ELEITOS PELA EMIGRA\u00c7\u00c3O &#8211; PORQU\u00ca? TUDO BATOTA?"},"content":{"rendered":"<p class=\"MsoNormal\" style=\"text-align: center;\" align=\"center\"><b style=\"\"><span style=\"\" lang=\"PT\">Conselho das Comunidades Portuguesas \u2013 Resultado das Elei\u00e7\u00f5es 2008<o:p><\/o:p><\/span><\/b><\/p>\n<p class=\"MsoNormal\"><span style=\"\" lang=\"PT\">Acabaram de se realizar as elei\u00e7\u00f5es para o CCP efectuadas por todos os pa\u00edses onde se encontram portugueses. Estas elei\u00e7\u00f5es ainda conseguem ter menor percentagem de votantes do que a elei\u00e7\u00e3o para deputados. Numa popula\u00e7\u00e3o de cerca de 5 milh\u00f5es de portugueses espalhados pelo mundo apenas 12 mil portugueses concorreram \u00e0s urnas para votarem os conselheiros. O CCP \u00e9 um \u00f3rg\u00e3o consultivo do Governo. <o:p><\/o:p><\/span><\/p>\n<p class=\"MsoNormal\"><span style=\"\" lang=\"PT\"><o:p> <\/o:p><\/span><\/p>\n<p class=\"MsoNormal\"><span style=\"\" lang=\"PT\">Na Alemanha, com 132.092 emigrantes portugueses recenseados, votaram 655 pessoas. A lista A do c\u00edrculo de Dusseldorf, Frankfurt e Estugarda venceu ficando com tr\u00eas conselheiros votados por 514 pessoas; a lista do c\u00edrculo de Berlim e Hamburgo obteve um conselheiro que conseguiu reunir 63 votos. <o:p><\/o:p><\/span><\/p>\n<p class=\"MsoNormal\"><span style=\"\" lang=\"PT\"><o:p> <\/o:p><\/span><\/p>\n<p class=\"MsoNormal\" style=\"text-align: center;\" align=\"center\"><b style=\"\"><span style=\"\" lang=\"PT\">Como explicar tal desastre na participa\u00e7\u00e3o?<o:p><\/o:p><\/span><\/b><\/p>\n<p class=\"MsoNormal\"><span style=\"\" lang=\"PT\">As institui\u00e7\u00f5es de car\u00e1cter pol\u00edtico na emigra\u00e7\u00e3o, dum modo geral n\u00e3o s\u00e3o s\u00e9rias; funcionam apenas para ingl\u00eas ver, s\u00e3o institui\u00e7\u00f5es ao servi\u00e7o da institui\u00e7\u00e3o e n\u00e3o do povo.<o:p><\/o:p><\/span><\/p>\n<p class=\"MsoNormal\"><span style=\"\" lang=\"PT\"><o:p> <\/o:p><\/span><\/p>\n<p class=\"MsoNormal\"><span style=\"\" lang=\"PT\"><span style=\"\"> <\/span>O CCP funciona para os governos de Lisboa como um \u00e1libi. <o:p><\/o:p><\/span><\/p>\n<p class=\"MsoNormal\"><span style=\"\" lang=\"PT\"><o:p> <\/o:p><\/span><\/p>\n<p class=\"MsoNormal\"><span style=\"\" lang=\"PT\">A emigra\u00e7\u00e3o nunca interessou ao pa\u00eds, \u00e9 um destino nacional. Tomar a s\u00e9rio os emigrantes implicaria ter de se ocupar seriamente consigo mesmo, e pensar n\u00e3o \u00e9 nenhuma virtude portuguesa e para os governantes parece constituir blasf\u00e9mia. <o:p><\/o:p><\/span><\/p>\n<p class=\"MsoNormal\"><span style=\"\" lang=\"PT\"><o:p> <\/o:p><\/span><\/p>\n<p class=\"MsoNormal\"><span style=\"\" lang=\"PT\">Por outro lado a inveja em rela\u00e7\u00e3o aos emigrantes estende-se at\u00e9 \u00e0s camadas mais relevantes do pa\u00eds e em especial aos partidos. Dos emigrantes h\u00e1 que esperar e n\u00e3o que dar!&#8230; De fora \u00e9 que chovem as patacas.<o:p><\/o:p><\/span><\/p>\n<p class=\"MsoNormal\"><span style=\"\" lang=\"PT\"><o:p> <\/o:p><\/span><\/p>\n<p class=\"MsoNormal\"><span style=\"\" lang=\"PT\">O arrojo dos emigrantes mete medo a muitos portugueses para quem o lema e a s\u00famula da vida \u00e9 \u201cvai-se andando\u201d, \u201cuma pessoa arranja-se como pode\u201d. Os portugueses emigrantes, devido ao esfor\u00e7o sobre-humano de adapta\u00e7\u00e3o, adoptam tamb\u00e9m eles as caracter\u00edsticas portuguesas de povo exausto passando a arranjar-se como podem, \u201cMaria vai com as outras\u201d. Os que se organizam fazem-no por amor \u00e0 causa; destes por\u00e9m n\u00e3o reza a hist\u00f3ria: em Portugal a hist\u00f3ria s\u00f3 se interessa com os espertos, os amigos da on\u00e7a. Outros, para n\u00e3o se \u201csujarem\u201d preferem viver no alto das suas torres e finalmente os outros, os tais representantes, esses fazem-no por amor \u00e0 camisola do partido sem uma perspectiva de Estado nem de Povo. O povo resto, esse aprendeu dos seus \u201csuperiores\u201d, que a Na\u00e7\u00e3o desde 1580 est\u00e1 de f\u00e9rias e que ele \u00e9 tapete. O povo, com um instinto apurado, perdeu o respeito pelos que sistematicamente durante s\u00e9culos o desrespeitam; prefere viver abandonado a si mesmo, com todos os perigos que isso implica e que constituem o v\u00edcio portugu\u00eas. Assim falta uma sociedade civil activa. Porque tomar a s\u00e9rio os eleitos se estes nunca tomaram a s\u00e9rio os eleitores?!&#8230;Tamb\u00e9m na emigra\u00e7\u00e3o a liga\u00e7\u00e3o entre o trabalhador e os representantes pol\u00edticos \u00e9 uma rela\u00e7\u00e3o de desconfian\u00e7a. Este problema verifica-se de maneira mais acentuada na elei\u00e7\u00e3o de deputados e de conselheiros. Falta de sentido e de efici\u00eancia das institui\u00e7\u00f5es. D\u00e1-se uma batota dupla. E os eleitos, na sua arrog\u00e2ncia cega ainda t\u00eam o desplante de se queixarem dum povo que n\u00e3o participa e dum governo que n\u00e3o reconhece a sua import\u00e2ncia!<o:p><\/o:p><\/span><\/p>\n<p class=\"MsoNormal\"><span style=\"\" lang=\"PT\"><o:p> <\/o:p><\/span><\/p>\n<p class=\"MsoNormal\"><span style=\"\" lang=\"PT\">Os eleitos n\u00e3o tomam a s\u00e9rio o povo e este paga-lhes com a mesma moeda. Os pretendentes a cargos s\u00f3 se lembram dos votantes em per\u00edodos de elei\u00e7\u00f5es. Joga-se o jogo do rato e do gato.<o:p><\/o:p><\/span><\/p>\n<p class=\"MsoNormal\"><span style=\"\" lang=\"PT\">Falta a responsabilidade partid\u00e1ria e mais ainda o comprometimento pol\u00edtico, os programas s\u00e3o mais pretextos que outra coisa. Na Alemanha, pa\u00eds que conhe\u00e7o bem, s\u00f3 a esquerda consegue apresentar algumas pessoas com uma certa capacidade de mobiliza\u00e7\u00e3o. Esta carga partid\u00e1ria foi a votada. De facto os outros ou n\u00e3o se interessam ou vivem encostados \u00e0queles. Confia-se na ingenuidade de algum votante distra\u00eddo.<o:p><\/o:p><\/span><\/p>\n<p class=\"MsoNormal\"><span style=\"\" lang=\"PT\"><o:p> <\/o:p><\/span><\/p>\n<p class=\"MsoNormal\"><span style=\"\" lang=\"PT\">A esquerda como a direita n\u00e3o se mostra interessada na defesa do que interessa ao emigrante. Em geral, metem-se em batalhas que t\u00eam a ver com postos nos consulados ou em embaixadas. <span style=\"\"> <\/span>Depois ainda se queixam que os governos n\u00e3o lhes ligam. <o:p><\/o:p><\/span><\/p>\n<p class=\"MsoNormal\"><span style=\"\" lang=\"PT\"><o:p> <\/o:p><\/span><\/p>\n<p class=\"MsoNormal\"><span style=\"\" lang=\"PT\">De facto n\u00e3o t\u00eam representatividade nem uma inser\u00e7\u00e3o na comunidade que lhes possa dar cr\u00e9dito. Al\u00e9m disso a sua fidelidade partid\u00e1ria impede-os de organizar medidas eficazes capazes de mover os governos. Gastam o seu latim em guerras secund\u00e1rias ou v\u00e3o passeando a sua import\u00e2ncia de reuni\u00e3o em reuni\u00e3o. S\u00e3o pobres at\u00e9 no pedir e como tamb\u00e9m eles vivem da inveja, procuram aproveitar-se de tudo e de todos para engordarem a sua presen\u00e7a (falo da Alemanha que conhe\u00e7o, mas a avaliar pela participa\u00e7\u00e3o nos outros pa\u00edses, n\u00e3o deve ser diferente, pelo menos na Europa). <o:p><\/o:p><\/span><\/p>\n<p class=\"MsoNormal\"><span style=\"\" lang=\"PT\"><o:p> <\/o:p><\/span><\/p>\n<p class=\"MsoNormal\"><span style=\"\" lang=\"PT\">S\u00e3o contudo muito boas pessoas e bem intencionadas; os v\u00edcios que t\u00eam s\u00e3o o v\u00edcio portugu\u00eas: uma popula\u00e7\u00e3o de indiv\u00edduos sem povo. Os conselheiros s\u00e3o os melhores servidores da imprensa, que assim facilmente adquire pessoas de contacto. Aqui est\u00e1 a relev\u00e2ncia do seu sentido de ser. O resto \u00e9 de esquecer. A qualidade, por\u00e9m, da sua informa\u00e7\u00e3o depende da base que os legitima. Assuntos como o cumprimento da Directiva Europeia reguladora da importa\u00e7\u00e3o de carros e que \u00e9 um assunto de grande import\u00e2ncia para os emigrantes, nunca interessam a deputados nem a conselheiros. <o:p><\/o:p><\/span><\/p>\n<p class=\"MsoNormal\"><span style=\"\" lang=\"PT\"><o:p> <\/o:p><\/span><\/p>\n<p class=\"MsoNormal\"><span style=\"\" lang=\"PT\">O Governo encontra consequentemente a sua melhor desobriga em tais representantes cujas exig\u00eancias n\u00e3o passar\u00e3o de impertin\u00eancias. Quanto aos sindicatos, a n\u00e3o ser o das representa\u00e7\u00f5es consulares e diplom\u00e1ticas, falta-lhes qualquer capacidade, legitima\u00e7\u00e3o e interesse. Os sindicatos est\u00e3o divididos entre os interesses da sua clientela em Portugal e os interesses da clientela fora de Portugal que s\u00e3o contradit\u00f3rios e naturalmente que milhares de representantes portugueses n\u00e3o poder\u00e3o ceder a meia d\u00fazia de representantes de fora (Fui organizador do SPE da FENPROF e membro de outro sindicato e tive de abdicar de todas as boas inten\u00e7\u00f5es; contra a for\u00e7a e contra o h\u00e1bito n\u00e3o h\u00e1 resist\u00eancia poss\u00edvel). Tamb\u00e9m os representantes sindicais t\u00eam um significado de pessoas de contacto para a imprensa, mas sem qualquer peso a n\u00edvel de decis\u00f5es.<o:p><\/o:p><\/span><\/p>\n<p class=\"MsoNormal\"><span style=\"\" lang=\"PT\"><o:p> <\/o:p><\/span><\/p>\n<p class=\"MsoNormal\"><span style=\"\" lang=\"PT\">O governo s\u00f3 reagir\u00e1 a manifesta\u00e7\u00f5es como as que a FAPA organizou em Estugarda e em Frankfurt, onde se manifestaram, no dia seis de Abril passado, cerca de 700 pessoas pela defesa do ensino de portugu\u00eas e pela estabilidade na coloca\u00e7\u00e3o de professores. Embora esta iniciativa fosse bem sucedida os socialistas n\u00e3o quiseram reconhecer o m\u00e9rito da esquerda concorrente organizadora. A discuss\u00e3o entre os socialistas e os comunistas na Alemanha \u00e9 sintom\u00e1tica da miopia partid\u00e1ria reinante. Os socialistas est\u00e3o um pouco invejosos pelo facto dos comunistas se empenharem tanto nas manifesta\u00e7\u00f5es de Estugarda e de Frankfurt. Facto \u00e9 que a esquerda mais radical ainda \u00e9 aquela fac\u00e7\u00e3o disposta a tomar medidas mais eficientes e adequadas na defesa de determinados interesses. Quem quer sucesso, \u00e0 portuguesa, que se infiltre nas institui\u00e7\u00f5es usando-as depois para se legitimarem e afirmarem\u2026<o:p><\/o:p><\/span><\/p>\n<p class=\"MsoNormal\"><span style=\"\" lang=\"PT\"><o:p> <\/o:p><\/span><\/p>\n<p class=\"MsoNormal\"><span style=\"\" lang=\"PT\">Por tudo isto, CCP, Sindicatos e outros representantes n\u00e3o ser\u00e3o levados a s\u00e9rio por ningu\u00e9m, atendendo \u00e0 sua precariedade de legitima\u00e7\u00e3o e a um esp\u00edrito portugu\u00eas mesquinho, do \u201csalve-se quem puder\u201d ainda presente em muitas organiza\u00e7\u00f5es.<o:p><\/o:p><\/span><\/p>\n<p class=\"MsoNormal\"><span style=\"\" lang=\"PT\"><o:p> <\/o:p><\/span><\/p>\n<p class=\"MsoNormal\"><span style=\"\" lang=\"PT\">O eleito interessa-se pelas suas coisas mas n\u00e3o pelas do povo. O povo interessa-se pelo dia a dia mas n\u00e3o pelas do eleito. Cada um anda preocupado consigo mesmo, com a fam\u00edlia ou com o partido. N\u00e3o h\u00e1 uma sociedade civil consciente; por isso Portugal se encontra em cont\u00ednua derrapagem. Na precariedade n\u00e3o h\u00e1 tempo para o \u00f3bvio. Somos um povo ausente. O que vale \u00e9 que o portugu\u00eas se safa pela sua qualidade m\u00edstica. Disto vivem todos!<o:p><\/o:p><\/span><\/p>\n<p class=\"MsoNormal\"><span style=\"\" lang=\"PT\"><o:p> <\/o:p><\/span><\/p>\n<p class=\"MsoNormal\"><b style=\"\"><span style=\"\" lang=\"PT\">Ant\u00f3nio da Cunha Duarte Justo<o:p><\/o:p><\/span><\/b><\/p>\n","protected":false},"excerpt":{"rendered":"<p>Conselho das Comunidades Portuguesas \u2013 Resultado das Elei\u00e7\u00f5es 2008 Acabaram de se realizar as elei\u00e7\u00f5es para o CCP efectuadas por todos os pa\u00edses onde se encontram portugueses. Estas elei\u00e7\u00f5es ainda conseguem ter menor percentagem de votantes do que a elei\u00e7\u00e3o para deputados. Numa popula\u00e7\u00e3o de cerca de 5 milh\u00f5es de portugueses espalhados pelo mundo apenas &hellip; <a href=\"https:\/\/antonio-justo.eu\/?p=1329\" class=\"more-link\">Continuar a ler <span class=\"screen-reader-text\">GOVERNO N\u00c3O LEVA A S\u00c9RIO OS ELEITOS PELA EMIGRA\u00c7\u00c3O &#8211; PORQU\u00ca? TUDO BATOTA?<\/span><\/a><\/p>\n","protected":false},"author":1,"featured_media":0,"comment_status":"open","ping_status":"open","sticky":false,"template":"","format":"standard","meta":{"sfsi_plus_gutenberg_text_before_share":"","sfsi_plus_gutenberg_show_text_before_share":"","sfsi_plus_gutenberg_icon_type":"","sfsi_plus_gutenberg_icon_alignemt":"","sfsi_plus_gutenburg_max_per_row":"","footnotes":""},"categories":[1],"tags":[],"class_list":["post-1329","post","type-post","status-publish","format-standard","hentry","category-sem-categoria"],"_links":{"self":[{"href":"https:\/\/antonio-justo.eu\/index.php?rest_route=\/wp\/v2\/posts\/1329","targetHints":{"allow":["GET"]}}],"collection":[{"href":"https:\/\/antonio-justo.eu\/index.php?rest_route=\/wp\/v2\/posts"}],"about":[{"href":"https:\/\/antonio-justo.eu\/index.php?rest_route=\/wp\/v2\/types\/post"}],"author":[{"embeddable":true,"href":"https:\/\/antonio-justo.eu\/index.php?rest_route=\/wp\/v2\/users\/1"}],"replies":[{"embeddable":true,"href":"https:\/\/antonio-justo.eu\/index.php?rest_route=%2Fwp%2Fv2%2Fcomments&post=1329"}],"version-history":[{"count":0,"href":"https:\/\/antonio-justo.eu\/index.php?rest_route=\/wp\/v2\/posts\/1329\/revisions"}],"wp:attachment":[{"href":"https:\/\/antonio-justo.eu\/index.php?rest_route=%2Fwp%2Fv2%2Fmedia&parent=1329"}],"wp:term":[{"taxonomy":"category","embeddable":true,"href":"https:\/\/antonio-justo.eu\/index.php?rest_route=%2Fwp%2Fv2%2Fcategories&post=1329"},{"taxonomy":"post_tag","embeddable":true,"href":"https:\/\/antonio-justo.eu\/index.php?rest_route=%2Fwp%2Fv2%2Ftags&post=1329"}],"curies":[{"name":"wp","href":"https:\/\/api.w.org\/{rel}","templated":true}]}}