{"id":1320,"date":"2008-04-06T17:28:00","date_gmt":"2008-04-06T16:28:00","guid":{"rendered":"https:\/\/antonio-justo.eu\/?p=1320"},"modified":"2008-04-06T17:28:00","modified_gmt":"2008-04-06T16:28:00","slug":"conversao-dum-muculmano-ao-cristianismo","status":"publish","type":"post","link":"https:\/\/antonio-justo.eu\/?p=1320","title":{"rendered":"Convers\u00e3o dum Mu\u00e7ulmano ao Cristianismo"},"content":{"rendered":"<p class=\"MsoNormal\"><span style=\"\" lang=\"PT\"><o:p><\/o:p><\/span><\/p>\n<p class=\"MsoNormal\"><span style=\"\" lang=\"PT\">O jornalista Magdi Allam foi baptizado pelo Papa no Domingo de P\u00e1scoa, recebendo o nome de Christian. Um acto que pressup\u00f5e coragem atendendo aos problemas que o Isl\u00e3o cria a quem abandona o Isl\u00e3o, chegando a pena at\u00e9 ao assass\u00ednio. <o:p><\/o:p><\/span><\/p>\n<p class=\"MsoNormal\"><span style=\"\" lang=\"PT\"><o:p> <\/o:p><\/span><\/p>\n<p class=\"MsoNormal\"><span style=\"\" lang=\"PT\">O jornalista Allam<span style=\"\">  <\/span>p\u00f4s a descoberto, a campanha difamat\u00f3ria contra a ordem social ocidental, <span style=\"\"> <\/span>que se realiza em mesquitas, desmascarando a ambiguidade de imames (chefes religiosos mu\u00e7ulmanos) na It\u00e1lia, aparentemente pac\u00edficos. Um assunto que perturbava a sua rela\u00e7\u00e3o com a sua religi\u00e3o era o facto de no Isl\u00e3o n\u00e3o haver uma liga\u00e7\u00e3o harm\u00f3nica entre f\u00e9 e raz\u00e3o, como no cristianismo. <o:p><\/o:p><\/span><\/p>\n<p class=\"MsoNormal\"><span style=\"\" lang=\"PT\"><o:p> <\/o:p><\/span><\/p>\n<p class=\"MsoNormal\"><span style=\"\" lang=\"PT\">Magdi Allam tem recebido amea\u00e7as de morte, vivendo, desde h\u00e1 anos, sob a protec\u00e7\u00e3o cont\u00ednua da pol\u00edcia. Isto levou-o a ocupar-se mais com o cristianismo e a tomar a decis\u00e3o da convers\u00e3o. <o:p><\/o:p><\/span><\/p>\n<p class=\"MsoNormal\"><span style=\"\" lang=\"PT\"><span style=\"\"> <\/span><o:p><\/o:p><\/span><\/p>\n<p class=\"MsoNormal\"><span style=\"\" lang=\"PT\">No dia da sua convers\u00e3o, \u201co mais bonito\u201d da sua vida, publicou uma carta no \u201cCorriere della Sera\u201d onde diz: \u201cO milagre da ressurrei\u00e7\u00e3o reflectiu-se na minha alma libertando-a da escurid\u00e3o duma doutrina, em que os pregadores do \u00f3dio e da intoler\u00e2ncia para com \u201c os outros\u201d que, acriticamente, condenados como \u201cinimigos\u201d, se sobrep\u00f5em ao amor e ao respeito perante o \u201cpr\u00f3ximo\u201d que \u00e9 ao mesmo tempo \u2018pessoa\u2019. Deste modo, o meu esp\u00edrito p\u00f4de libertar-se da escurid\u00e3o duma ideologia que justifica a mentira e a hipocrisia, e a morte violenta, que conduz ao assass\u00ednio e ao suic\u00eddio, \u00e0 subjuga\u00e7\u00e3o cega e \u00e0 tirania. E assim pude eu entrar na verdadeira religi\u00e3o da verdade, da vida e da liberdade\u201d. <o:p><\/o:p><\/span><\/p>\n<p class=\"MsoNormal\"><span style=\"\" lang=\"PT\"><o:p> <\/o:p><\/span><\/p>\n<p class=\"MsoNormal\"><span style=\"\" lang=\"PT\">Magdi Christian Allam apela para que o medo de persegui\u00e7\u00e3o, dos convertidos do Isl\u00e3o para o cristianismo, os n\u00e3o obrigue a manter-se \u201cna escurid\u00e3o das catacumbas\u201d, refere o Frankfurter Allgemeine. <o:p><\/o:p><\/span><\/p>\n<p class=\"MsoNormal\"><span style=\"\" lang=\"PT\"><o:p> <\/o:p><\/span><\/p>\n<p class=\"MsoNormal\"><span style=\"\" lang=\"PT\">Muitos cat\u00f3licos n\u00e3o se sentem muito entusiasmados com este acto p\u00fablico do jornalista Magdi Christian Allam atendendo \u00e0 mensagem da ressurrei\u00e7\u00e3o que \u00e9 uma mensagem de paz e ao car\u00e1cter interior da experi\u00eancia da ressurrei\u00e7\u00e3o, al\u00e9m duma atitude p\u00fablica desta natureza p\u00f4r em perigo a vida de crist\u00e3os que vivem em pa\u00edses isl\u00e2micos. <span style=\"\"> <\/span><o:p><\/o:p><\/span><\/p>\n<p class=\"MsoNormal\"><span style=\"\" lang=\"PT\"><o:p> <\/o:p><\/span><\/p>\n<p class=\"MsoNormal\"><span style=\"\" lang=\"PT\">O problema, nas rela\u00e7\u00f5es com o Isl\u00e3o estar\u00e1 no dilema do Ocidente se submeter \u00e0 censura do medo na cabe\u00e7a perante os islamistas ou de tentar um discurso para l\u00e1 das conveni\u00eancias. Em luta, o Ocidente religioso tem a pior posi\u00e7\u00e3o atendendo \u00e0 sua vis\u00e3o da pessoa e ao facto do mundo isl\u00e2mico n\u00e3o parecer ter problemas com o uso da viol\u00eancia.<o:p><\/o:p><\/span><\/p>\n<p class=\"MsoNormal\"><span style=\"\" lang=\"PT\"><o:p> <\/o:p><\/span><\/p>\n<p class=\"MsoNormal\"><b style=\"\"><span style=\"\" lang=\"PT\">Ant\u00f3nio da Cunha Duarte Justo<o:p><\/o:p><\/span><\/b><\/p>\n","protected":false},"excerpt":{"rendered":"<p>O jornalista Magdi Allam foi baptizado pelo Papa no Domingo de P\u00e1scoa, recebendo o nome de Christian. Um acto que pressup\u00f5e coragem atendendo aos problemas que o Isl\u00e3o cria a quem abandona o Isl\u00e3o, chegando a pena at\u00e9 ao assass\u00ednio. O jornalista Allam p\u00f4s a descoberto, a campanha difamat\u00f3ria contra a ordem social ocidental, que &hellip; <a href=\"https:\/\/antonio-justo.eu\/?p=1320\" class=\"more-link\">Continuar a ler <span class=\"screen-reader-text\">Convers\u00e3o dum Mu\u00e7ulmano ao Cristianismo<\/span><\/a><\/p>\n","protected":false},"author":1,"featured_media":0,"comment_status":"open","ping_status":"open","sticky":false,"template":"","format":"standard","meta":{"sfsi_plus_gutenberg_text_before_share":"","sfsi_plus_gutenberg_show_text_before_share":"","sfsi_plus_gutenberg_icon_type":"","sfsi_plus_gutenberg_icon_alignemt":"","sfsi_plus_gutenburg_max_per_row":"","footnotes":""},"categories":[1],"tags":[],"class_list":["post-1320","post","type-post","status-publish","format-standard","hentry","category-sem-categoria"],"_links":{"self":[{"href":"https:\/\/antonio-justo.eu\/index.php?rest_route=\/wp\/v2\/posts\/1320","targetHints":{"allow":["GET"]}}],"collection":[{"href":"https:\/\/antonio-justo.eu\/index.php?rest_route=\/wp\/v2\/posts"}],"about":[{"href":"https:\/\/antonio-justo.eu\/index.php?rest_route=\/wp\/v2\/types\/post"}],"author":[{"embeddable":true,"href":"https:\/\/antonio-justo.eu\/index.php?rest_route=\/wp\/v2\/users\/1"}],"replies":[{"embeddable":true,"href":"https:\/\/antonio-justo.eu\/index.php?rest_route=%2Fwp%2Fv2%2Fcomments&post=1320"}],"version-history":[{"count":0,"href":"https:\/\/antonio-justo.eu\/index.php?rest_route=\/wp\/v2\/posts\/1320\/revisions"}],"wp:attachment":[{"href":"https:\/\/antonio-justo.eu\/index.php?rest_route=%2Fwp%2Fv2%2Fmedia&parent=1320"}],"wp:term":[{"taxonomy":"category","embeddable":true,"href":"https:\/\/antonio-justo.eu\/index.php?rest_route=%2Fwp%2Fv2%2Fcategories&post=1320"},{"taxonomy":"post_tag","embeddable":true,"href":"https:\/\/antonio-justo.eu\/index.php?rest_route=%2Fwp%2Fv2%2Ftags&post=1320"}],"curies":[{"name":"wp","href":"https:\/\/api.w.org\/{rel}","templated":true}]}}