{"id":1310,"date":"2008-03-14T11:26:00","date_gmt":"2008-03-14T10:26:00","guid":{"rendered":"https:\/\/antonio-justo.eu\/?p=1310"},"modified":"2008-03-14T11:26:00","modified_gmt":"2008-03-14T10:26:00","slug":"cidadania-portuguesa-no-estrangeiro","status":"publish","type":"post","link":"https:\/\/antonio-justo.eu\/?p=1310","title":{"rendered":"CIDADANIA PORTUGUESA NO ESTRANGEIRO"},"content":{"rendered":"<p class=\"MsoNormal\"><span style=\"\" lang=\"PT\"><br \/><o:p><\/o:p><\/span><\/p>\n<p class=\"MsoNormal\"><span style=\"\" lang=\"PT\">Anexo na sec\u00e7\u00e3o coment\u00e1rio o texto do PSD \u201cCidadania Portuguesa no Estrangeiro\u201d.<o:p><\/o:p><\/span><\/p>\n<p class=\"MsoNormal\"><span style=\"\" lang=\"PT\">\u00c9 de louvar tudo o que seja feito pelo emigrante e luso-descendente.<o:p><\/o:p><\/span><\/p>\n<p class=\"MsoNormal\"><span style=\"\" lang=\"PT\">Pelo que tenho observado desde h\u00e1 trinta anos na Alemanha, as iniciativas tomadas em rela\u00e7\u00e3o aos emigrantes reduzem-se apenas \u00e0 defesa de interesses institucionais e burocr\u00e1ticos \u00e0 custa dos mesmos. O emigrante n\u00e3o tem benef\u00edcio nenhum. Na Alemanha at\u00e9 o senhor deputado se tem de se submeter a promover a esquerda e a encostar-se a algum nome at\u00e9 com m\u00e1 reputa\u00e7\u00e3o na comunidade. N\u00e3o h\u00e1 interesse na promo\u00e7\u00e3o do bem comum e do partido. Isto poder-se-ia tornar incoveniente para os interesses pessoais de paraquedistas do oportuno! Com excep\u00e7\u00e3o da deputada Mesquita e do deputado Jos\u00e9 Ces\u00e1rio n\u00e3o tem havido pessoas \u00e0 altura da emigra\u00e7\u00e3o. Eleitos, arranjam os seus circuitos habituais de contacto agrad\u00e1vel; se n\u00e3o s\u00e3o da esquerda encostam-se a ela, como tenho vindo a observar desde h\u00e1 anos. Ou ser\u00e1 que apenas estar\u00e3o interessados em quest\u00f5es consulares ou de grupinhos!&#8230; A ser assim, o circito de ac\u00e7\u00e3o reduzir-se-ia a institui\u00e7\u00e3o &#8211; institui\u00e7\u00e3o<o:p><\/o:p><\/span><\/p>\n<p class=\"MsoNormal\"><span style=\"\" lang=\"PT\"><o:p> <\/o:p><\/span><\/p>\n<p class=\"MsoNormal\"><span style=\"\" lang=\"PT\">Infelizmente, os partidos em Portugal, como n\u00e3o est\u00e3o interessados numa pol\u00edtica no seio dos migrantes, tambem n\u00e3o est\u00e3o dentro dos problemas da emigra\u00e7\u00e3o entregando, por isso, o caso a duas ou tr\u00eas pessoas que, sem rei nem roque, podem fazer o que quiserem. Para as institui\u00e7\u00f5es em Portugal tudo est\u00e1 bem feito porque, a n\u00edvel de informa\u00e7\u00e3o, dependem totalmente daqueles. O que parece importar s\u00e3o as tempestades num copo de \u00e1gua. O resto \u00e9 para ingl\u00eas ver!<o:p><\/o:p><\/span><\/p>\n<p class=\"MsoNormal\"><span style=\"\" lang=\"PT\"><o:p> <\/o:p><\/span><\/p>\n<p class=\"MsoNormal\"><span style=\"\" lang=\"PT\">Ant\u00f3nio Justo<o:p><\/o:p><\/span><\/p>\n","protected":false},"excerpt":{"rendered":"<p>Anexo na sec\u00e7\u00e3o coment\u00e1rio o texto do PSD \u201cCidadania Portuguesa no Estrangeiro\u201d. \u00c9 de louvar tudo o que seja feito pelo emigrante e luso-descendente. Pelo que tenho observado desde h\u00e1 trinta anos na Alemanha, as iniciativas tomadas em rela\u00e7\u00e3o aos emigrantes reduzem-se apenas \u00e0 defesa de interesses institucionais e burocr\u00e1ticos \u00e0 custa dos mesmos. O &hellip; <a href=\"https:\/\/antonio-justo.eu\/?p=1310\" class=\"more-link\">Continuar a ler <span class=\"screen-reader-text\">CIDADANIA PORTUGUESA NO ESTRANGEIRO<\/span><\/a><\/p>\n","protected":false},"author":1,"featured_media":0,"comment_status":"open","ping_status":"open","sticky":false,"template":"","format":"standard","meta":{"sfsi_plus_gutenberg_text_before_share":"","sfsi_plus_gutenberg_show_text_before_share":"","sfsi_plus_gutenberg_icon_type":"","sfsi_plus_gutenberg_icon_alignemt":"","sfsi_plus_gutenburg_max_per_row":"","footnotes":""},"categories":[1],"tags":[],"class_list":["post-1310","post","type-post","status-publish","format-standard","hentry","category-sem-categoria"],"_links":{"self":[{"href":"https:\/\/antonio-justo.eu\/index.php?rest_route=\/wp\/v2\/posts\/1310","targetHints":{"allow":["GET"]}}],"collection":[{"href":"https:\/\/antonio-justo.eu\/index.php?rest_route=\/wp\/v2\/posts"}],"about":[{"href":"https:\/\/antonio-justo.eu\/index.php?rest_route=\/wp\/v2\/types\/post"}],"author":[{"embeddable":true,"href":"https:\/\/antonio-justo.eu\/index.php?rest_route=\/wp\/v2\/users\/1"}],"replies":[{"embeddable":true,"href":"https:\/\/antonio-justo.eu\/index.php?rest_route=%2Fwp%2Fv2%2Fcomments&post=1310"}],"version-history":[{"count":0,"href":"https:\/\/antonio-justo.eu\/index.php?rest_route=\/wp\/v2\/posts\/1310\/revisions"}],"wp:attachment":[{"href":"https:\/\/antonio-justo.eu\/index.php?rest_route=%2Fwp%2Fv2%2Fmedia&parent=1310"}],"wp:term":[{"taxonomy":"category","embeddable":true,"href":"https:\/\/antonio-justo.eu\/index.php?rest_route=%2Fwp%2Fv2%2Fcategories&post=1310"},{"taxonomy":"post_tag","embeddable":true,"href":"https:\/\/antonio-justo.eu\/index.php?rest_route=%2Fwp%2Fv2%2Ftags&post=1310"}],"curies":[{"name":"wp","href":"https:\/\/api.w.org\/{rel}","templated":true}]}}