{"id":1306,"date":"2008-03-06T11:00:00","date_gmt":"2008-03-06T10:00:00","guid":{"rendered":"https:\/\/antonio-justo.eu\/?p=1306"},"modified":"2008-03-06T11:00:00","modified_gmt":"2008-03-06T10:00:00","slug":"cura-%e2%80%93-a-forca-do-gesto-e-da-ideia","status":"publish","type":"post","link":"https:\/\/antonio-justo.eu\/?p=1306","title":{"rendered":"Cura \u2013 A for\u00e7a do gesto e da ideia"},"content":{"rendered":"<p class=\"MsoNormal\" style=\"text-align: center;\" align=\"center\"><b style=\"\"><span style=\"font-size: 20pt;\" lang=\"PT\"><br \/><o:p><\/o:p><\/span><\/b><\/p>\n<p class=\"MsoNormal\" style=\"text-align: center;\" align=\"center\"><b style=\"\"><span style=\"font-size: 18pt;\" lang=\"PT\">A arte de se recriar!<o:p><\/o:p><\/span><\/b><\/p>\n<p class=\"MsoNormal\"><span style=\"\" lang=\"PT\">Ant\u00f3nio Justo<o:p><\/o:p><\/span><\/p>\n<p class=\"MsoNormal\"><span style=\"\" lang=\"PT\">Activar as energias de auto-cura atrav\u00e9s da estimula\u00e7\u00e3o da compet\u00eancia curativa em n\u00f3s \u00e9 uma tarefa cada vez mais premente, num processo criativo de encontro da ess\u00eancia da realidade em n\u00f3s e no universo. A vertigem do nosso tempo leva-nos a viver em mundos paralelos ao pr\u00f3prio, a viver em segunda m\u00e3o. Isto provoca mais stress, destro\u00e7o, desfasamento e ang\u00fastia no quotidiano da vida. <o:p><\/o:p><\/span><\/p>\n<p class=\"MsoNormal\"><span style=\"\" lang=\"PT\"><o:p> <\/o:p><\/span><\/p>\n<p class=\"MsoNormal\"><span style=\"\" lang=\"PT\">Truncados da vida e escravos da mat\u00e9ria resta-nos uma mudan\u00e7a de atitude na redescoberta do esp\u00edrito, a caminho da fonte cristalina do ser, onde mat\u00e9ria e esp\u00edrito se n\u00e3o contradizem, vivendo na reciprocidade. Cada um de n\u00f3s traz em si um potencial inesgot\u00e1vel de divindade a activar. <o:p><\/o:p><\/span><\/p>\n<p class=\"MsoNormal\"><span style=\"\" lang=\"PT\"><o:p> <\/o:p><\/span><\/p>\n<p class=\"MsoNormal\"><span style=\"\" lang=\"PT\">Ci\u00eancias naturais, ci\u00eancias humanas, pol\u00edtica e religi\u00e3o j\u00e1 empataram demasiado tempo centradas em si, na defesa do particular desintegrado do todo, \u00e0 custa do ser humano, \u00e0 custa do esp\u00edrito que tudo suporta. A natureza n\u00e3o poder\u00e1 ter querido condicionar o ser humano ao m\u00e9dico ou ao mero neg\u00f3cio com a cura. <o:p><\/o:p><\/span><\/p>\n<p class=\"MsoNormal\"><span style=\"\" lang=\"PT\"><o:p> <\/o:p><\/span><\/p>\n<p class=\"MsoNormal\"><span style=\"\" lang=\"PT\">Sob a perspectiva teol\u00f3gica da Trindade e sob a perspectiva da nova ci\u00eancia f\u00edsica (teorias da relatividade e teoria qu\u00e2ntica) a ess\u00eancia da vida \u00e9 rela\u00e7\u00e3o, transpondo-se assim a ideia de fronteira entre esp\u00edrito e mat\u00e9ria (encarna\u00e7\u00e3o &#8211; espiritualiza\u00e7\u00e3o). Teologia e ci\u00eancia positiva aproximam-se, tendo como o lugar de encontro e de partida o esp\u00edrito. Assim seria \u00f3bvio o emprego conjunto dos resultados das duas disciplinas, sem complexos: uns e outros motivados apenas pelo servi\u00e7o e desenvolvimento do ser humano e da natureza.<o:p><\/o:p><\/span><\/p>\n<p class=\"MsoNormal\"><span style=\"\" lang=\"PT\"><o:p> <\/o:p><\/span><\/p>\n<p class=\"MsoNormal\"><span style=\"\" lang=\"PT\">Pelos resultados das observa\u00e7\u00f5es da medicina e da religi\u00e3o o sucesso da cura parece depender tamb\u00e9m do ritual. Este ter\u00e1 a miss\u00e3o de usar as fun\u00e7\u00f5es do c\u00e9rebro que n\u00e3o distingue entre ilus\u00e3o e realidade. Trata-se portanto, atrav\u00e9s da for\u00e7a da imagina\u00e7\u00e3o, da ilus\u00e3o e do esp\u00edrito, produzir reac\u00e7\u00f5es cerebrais com o mesmo efeito de medicamentos ou de criar atrav\u00e9s do rito o momento prop\u00edcio ao kair\u00f3s. Atrav\u00e9s da f\u00edsica sabe-se que a mat\u00e9ria \u00e9 informa\u00e7\u00e3o e atrav\u00e9s da teologia sabe-se que a mat\u00e9ria \u00e9 informada pelo esp\u00edrito que nela habita. A informa\u00e7\u00e3o tem uma grande for\u00e7a eficaz como cada um de n\u00f3s j\u00e1 pode ter observado na inter-rela\u00e7\u00e3o psico-som\u00e1tica que acontece no nosso estado de sa\u00fade ou de doen\u00e7a. A mobiliza\u00e7\u00e3o das for\u00e7as do intelecto e da alma deve ser objectivo de todo o m\u00e9dico e de todo o padre ou espiritual. A f\u00f3rmula \u201ca f\u00e9 transporta montanhas\u201d \u00e9 pura realidade. Somos condicionados do esp\u00edrito, da palavra. A palavra forma a nossa realidade. \u201cNo princ\u00edpio j\u00e1 existia o Verbo (a palavra, a vibra\u00e7\u00e3o), e o Verbo estava em Deus, e o Verbo era Deus\u2026\u201d (Jo.1,1). Ele fez-se homem e permaneceu entre n\u00f3s.<o:p><\/o:p><\/span><\/p>\n<p class=\"MsoNormal\"><span style=\"\" lang=\"PT\"><o:p> <\/o:p><\/span><\/p>\n<p class=\"MsoNormal\" style=\"text-align: center;\" align=\"center\"><b style=\"\"><span style=\"font-size: 14pt;\" lang=\"PT\">Religi\u00e3o e Ci\u00eancia de m\u00e3os dadas<o:p><\/o:p><\/span><\/b><\/p>\n<p class=\"MsoNormal\"><span style=\"\" lang=\"PT\">A ess\u00eancia do ser e da exist\u00eancia concretiza-se na rela\u00e7\u00e3o divina trinit\u00e1ria, \u00e9 vibra\u00e7\u00e3o e resson\u00e2ncia. O Esp\u00edrito est\u00e1 em tudo e em todos. O ser humano est\u00e1 chamado a emergir no seu estrato espiritual para poder desenvolver-se e assim possibilitar um salto qualitativo no desenvolvimento da natureza. Para isso \u00e9 essencial a abertura ao esp\u00edrito e o treino da intui\u00e7\u00e3o.<o:p><\/o:p><\/span><\/p>\n<p class=\"MsoNormal\"><span style=\"\" lang=\"PT\"><o:p> <\/o:p><\/span><\/p>\n<p class=\"MsoNormal\"><span style=\"\" lang=\"PT\">A intui\u00e7\u00e3o e as for\u00e7as da alma activam-se num estado entre acordado e sonho, um estado alfa ( estado de medita\u00e7\u00e3o ou ora\u00e7\u00e3o) em que as ondas cerebrais atingem uma frequ\u00eancia entre 7 e 14 Hz (Hertz), um estar desperto, vigilante relaxado. Este estado paralelo ao estado de aten\u00e7\u00e3o racional, pode ajudar-nos a curar e a curarmo-nos. Atrav\u00e9s da respira\u00e7\u00e3o sentida, da ora\u00e7\u00e3o, da m\u00fasica ou da medita\u00e7\u00e3o podemos desenvolver em n\u00f3s um espa\u00e7o, uma atmosfera criadora e geradora de energias que pode desbloquear e possibilitar, na harmonia e na resson\u00e2ncia do universo, um processo de cura e de harmonia n\u00e3o s\u00f3 a n\u00edvel individual como social. Uma vez recolhidos neste santu\u00e1rio as nossas ideias tornam-se energias mais potentes ainda, do que o s\u00e3o normalmente. No ser s\u00f3 e no estar em tudo. A f\u00edsica qu\u00e2ntica torna compreens\u00edvel a capacidade e a potencialidade das ideias. Atrav\u00e9s do pensamento posso provocar muitas mudan\u00e7as. Uma lei qu\u00e2ntica afirma que tudo \u00e9 vibra\u00e7\u00e3o. A diferencia\u00e7\u00e3o estar\u00e1 no grau de frequ\u00eancia. Nas pessoas doentes a frequ\u00eancia \u00e9 menor devido a bloqueios de energia. O mesmo se diga do corpo social e natural. Na experi\u00eancia religiosa fala-se da abertura ao esp\u00edrito, ao Esp\u00edrito Santo, para que ele deslize em n\u00f3s sem n\u00f3s nem impedimentos.<o:p><\/o:p><\/span><\/p>\n<p class=\"MsoNormal\"><span style=\"\" lang=\"PT\"><o:p> <\/o:p><\/span><\/p>\n<p class=\"MsoNormal\"><span style=\"\" lang=\"PT\">O estado de resson\u00e2ncia seria o estado comum ao ser, como que o \u201csentimento\u201d do esp\u00edrito, o estado do corpo m\u00edstico; falando numa linguagem crist\u00e3 aquele estado corresponde \u00e0 consci\u00eancia de sermos n\u00e3o s\u00f3 Jesus mas tamb\u00e9m o Cristo, a unidade de mat\u00e9ria e esp\u00edrito. <o:p><\/o:p><\/span><\/p>\n<p class=\"MsoNormal\"><span style=\"\" lang=\"PT\"><o:p> <\/o:p><\/span><\/p>\n<p class=\"MsoNormal\"><span style=\"\" lang=\"PT\">A intui\u00e7\u00e3o sempre levou as religi\u00f5es e as pessoas sens\u00edveis a usar a energia espiritual como meio de cura. O sacramento da un\u00e7\u00e3o dos enfermos, antes do racionalismo andava estreitamente aliado a uma certa magia que atrav\u00e9s da identifica\u00e7\u00e3o com Cristo possibilitava como que a intercomunica\u00e7\u00e3o das duas naturezas na abertura ao fiat, \u00e0s muta\u00e7\u00f5es proporcionasse a cura espiritual e corporal. O rito era a oportunidade corporal e espiritual na abertura ao acontecer mais profundo da realidade. A presen\u00e7a do ministrante, dos familiares, e o emprego de frases, gestos s\u00e3o o lugar pr\u00f3prio do sacramento onde se realiza a concatena\u00e7\u00e3o dos elementos. O rito da un\u00e7\u00e3o, imposi\u00e7\u00e3o das m\u00e3os, palavras e gestos produzem, tamb\u00e9m eles, efeitos naturais, espirituais e sobrenaturais. A sabedoria popular conserva ainda esse saber, que por vezes discriminado, nem sempre \u00e9 aplicado com a pureza e o respeito que \u00e9 devido ao ser humano.<o:p><\/o:p><\/span><\/p>\n<p class=\"MsoNormal\"><span style=\"\" lang=\"PT\"><o:p> <\/o:p><\/span><\/p>\n<p class=\"MsoNormal\"><span style=\"\" lang=\"PT\">A caminho do esp\u00edrito, as par\u00f3quias, cl\u00ednicas e hospitais podiam tornar-se em centrais de apoio e acompanhantes de pessoas abertas ao esp\u00edrito, numa tentativa de restituir a responsabilidade da cura e do corpo s\u00e3o em alma s\u00e3 ao indiv\u00edduo e \u00e0 comunidade. Importante \u00e9 abrir-se para poder ouvir os queixumes do esp\u00edrito atrav\u00e9s das manifesta\u00e7\u00f5es da alma doente que deixa as suas marcas no corpo e assim possibilitar a comunica\u00e7\u00e3o consigo mesmo e entrar na rela\u00e7\u00e3o com Cristo, com o todo em si. Para isso m\u00e9dicos, padres e espirituais ter\u00e3o de reportar-se aos novos resultados da f\u00edsica e \u00e0 m\u00edstica da trindade, passando a considerar o outro sujeito e n\u00e3o como objecto de servi\u00e7os. O valor da administra\u00e7\u00e3o ter\u00e1 de recuar em favor do indiv\u00edduo numa abertura absoluta para l\u00e1 das incrusta\u00e7\u00f5es dogm\u00e1ticas ou cient\u00edficas. No centro da religi\u00e3o e da medicina est\u00e1 o esp\u00edrito, a pessoa e n\u00e3o a institui\u00e7\u00e3o ou o h\u00e1bito rotineiro degradante.<o:p><\/o:p><\/span><\/p>\n<p class=\"MsoNormal\"><span style=\"\" lang=\"PT\"><o:p> <\/o:p><\/span><\/p>\n<p class=\"MsoNormal\"><span style=\"\" lang=\"PT\">Pressup\u00f5e-se para isso a vontade de aprender a usar a for\u00e7a da vis\u00e3o na procura duma outra realidade. Ci\u00eancia e religi\u00e3o, contra a sua miss\u00e3o, petrificaram o ser amarrando assim o ser humano \u00e0s suas necessidades prim\u00e1rias, \u00e0 ilus\u00e3o. J\u00e1 Plat\u00e3o (s\u00e9c. V-IV a.C.), que n\u00e3o conhecia o cristianismo, nem o mist\u00e9rio da trindade, afirmava que a percep\u00e7\u00e3o n\u00e3o produz saber mas opini\u00f5es enganadoras. O saber verdadeiro \u00e9 adquirido com a ajuda de conceitos que ajudam ao acesso \u00e0s ideias eternas. Os conceitos prov\u00eaem da lembran\u00e7a das ideias que a alma observou antes de ser encarcerada no corpo. <o:p><\/o:p><\/span><\/p>\n<p class=\"MsoNormal\"><span style=\"\" lang=\"PT\"><o:p> <\/o:p><\/span><\/p>\n<p class=\"MsoNormal\"><span style=\"\" lang=\"PT\">Assim, se filosofar \u00e9 ultrapassar a percep\u00e7\u00e3o dos sentidos, tamb\u00e9m entrar no processo de cura pressup\u00f5e mergulhar no grande mar do esp\u00edrito de que a doen\u00e7a, o mal \u00e9 a aus\u00eancia. O processo da cura pressup\u00f5e um recriar rela\u00e7\u00f5es. Analogicamente ao que aconteceu com a realidade fez-se o mesmo das ideias tornando-as o inv\u00f3lucro est\u00e1tico. <o:p><\/o:p><\/span><\/p>\n<p class=\"MsoNormal\"><span style=\"\" lang=\"PT\"><o:p> <\/o:p><\/span><\/p>\n<p class=\"MsoNormal\"><span style=\"\" lang=\"PT\">Urge dar vida \u00e0s ideias atrav\u00e9s de imagens din\u00e2micas que as torne criativas, integradas. A ideia viva possibilita a iniciacao ou continua\u00e7\u00e3o de processos no caminho da descoberta e do encontro de n\u00f3s mesmos. Porque n\u00e3o sabemos, ou melhor, n\u00e3o temos a consci\u00eancia do que somos, tornamo-nos, muitas vezes, terreno maninho, terreno dos outros, alheados de n\u00f3s. Por vezes temos a sorte de sermos acordados, por algum anjo a caminho, para a saudade da ideia original. Aquela saudade nost\u00e1lgica \u00e9 espiritualidade (mat\u00e9ria espiritualizada e esp\u00edrito materializado, sem preconceitos materiais ou espirituais, em di\u00e1logo libertador): f\u00e9, esperan\u00e7a e caridade no mesmo acto. A fonte da sa\u00fade (\u201cDeus em n\u00f3s) encontra-se mais perto de n\u00f3s que n\u00f3s mesmos, como dizia Agostinho. <o:p><\/o:p><\/span><\/p>\n<p class=\"MsoNormal\"><span style=\"\" lang=\"PT\"><o:p> <\/o:p><\/span><\/p>\n<p class=\"MsoNormal\"><span style=\"\" lang=\"PT\">Ant\u00f3nio da Cunha Duarte Justo<o:p><\/o:p><\/span><\/p>\n","protected":false},"excerpt":{"rendered":"<p>A arte de se recriar! Ant\u00f3nio Justo Activar as energias de auto-cura atrav\u00e9s da estimula\u00e7\u00e3o da compet\u00eancia curativa em n\u00f3s \u00e9 uma tarefa cada vez mais premente, num processo criativo de encontro da ess\u00eancia da realidade em n\u00f3s e no universo. A vertigem do nosso tempo leva-nos a viver em mundos paralelos ao pr\u00f3prio, a &hellip; <a href=\"https:\/\/antonio-justo.eu\/?p=1306\" class=\"more-link\">Continuar a ler <span class=\"screen-reader-text\">Cura \u2013 A for\u00e7a do gesto e da ideia<\/span><\/a><\/p>\n","protected":false},"author":1,"featured_media":0,"comment_status":"open","ping_status":"open","sticky":false,"template":"","format":"standard","meta":{"sfsi_plus_gutenberg_text_before_share":"","sfsi_plus_gutenberg_show_text_before_share":"","sfsi_plus_gutenberg_icon_type":"","sfsi_plus_gutenberg_icon_alignemt":"","sfsi_plus_gutenburg_max_per_row":"","footnotes":""},"categories":[1],"tags":[],"class_list":["post-1306","post","type-post","status-publish","format-standard","hentry","category-sem-categoria"],"_links":{"self":[{"href":"https:\/\/antonio-justo.eu\/index.php?rest_route=\/wp\/v2\/posts\/1306","targetHints":{"allow":["GET"]}}],"collection":[{"href":"https:\/\/antonio-justo.eu\/index.php?rest_route=\/wp\/v2\/posts"}],"about":[{"href":"https:\/\/antonio-justo.eu\/index.php?rest_route=\/wp\/v2\/types\/post"}],"author":[{"embeddable":true,"href":"https:\/\/antonio-justo.eu\/index.php?rest_route=\/wp\/v2\/users\/1"}],"replies":[{"embeddable":true,"href":"https:\/\/antonio-justo.eu\/index.php?rest_route=%2Fwp%2Fv2%2Fcomments&post=1306"}],"version-history":[{"count":0,"href":"https:\/\/antonio-justo.eu\/index.php?rest_route=\/wp\/v2\/posts\/1306\/revisions"}],"wp:attachment":[{"href":"https:\/\/antonio-justo.eu\/index.php?rest_route=%2Fwp%2Fv2%2Fmedia&parent=1306"}],"wp:term":[{"taxonomy":"category","embeddable":true,"href":"https:\/\/antonio-justo.eu\/index.php?rest_route=%2Fwp%2Fv2%2Fcategories&post=1306"},{"taxonomy":"post_tag","embeddable":true,"href":"https:\/\/antonio-justo.eu\/index.php?rest_route=%2Fwp%2Fv2%2Ftags&post=1306"}],"curies":[{"name":"wp","href":"https:\/\/api.w.org\/{rel}","templated":true}]}}