{"id":1304,"date":"2008-02-10T17:15:00","date_gmt":"2008-02-10T16:15:00","guid":{"rendered":"https:\/\/antonio-justo.eu\/?p=1304"},"modified":"2008-02-10T17:15:00","modified_gmt":"2008-02-10T16:15:00","slug":"remodelacao-consular-%e2%80%93-apenas-cosmetica-2","status":"publish","type":"post","link":"https:\/\/antonio-justo.eu\/?p=1304","title":{"rendered":"REMODELA\u00c7\u00c3O CONSULAR \u2013 APENAS COSM\u00c9TICA?"},"content":{"rendered":"<p class=\"MsoNormal\" style=\"text-align: center;\" align=\"center\"><b style=\"\"><span style=\"\"><span style=\"\"> <\/span><\/span><\/b><b style=\"\"><span lang=\"PT\"  style=\"font-size:16;\"> <o:p><\/o:p><\/span><\/b><\/p>\n<p class=\"MsoNormal\" style=\"text-align: center;\" align=\"center\"><b style=\"\"><span lang=\"PT\"  style=\"font-size:14;\">O Novo-Rico na Tradi\u00e7\u00e3o do Bar\u00e3o Republicano <o:p><\/o:p><\/span><\/b><\/p>\n<p class=\"MsoNormal\"><span style=\"\" lang=\"PT\"><o:p><\/o:p><\/span><\/p>\n<p class=\"MsoNormal\"><span style=\"\" lang=\"PT\"><o:p> <\/o:p><\/span><\/p>\n<p class=\"MsoNormal\"><span style=\"\" lang=\"PT\">A emigra\u00e7\u00e3o portuguesa \u00e9 a chaga aberta da Na\u00e7\u00e3o. Os nossos pol\u00edticos tratam a causa dos emigrantes e luso \u2013 descendentes com indiferen\u00e7a e at\u00e9 com desprezo. De facto, figurinos pol\u00edticos e administrativos que gostariam de se apresentar ao estrangeiro como representantes dum pa\u00eds de cara lavada, que faz os deveres de casa, continuam a fomentar a ideia dum Portugal \u00e0 laia de Marrocos-de-Cima na tradi\u00e7\u00e3o do artificialismo do nosso bar\u00e3o. De consci\u00eancia emba\u00e7ada, vivem bem nos seus guetos discretos e impercept\u00edveis. Gastam o dinheiro que a Na\u00e7\u00e3o n\u00e3o tem. Como representantes da mis\u00e9ria envergonhada limitam-se quase a representar-se, a passear o seu corpo de gravata empertigada e falar da imigra\u00e7\u00e3o em Portugal e de tudo o que fazem por ela, no concerto dos grandes e ricos importadores de m\u00e3o-de-obra!<o:p><\/o:p><\/span><\/p>\n<p class=\"MsoNormal\"><span style=\"\" lang=\"PT\"><o:p> <\/o:p><\/span><\/p>\n<p class=\"MsoNormal\"><span style=\"\" lang=\"PT\">A emigra\u00e7\u00e3o por motivos de car\u00eancia, como a escravatura outrora, \u00e9 um derivado carente do sistema econ\u00f3mico. Como tal deveria ser apoiada e assistida pelos governos portugueses para que esta passe a usufruir do que investe em Portugal e a intervir mais rentavelmente nas economias onde se encontram radicados. Para isso n\u00e3o chegam s\u00f3 ideias criativas; \u00e9 preciso, uma pol\u00edtica clara, uma cultura pr\u00e1tica, com apoio ao investimento, capacidade de risco e de Marketing e um novo esp\u00edrito administrativo. <o:p><\/o:p><\/span><\/p>\n<p class=\"MsoNormal\" style=\"text-align: center;\" align=\"center\"><b style=\"\"><span lang=\"PT\"  style=\"font-size:14;\">O Desgoverno do governo portugu\u00eas em Berlim<o:p><\/o:p><\/span><\/b><\/p>\n<p class=\"MsoNormal\"><span style=\"\" lang=\"PT\">Embora possuindo um terreno em Berlim, o estado portugu\u00eas paga 29.894,93 euros de aluguer pelas instala\u00e7\u00f5es da Embaixada e 12.782,30 euros pela resid\u00eancia do Embaixador, num total mensal de 42.677,23 euros, como refere o Portugal Post. Naturalmente que esta verba mensal, comparada com o que se gasta anualmente com um c\u00f4nsul ou com um conselheiro de embaixada n\u00e3o tem grande significado. O problema \u00e9 que quem tem de alimentar t\u00e3o grandes est\u00f4magos de Chicos espertos \u00e9 o Z\u00e9-povinho, a quem n\u00e3o resta nada para poder consumir cultura. Portugal para ser humano e moderno ter\u00e1 de racionalizar os gastos com a sua vaidade. Numa \u00e9poca em que o Estado repete os mesmos erros que fez no tempo das lutas liberais e republicanas apetece-me dizer com Almeida Garrett: \u201cE eu pergunto aos economistas pol\u00edticos, aos moralistas se j\u00e1 calcularam o n\u00famero de indiv\u00edduos que \u00e9 for\u00e7oso condenar \u00e0 mis\u00e9ria, ao trabalho desproporcionado, \u00e0 desmoraliza\u00e7\u00e3o, \u00e0 inf\u00e2ncia, \u00e0 ignor\u00e2ncia crapulosa, \u00e0 desgra\u00e7a invenc\u00edvel, \u00e0 pen\u00faria absoluta, para produzir um rico?\u201d Entre hoje e ontem apenas uma diferen\u00e7a prim\u00e1ria: se os bar\u00f5es de ent\u00e3o se serviam dos bens fundi\u00e1rios da Igreja, os bar\u00f5es de hoje servem-se dos bens do povo.<o:p><\/o:p><\/span><\/p>\n<p class=\"MsoNormal\"><span style=\"\" lang=\"PT\"><o:p> <\/o:p><\/span><\/p>\n<p class=\"MsoNormal\"><b style=\"\"><span style=\"\" lang=\"PT\">Que crit\u00e9rios levaram \u00e0 despromo\u00e7\u00e3o do Consulado-Geral de Frankfurt a Vice-Consulado?<o:p><\/o:p><\/span><\/b><\/p>\n<p class=\"MsoNormal\"><span style=\"\" lang=\"PT\">Enquanto os chineses e os americanos mant\u00eam os maiores consulados da Europa em Frankfurt, Portugal despromove o seu Consulado-Geral a vice-consulado. O dinheiro que se gasta com um c\u00f4nsul d\u00e1 para pagar a cinco professores, pelo que vale a pena pensar-se bem antes de se manter a categoria de consulado ou nomear um c\u00f4nsul. Porque se n\u00e3o reduzem tamb\u00e9m os consulados de Hamburgo, D\u00fcsseldorf e Estugarda a vice-consulados? Seriam centenas de milhares de euros que o Estado pouparia por ano e teria dispon\u00edveis para investimentos produtivos. Mesmo um vice-consulado n\u00e3o pode continuar a ser um espa\u00e7o fechado limitado a actos administrativos. <o:p><\/o:p><\/span><\/p>\n<p class=\"MsoNormal\"><span style=\"\" lang=\"PT\">Como se explica que o Consulado-Geral de Frankfurt seja despromovido para vice-consulado em favor dos consulados de Stutgart, de D\u00fcsseldorf e Hamburgo? Querer\u00e1 isto dizer que Portugal exportar\u00e1 mais portugueses para essas regi\u00f5es? \u00c9 muito nobre e digna a assist\u00eancia aos portugueses; s\u00f3 que esta precisa mais dos trabalhadores consulares do que dos c\u00f4nsules; para trabalhadores falta o dinheiro.<o:p><\/o:p><\/span><\/p>\n<p class=\"MsoNormal\"><span style=\"\" lang=\"PT\"><o:p> <\/o:p><\/span><\/p>\n<p class=\"MsoNormal\"><span style=\"\" lang=\"PT\">Em Frankfurt est\u00e1 sedeado o Banco Central Europeu; em fun\u00e7\u00e3o do futuro, no caso de Portugal ter um c\u00f4nsul na Alemanha, talvez a nomea\u00e7\u00e3o dum bom c\u00f4nsul para a\u00ed se revelasse mais \u00fatil para os interesses de Portugal na Alemanha, pressupondo-se para isso um perfil de c\u00f4nsul totalmente novo. <o:p><\/o:p><\/span><\/p>\n<p class=\"MsoNormal\"><span style=\"\" lang=\"PT\"><o:p> <\/o:p><\/span><\/p>\n<p class=\"MsoNormal\"><span style=\"\" lang=\"PT\">\u00c9 natural que se fiz\u00e9ssemos, pelo que se conhece, a avalia\u00e7\u00e3o da actividade dos c\u00f4nsules que passaram por Frankfurt \u2013 falo do que conhe\u00e7o melhor desde h\u00e1 28 anos \u2013 que pouco ou nada fizeram por Portugal e nada pela comunidade portuguesa. No tempo em que o Consulado esteve sem c\u00f4nsul, tendo a administr\u00e1-lo apenas a vice-c\u00f4nsul, n\u00e3o se notou em nada a falta daquele. A ver as quest\u00f5es por esta perspectiva naturalmente que seria uma atitude inteligente despromover Frankfurt para vice-consulado, poupando-se aquela despesa irracional. Tamb\u00e9m n\u00e3o se conhece nada do que ter\u00e3o feito os c\u00f4nsules de Estugarda, de Dusseldorf e de Hamburgo, o que, a seguir a mesma l\u00f3gica, tamb\u00e9m estes deveriam ser reduzidos a vice-consulados, destinando-se as centenas de milhares de euros anualmente poupados na promo\u00e7\u00e3o das actividades associativas e c\u00edvicas em torno do consulado<o:p><\/o:p><\/span><\/p>\n<p class=\"MsoNormal\"><span style=\"\" lang=\"PT\"><o:p> <\/o:p><\/span><\/p>\n<p class=\"MsoNormal\" style=\"text-align: center;\" align=\"center\"><b style=\"\"><span lang=\"PT\"  style=\"font-size:14;\">Fazer dos Consulados Casas da Porta Aberta<o:p><\/o:p><\/span><\/b><\/p>\n<p class=\"MsoNormal\"><span style=\"\" lang=\"PT\">Uma pol\u00edtica de reestrutura\u00e7\u00e3o consular ter\u00e1 que assentar em dados cient\u00edficos e numa pol\u00edtica prospectiva que tenha em conta uma ac\u00e7\u00e3o program\u00e1tica portuguesa a curto prazo para os pr\u00f3ximos 10 \u2013 20 anos. Os vice-consulados ter\u00e3o de se tornar em Centros da Porta Aberta, em Casas de Portugal onde se realizam as mais diferentes actividades. Para isso o Estado portugu\u00eas teria de saber o que quer, n\u00e3o se podendo limitar a medidas cosm\u00e9ticas, reagindo a interesses parciais instalados. A economia e a cultura ser\u00e3o os determinantes do futuro. As Casas de Portugal ter\u00e3o de se tornar bi\u00f3topos, viveiros de toda a vida das regi\u00f5es onde se encontram os portugueses.<o:p><\/o:p><\/span><\/p>\n<p class=\"MsoNormal\"><span style=\"\" lang=\"PT\"><o:p> <\/o:p><\/span><\/p>\n<p class=\"MsoNormal\"><span style=\"\" lang=\"PT\">O que se tem feito, embora vagarosamente, faz-se sem vis\u00f5es de fundo e com as m\u00e3os em cima dos joelhos, numa pr\u00e1tica de administra\u00e7\u00e3o da mis\u00e9ria. \u00c0s vezes l\u00e1 se tem a sorte de se ter um funcion\u00e1rio superior simp\u00e1tico\u2026 O povo contenta-se com pouco! <o:p><\/o:p><\/span><\/p>\n<p class=\"MsoNormal\"><span style=\"\" lang=\"PT\"><o:p> <\/o:p><\/span><\/p>\n<p class=\"MsoNormal\"><span style=\"\" lang=\"PT\">N\u00e3o chega criar \u201ccondi\u00e7\u00f5es para responder \u00e0s solicita\u00e7\u00f5es\u201d dos utentes; \u00e9 preciso antecipar-se a elas e aos instalados no sistema. A proceder-se como at\u00e9 agora continuaria a andar o carro \u00e0 frente dos bois! Isto interessa e fomenta apenas uma administra\u00e7\u00e3o subserviente que engorda no seu meio os seus representantes sindicais e pol\u00edticos que s\u00f3 conhecem a reivindica\u00e7\u00e3o salarial ou o fomento da pr\u00f3pria moita. Uma chusma de Chicos espertos anda \u00e0 volta dos consulados e das embaixadas chegando mesmo a impedir de trabalhar alguns inocentes que ainda se n\u00e3o deram conta da realidade da vida. A administra\u00e7\u00e3o tem muitos subterf\u00fagios para levar a \u00e1gua ao moinho dos seus astutos. Na coloca\u00e7\u00e3o de pessoal, como no caso de Hamburgo d\u00e1-se emprego a um mediador de seguros, etc. como funcion\u00e1rio consular, sem problema de incompatibilidades, tudo em nome da lei. Para isso recorre-se ao \u201cprocesso de selec\u00e7\u00e3o simplificante\u201d que os espertos introduziram na lei para salvaguarda de encostados e penduras. A moral mete-se na gaveta e do legal interessa apenas o seu rabo fora da gaveta..<o:p><\/o:p><\/span><\/p>\n<p class=\"MsoNormal\"><span style=\"\" lang=\"PT\"><o:p> <\/o:p><\/span><\/p>\n<p class=\"MsoNormal\"><span style=\"\" lang=\"PT\">Naturalmente que o que est\u00e1 mais em quest\u00e3o \u00e9 o perfil dos c\u00f4nsules. Al\u00e9m disso, uma democracia, se de facto o \u00e9, dever\u00e1 pedir contas aos seus representantes. Os c\u00f4nsules, tal como os conselheiros, deveriam tornar p\u00fablico um plano bienal que mostre o programa bienal a realizar concretamente por eles. Naturalmente que de dois em dois anos deveria ser apresentado um relat\u00f3rio do que fizeram ou deixaram de fazer e porqu\u00ea. Assim a comunidade adulta poderia controlar o que os seus \u201cservidores\u201d fazem e intervir. A comunidade civil tem o direito de saber o que os seus mais altos funcion\u00e1rios fazem.<o:p><\/o:p><\/span><\/p>\n<p class=\"MsoNormal\"><span style=\"\" lang=\"PT\"><o:p> <\/o:p><\/span><\/p>\n<p class=\"MsoNormal\"><span style=\"\" lang=\"PT\">Um novo modus faciendi tornaria insuficiente uma eventual declara\u00e7\u00e3o de inten\u00e7\u00f5es ou um relat\u00f3rio para ingl\u00eas ver a servi\u00e7o da burocracia. Portugal precisa de trabalhadores t\u00e9cnicos rent\u00e1veis e eficientes. (\u00c9 uma ilus\u00e3o o recurso a inspec\u00e7\u00f5es efectuadas por pessoal que pertence \u00e0 tutela: pelo que me foi dado observar no ME, uma m\u00e3o lava a outra). Uma pol\u00edtica de tachos e de meninos bem comportados n\u00e3o tirar\u00e1 o pa\u00eds da cepa torta. Se a sociedade portuguesa tem tantas dificuldades \u00e9 devido \u00e0 insufici\u00eancia dos quadros t\u00e9cnicos superiores a n\u00edvel de empresas e da administra\u00e7\u00e3o estatal. O neg\u00f3cio governamental a continuar como at\u00e9 agora e no segredo dos deuses s\u00f3 servir\u00e1 os interesses dos penduras dos minist\u00e9rios e dos partidos. Portugal \u00e9 demasiado carente para se dar ao luxo de continuar a manter a obesidade do baronato. <o:p><\/o:p><\/span><\/p>\n<p class=\"MsoNormal\"><span style=\"\" lang=\"PT\"><o:p> <\/o:p><\/span><\/p>\n<p class=\"MsoNormal\"><span style=\"\" lang=\"PT\">Como poder\u00e1 Portugal permitir que pessoas ocupem cargos administrativos improdutivos e recebam do er\u00e1rio p\u00fablico mais de dois mil contos por m\u00eas sem apresentarem contas do que fazem \u00e0 comunidade civil? \u00c9 pena que a grande maioria suje a veste de alguns poucos. <o:p><\/o:p><\/span><\/p>\n<p class=\"MsoNormal\"><span style=\"\" lang=\"PT\"><o:p> <\/o:p><\/span><\/p>\n<p class=\"MsoNormal\"><span style=\"\" lang=\"PT\">A reestrutura\u00e7\u00e3o dos consulados ter\u00e1 de ser mais radical a n\u00edvel de concep\u00e7\u00e3o, de estrat\u00e9gias, de perfil do pessoal e de excuss\u00e3o. Senhor secret\u00e1rio de Estado, n\u00e3o se deixe atemorizar. N\u00e3o actuar \u00e9 beneficiar a praga dos gafanhotos. Eles comem tudo e n\u00e3o deixam nada\u2026<o:p><\/o:p><\/span><\/p>\n<p class=\"MsoNormal\"><span style=\"\" lang=\"PT\"><o:p> <\/o:p><\/span><\/p>\n<p class=\"MsoNormal\"><b style=\"\"><span style=\"\" lang=\"PT\">Ant\u00f3nio da Cunha Duarte Justo<o:p><\/o:p><\/span><\/b><\/p>\n","protected":false},"excerpt":{"rendered":"<p>O Novo-Rico na Tradi\u00e7\u00e3o do Bar\u00e3o Republicano A emigra\u00e7\u00e3o portuguesa \u00e9 a chaga aberta da Na\u00e7\u00e3o. Os nossos pol\u00edticos tratam a causa dos emigrantes e luso \u2013 descendentes com indiferen\u00e7a e at\u00e9 com desprezo. De facto, figurinos pol\u00edticos e administrativos que gostariam de se apresentar ao estrangeiro como representantes dum pa\u00eds de cara lavada, que &hellip; <a href=\"https:\/\/antonio-justo.eu\/?p=1304\" class=\"more-link\">Continuar a ler <span class=\"screen-reader-text\">REMODELA\u00c7\u00c3O CONSULAR \u2013 APENAS COSM\u00c9TICA?<\/span><\/a><\/p>\n","protected":false},"author":1,"featured_media":0,"comment_status":"open","ping_status":"open","sticky":false,"template":"","format":"standard","meta":{"sfsi_plus_gutenberg_text_before_share":"","sfsi_plus_gutenberg_show_text_before_share":"","sfsi_plus_gutenberg_icon_type":"","sfsi_plus_gutenberg_icon_alignemt":"","sfsi_plus_gutenburg_max_per_row":"","footnotes":""},"categories":[1],"tags":[],"class_list":["post-1304","post","type-post","status-publish","format-standard","hentry","category-sem-categoria"],"_links":{"self":[{"href":"https:\/\/antonio-justo.eu\/index.php?rest_route=\/wp\/v2\/posts\/1304","targetHints":{"allow":["GET"]}}],"collection":[{"href":"https:\/\/antonio-justo.eu\/index.php?rest_route=\/wp\/v2\/posts"}],"about":[{"href":"https:\/\/antonio-justo.eu\/index.php?rest_route=\/wp\/v2\/types\/post"}],"author":[{"embeddable":true,"href":"https:\/\/antonio-justo.eu\/index.php?rest_route=\/wp\/v2\/users\/1"}],"replies":[{"embeddable":true,"href":"https:\/\/antonio-justo.eu\/index.php?rest_route=%2Fwp%2Fv2%2Fcomments&post=1304"}],"version-history":[{"count":0,"href":"https:\/\/antonio-justo.eu\/index.php?rest_route=\/wp\/v2\/posts\/1304\/revisions"}],"wp:attachment":[{"href":"https:\/\/antonio-justo.eu\/index.php?rest_route=%2Fwp%2Fv2%2Fmedia&parent=1304"}],"wp:term":[{"taxonomy":"category","embeddable":true,"href":"https:\/\/antonio-justo.eu\/index.php?rest_route=%2Fwp%2Fv2%2Fcategories&post=1304"},{"taxonomy":"post_tag","embeddable":true,"href":"https:\/\/antonio-justo.eu\/index.php?rest_route=%2Fwp%2Fv2%2Ftags&post=1304"}],"curies":[{"name":"wp","href":"https:\/\/api.w.org\/{rel}","templated":true}]}}