{"id":1300,"date":"2008-02-02T14:40:00","date_gmt":"2008-02-02T13:40:00","guid":{"rendered":"https:\/\/antonio-justo.eu\/?p=1300"},"modified":"2008-02-02T14:40:00","modified_gmt":"2008-02-02T13:40:00","slug":"magros-e-gordos-na-europa","status":"publish","type":"post","link":"https:\/\/antonio-justo.eu\/?p=1300","title":{"rendered":"Magros e Gordos na Europa"},"content":{"rendered":"<p class=\"MsoNormal\"><span style=\"\" lang=\"PT\"><br \/><span style=\"color: rgb(85, 85, 85);\">\u201eGordura \u00e9 formosura\u201d, dizia-se antigamente. Tamb\u00e9m a brancura do corpo e do rosto eram, ent\u00e3o, distintivos de quem n\u00e3o precisava de trabalhar ao sol e vivia \u00e0 sombra dos pal\u00e1cios e do moreno dos que cultivavam o campo.<\/p>\n<p>\u201cMudam-se os tempos\u201d, mudam-se as vaidades. Nos pa\u00edses da Europa rica, hoje \u00e9 o contr\u00e1rio. O moreno e a magreza s\u00e3o sinal de quem tem dinheiro e possibilidade de passar f\u00e9rias nas praias soalheiras, de frequentar os sol\u00e1rios, de fazer gin\u00e1stica e de optar por uma alimenta\u00e7\u00e3o racional.<\/p>\n<p>Um estudo alargado, feito pelo Minist\u00e9rio da Sa\u00fade alem\u00e3o sobre os h\u00e1bitos alimentares dos na Alemanha, que escalona a an\u00e1lise segundo a idade, o n\u00edvel escolar e a situa\u00e7\u00e3o econ\u00f3mica, confirma o que o bom-senso comum j\u00e1 pensava. Resultado: os mais gordos encontram-se entre os pobres e entre os que t\u00eam menor n\u00edvel de forma\u00e7\u00e3o escolar.<\/p>\n<p>Na Alemanha 66% dos homens t\u00eam excesso de peso, enquanto as mulheres atingidas pelo mal s\u00e3o 50,6%. O inqu\u00e9rito tamb\u00e9m revela um problema de falta de peso em meninas na puberdade.<\/p>\n<p>Enquanto que duma maneira geral a juventude revela sobre-peso em 18,1% dos jovens e em 16,4% das jovens, no grupo et\u00e1rio dos 70-80 anos, o excesso de peso atinge 84,2% dos homens e 74,1% das mulheres.<\/p>\n<p>A rela\u00e7\u00e3o de gordura entre a classe cultural mais desfavorecida frequentadora da escola normal (Hauptschule) e a do liceu (Gymnasium \u2013 que d\u00e1 acesso directo \u00e0 universidade) \u00e9 flagrante. Na escola normal h\u00e1 o dobro de gordos em compara\u00e7\u00e3o com os do liceu. Quanto mais forma\u00e7\u00e3o ou perspectivas de forma\u00e7\u00e3o menos gordura!<\/p>\n<p>Por estas e por outras, os respons\u00e1veis pela sa\u00fade a n\u00edvel da Uni\u00e3o Europeia querem promover uma iniciativa legal contra as gl\u00e2ndulas seb\u00e1ceas. Assim as embalagens ter\u00e3o que indicar a quantidade de a\u00e7\u00facar, sal, gordura e amidos. Bruxelas est\u00e1 a preparar legisla\u00e7\u00e3o para ser aplicada em todos os estados da Uni\u00e3o, tal como aconteceu com o tabaco.<\/p>\n<p>Na Uni\u00e3o Europeia encontram-se em ac\u00e7\u00e3o ap\u00f3stolos da sa\u00fade munidos contra o fumo e actuando j\u00e1 por todos os quelhos da Europa para que no c\u00e9u desta democracia n\u00e3o se encontrem prevaricadores p\u00fablicos do v\u00edcio do fumo. Quer-se uma Europa mais elegante e esguia que a Am\u00e9rica! A pr\u00f3xima campanha j\u00e1 se prev\u00ea. Por toda a parte da Europa j\u00e1 v\u00e3o surgindo os zelosos contra a adiposidade.<\/p>\n<p>A opini\u00e3o \u00e9 barata e pode muito! De facto, se fossemos a ter em conta o resultado da investiga\u00e7\u00e3o feita na Alemanha, os pol\u00edticos teriam de se esfor\u00e7ar por enriquecer a camada economicamente desfavorecida que produz mais gordos e de investir mais dinheiro nas escolas para que os mais desfavorecidos a n\u00edvel escolar e cultural deixem de envergonhar os vaidosos da na\u00e7\u00e3o com tantos gordos! O problema \u00e9 que aqueles est\u00e3o mais preocupados em branquear as estat\u00edsticas do que em remover as causas da adiposidade.<\/p>\n<p>A vaidade, a raz\u00e3o e a beldade \u00e9 como o sol: est\u00e1 sempre do lado dos que t\u00eam!<\/p>\n<p><\/span><\/span><span style=\"color: rgb(85, 85, 85);\">Ant\u00f3nio da Cunha Duarte Justo<\/span><o:p><\/o:p><\/p>\n","protected":false},"excerpt":{"rendered":"<p>\u201eGordura \u00e9 formosura\u201d, dizia-se antigamente. Tamb\u00e9m a brancura do corpo e do rosto eram, ent\u00e3o, distintivos de quem n\u00e3o precisava de trabalhar ao sol e vivia \u00e0 sombra dos pal\u00e1cios e do moreno dos que cultivavam o campo. \u201cMudam-se os tempos\u201d, mudam-se as vaidades. Nos pa\u00edses da Europa rica, hoje \u00e9 o contr\u00e1rio. O moreno &hellip; <a href=\"https:\/\/antonio-justo.eu\/?p=1300\" class=\"more-link\">Continuar a ler <span class=\"screen-reader-text\">Magros e Gordos na Europa<\/span><\/a><\/p>\n","protected":false},"author":1,"featured_media":0,"comment_status":"open","ping_status":"open","sticky":false,"template":"","format":"standard","meta":{"sfsi_plus_gutenberg_text_before_share":"","sfsi_plus_gutenberg_show_text_before_share":"","sfsi_plus_gutenberg_icon_type":"","sfsi_plus_gutenberg_icon_alignemt":"","sfsi_plus_gutenburg_max_per_row":"","footnotes":""},"categories":[1],"tags":[],"class_list":["post-1300","post","type-post","status-publish","format-standard","hentry","category-sem-categoria"],"_links":{"self":[{"href":"https:\/\/antonio-justo.eu\/index.php?rest_route=\/wp\/v2\/posts\/1300","targetHints":{"allow":["GET"]}}],"collection":[{"href":"https:\/\/antonio-justo.eu\/index.php?rest_route=\/wp\/v2\/posts"}],"about":[{"href":"https:\/\/antonio-justo.eu\/index.php?rest_route=\/wp\/v2\/types\/post"}],"author":[{"embeddable":true,"href":"https:\/\/antonio-justo.eu\/index.php?rest_route=\/wp\/v2\/users\/1"}],"replies":[{"embeddable":true,"href":"https:\/\/antonio-justo.eu\/index.php?rest_route=%2Fwp%2Fv2%2Fcomments&post=1300"}],"version-history":[{"count":0,"href":"https:\/\/antonio-justo.eu\/index.php?rest_route=\/wp\/v2\/posts\/1300\/revisions"}],"wp:attachment":[{"href":"https:\/\/antonio-justo.eu\/index.php?rest_route=%2Fwp%2Fv2%2Fmedia&parent=1300"}],"wp:term":[{"taxonomy":"category","embeddable":true,"href":"https:\/\/antonio-justo.eu\/index.php?rest_route=%2Fwp%2Fv2%2Fcategories&post=1300"},{"taxonomy":"post_tag","embeddable":true,"href":"https:\/\/antonio-justo.eu\/index.php?rest_route=%2Fwp%2Fv2%2Ftags&post=1300"}],"curies":[{"name":"wp","href":"https:\/\/api.w.org\/{rel}","templated":true}]}}