{"id":1297,"date":"2008-01-06T20:50:00","date_gmt":"2008-01-06T19:50:00","guid":{"rendered":"https:\/\/antonio-justo.eu\/?p=1297"},"modified":"2008-01-06T20:50:00","modified_gmt":"2008-01-06T19:50:00","slug":"destruicao-sistematica-do-sector-agricola-e-gastronomico","status":"publish","type":"post","link":"https:\/\/antonio-justo.eu\/?p=1297","title":{"rendered":"Destrui\u00e7\u00e3o Sistem\u00e1tica do Sector Agr\u00edcola e Gastron\u00f3mico"},"content":{"rendered":"<p class=\"MsoNormal\" style=\"text-align: center;\" align=\"center\"><b style=\"\"><span style=\"font-size: 18pt;\" lang=\"PT\">ASAE \u2013 Contra a Raia Mi\u00fada<\/span><\/b><span style=\"font-size: 18pt;\" lang=\"PT\"><br \/><\/span><span style=\"font-size: 16pt;\" lang=\"PT\"><\/span><span style=\"font-size: 18pt;\" lang=\"PT\"><o:p><\/o:p><\/span><\/p>\n<p class=\"MsoNormal\"><span style=\"\" lang=\"PT\">O inspector-geral da ASAE (Autoridade de Seguran\u00e7a Alimentar e Econ\u00f3mica), Ant\u00f3nio Nunes, ao afirmar ao seman\u00e1rio \u201cSol\u201d que metade dos restaurantes e caf\u00e9s em Portugal \u201cest\u00e3o condenados a fechar\u201d por n\u00e3o cumprirem a legisla\u00e7\u00e3o comunit\u00e1ria ou por n\u00e3o terem viabilidade econ\u00f3mica, parece n\u00e3o ter problemas com o que est\u00e1 por detr\u00e1s de tal iniciativa europeia. Neste caso serve apenas os interesses das grandes na\u00e7\u00f5es europeias, como Inglaterra, Alemanha, Fran\u00e7a e It\u00e1l\u00eda e diminui a qualidade de vida do povo simples que at\u00e9 agora ainda se permitia ir ao caf\u00e9 e ao restaurante. Isto \u00e9 um ataque contra Portugal e em especial contra o Centro e Norte de Portugal. \u00c9 <b style=\"\">mais uma investida da mentalidade prolet\u00e1ria estabelecida contra a cultura, contra os biotopos naturais<\/b>, contra a atractividade do norte de Portugal. Como na quest\u00e3o da regula\u00e7\u00e3o dos vinhos (os alem\u00e3es e outros conseguiram licen\u00e7a de colocarem a\u00e7\u00facar nos seus vinhos para poderem obter maior gradua\u00e7\u00e3o alco\u00f3lica!), tamb\u00e9m este \u00e9 mais um exemplo duma iniciativa centralista contra as regi\u00f5es perif\u00e9ricas.<o:p><\/o:p><\/span><\/p>\n<p class=\"MsoNormal\"><span style=\"\" lang=\"PT\"><o:p> <\/o:p><\/span><\/p>\n<p class=\"MsoNormal\"><span style=\"\" lang=\"PT\">As lobies da Uni\u00e3o Europeia s\u00e3o muito inteligentes, comprando com dinheiro e taxos as cabe\u00e7as que, por miss\u00e3o, deveriam defender os interesses de Portrugal. Enquanto que nas grandes na\u00e7\u00f5es europeias h\u00e1 sempre uma discuss\u00e3o p\u00fablica alargada sobre as directivas europeias a aplicar e consequentes adapta\u00e7\u00f5es, como se viu no Projecto Galileu em que a Espanha n\u00e3o aprovaria o projecto se n\u00e3o visse interesses espanhois leg\u00edtimos nele respeitados, os pol\u00edticos portugueses aplicam, sem mais, as orienta\u00e7\u00f5es. <o:p><\/o:p><\/span><\/p>\n<p class=\"MsoNormal\"><span style=\"\" lang=\"PT\"><o:p> <\/o:p><\/span><\/p>\n<p class=\"MsoNormal\"><span style=\"\" lang=\"PT\">Na legisla\u00e7\u00e3o agora em causa contra os pequenos propriet\u00e1rios de caf\u00e9s e restaurantes Portugal deixa, como de costume, o caso nas m\u00e3os da administra\u00e7\u00e3o, amea\u00e7ando arruinar a vida de milhares de pequenos empres\u00e1rios e de seus empregados carenciados. Portugal ao implementar em 100% as orienta\u00e7\u00f5es europeias, sem ter em conta a realidade portuguesa, serve os tubar\u00f5es estrangeiros com o subterf\u00fagio da higiene. Continua-se a destrui\u00e7\u00e3o sistem\u00e1tica do sector agr\u00edcola.<o:p><\/o:p><\/span><\/p>\n<p class=\"MsoNormal\"><span style=\"\" lang=\"PT\"><o:p> <\/o:p><\/span><\/p>\n<p class=\"MsoNormal\"><span style=\"\" lang=\"PT\">Portugal, mais que de inspectores precisa de ministros e de cabe\u00e7as que defendam os interesses dos portugueses. N\u00e3o chegam inspectores que obriguem a cumprir as leis europeias \u00e9 preciso povo e um governo que defenda n\u00e3o s\u00f3 os interesses das grandes empresas e multinacionais. Naturalmente que estas importam para Portugal produtos mais bem embalados, que, talvez \u00e0 primeira vista, oferecem uma oportunidade ao Estado de lan\u00e7ar melhor a sua m\u00e3o sobre os impostos. S\u00f3 que estas empresas n\u00e3o t\u00eam a sua sede em Portugal!<o:p><\/o:p><\/span><\/p>\n<p class=\"MsoNormal\"><span style=\"\" lang=\"PT\">Temos cada vez mais a impressao de que o Estado defende os interesses an\u00f3nimos estando tamb\u00e9m ele interessado na anonimidade e precaridade do seu povo.<o:p><\/o:p><\/span><\/p>\n<p class=\"MsoNormal\"><span style=\"\" lang=\"PT\"><o:p> <\/o:p><\/span><\/p>\n<p class=\"MsoNormal\"><span style=\"\" lang=\"PT\">Ant\u00f3nio da Cunha Duarte Justo<o:p><\/o:p><\/span><\/p>\n<p class=\"MsoNormal\"><span style=\"\" lang=\"PT\">\u201cPegadas do Tempo\u201d, Janeiro de 2008<o:p><\/o:p><\/span><\/p>\n","protected":false},"excerpt":{"rendered":"<p>ASAE \u2013 Contra a Raia Mi\u00fada O inspector-geral da ASAE (Autoridade de Seguran\u00e7a Alimentar e Econ\u00f3mica), Ant\u00f3nio Nunes, ao afirmar ao seman\u00e1rio \u201cSol\u201d que metade dos restaurantes e caf\u00e9s em Portugal \u201cest\u00e3o condenados a fechar\u201d por n\u00e3o cumprirem a legisla\u00e7\u00e3o comunit\u00e1ria ou por n\u00e3o terem viabilidade econ\u00f3mica, parece n\u00e3o ter problemas com o que est\u00e1 &hellip; <a href=\"https:\/\/antonio-justo.eu\/?p=1297\" class=\"more-link\">Continuar a ler <span class=\"screen-reader-text\">Destrui\u00e7\u00e3o Sistem\u00e1tica do Sector Agr\u00edcola e Gastron\u00f3mico<\/span><\/a><\/p>\n","protected":false},"author":1,"featured_media":0,"comment_status":"open","ping_status":"open","sticky":false,"template":"","format":"standard","meta":{"sfsi_plus_gutenberg_text_before_share":"","sfsi_plus_gutenberg_show_text_before_share":"","sfsi_plus_gutenberg_icon_type":"","sfsi_plus_gutenberg_icon_alignemt":"","sfsi_plus_gutenburg_max_per_row":"","footnotes":""},"categories":[1],"tags":[],"class_list":["post-1297","post","type-post","status-publish","format-standard","hentry","category-sem-categoria"],"_links":{"self":[{"href":"https:\/\/antonio-justo.eu\/index.php?rest_route=\/wp\/v2\/posts\/1297","targetHints":{"allow":["GET"]}}],"collection":[{"href":"https:\/\/antonio-justo.eu\/index.php?rest_route=\/wp\/v2\/posts"}],"about":[{"href":"https:\/\/antonio-justo.eu\/index.php?rest_route=\/wp\/v2\/types\/post"}],"author":[{"embeddable":true,"href":"https:\/\/antonio-justo.eu\/index.php?rest_route=\/wp\/v2\/users\/1"}],"replies":[{"embeddable":true,"href":"https:\/\/antonio-justo.eu\/index.php?rest_route=%2Fwp%2Fv2%2Fcomments&post=1297"}],"version-history":[{"count":0,"href":"https:\/\/antonio-justo.eu\/index.php?rest_route=\/wp\/v2\/posts\/1297\/revisions"}],"wp:attachment":[{"href":"https:\/\/antonio-justo.eu\/index.php?rest_route=%2Fwp%2Fv2%2Fmedia&parent=1297"}],"wp:term":[{"taxonomy":"category","embeddable":true,"href":"https:\/\/antonio-justo.eu\/index.php?rest_route=%2Fwp%2Fv2%2Fcategories&post=1297"},{"taxonomy":"post_tag","embeddable":true,"href":"https:\/\/antonio-justo.eu\/index.php?rest_route=%2Fwp%2Fv2%2Ftags&post=1297"}],"curies":[{"name":"wp","href":"https:\/\/api.w.org\/{rel}","templated":true}]}}