{"id":1284,"date":"2007-12-13T11:31:00","date_gmt":"2007-12-13T10:31:00","guid":{"rendered":"https:\/\/antonio-justo.eu\/?p=1284"},"modified":"2007-12-13T11:31:00","modified_gmt":"2007-12-13T10:31:00","slug":"eutanasia","status":"publish","type":"post","link":"https:\/\/antonio-justo.eu\/?p=1284","title":{"rendered":"Eutan\u00e1sia"},"content":{"rendered":"<p class=\"MsoNormal\" style=\"text-align: center;\" align=\"center\"><b style=\"\"><span style=\"font-size: 18pt;\" lang=\"PT\"><br \/><o:p><\/o:p><\/span><\/b><\/p>\n<p class=\"MsoNormal\"><span style=\"\" lang=\"PT\">Pol\u00edticos alem\u00e3es e representantes das igrejas manifestaram-se veementemente contra a inten\u00e7\u00e3o da associa\u00e7\u00e3o su\u00ed\u00e7a para a eutan\u00e1sia \u201cDignitas\u201d querer criar um caso precedente de eutan\u00e1sia na Alemanha. O porta-voz do SPD no parlamento Alem\u00e3o afirmou:\u201d N\u00f3s acabaremos com a das treiben actividade de Dignitas na Alemanha\u201d.<o:p><\/o:p><\/span><\/p>\n<p class=\"MsoNormal\"><span style=\"\" lang=\"PT\"><o:p> <\/o:p><\/span><\/p>\n<p class=\"MsoNormal\"><span style=\"\" lang=\"PT\">\u00c9 desumano fazer-se neg\u00f3cio com a morte de pessoas muito doentes. Na Alemanha a pr\u00e1tica activa e comercial da eutan\u00e1sia \u00e9 contra a Constitui\u00e7\u00e3o. <o:p><\/o:p><\/span><\/p>\n<p class=\"MsoNormal\"><span style=\"\" lang=\"PT\"><o:p> <\/o:p><\/span><\/p>\n<p class=\"MsoNormal\"><span style=\"\" lang=\"PT\">Assim como o homem foi lan\u00e7ado \u00e0 vida sem pr\u00f3pria interven\u00e7\u00e3o, o mesmo deve acontecer na morte. O paciente, ou moribundo t\u00eam um direito ao apoio e acompanhamento na doen\u00e7a e na morte mas n\u00e3o na interven\u00e7\u00e3o directa. <o:p><\/o:p><\/span><\/p>\n<p class=\"MsoNormal\"><span style=\"\" lang=\"PT\"><o:p> <\/o:p><\/span><\/p>\n<p class=\"MsoNormal\"><span style=\"\" lang=\"PT\">Importante \u00e9 alargar a medicina paliativa e incentivar uma cultura da vida e n\u00e3o uma cultura da morte, como defendem e praticam as Igrejas nas suas institui\u00e7\u00f5es. Iniciativas tendentes a prolongar a vida devem ser interrompidas no caso de impedirem uma morte cruel.<o:p><\/o:p><\/span><\/p>\n<p class=\"MsoNormal\"><span style=\"\" lang=\"PT\"><o:p> <\/o:p><\/span><\/p>\n<p class=\"MsoNormal\"><span style=\"\" lang=\"PT\">Os nazis praticavam a eutan\u00e1sia com pessoas que consideravam de vida indigna ou inferior. Numa sociedade que cada vez envelhece mais e o respeito para com os idosos diminui facilmente se passa a \u201csanear\u201d dado a nossa vida, entretanto, s\u00f3 ser considerada sob o ponto de vista econ\u00f3mico, como refere o bispo evang\u00e9lico Hein. A solidariedade continua presente na sociedade.<o:p><\/o:p><\/span><\/p>\n<p class=\"MsoNormal\"><span style=\"\" lang=\"PT\"><o:p> <\/o:p><\/span><\/p>\n<p class=\"MsoNormal\"><span style=\"\" lang=\"PT\">Ant\u00f3nio Justo<o:p><\/o:p><\/span><\/p>\n","protected":false},"excerpt":{"rendered":"<p>Pol\u00edticos alem\u00e3es e representantes das igrejas manifestaram-se veementemente contra a inten\u00e7\u00e3o da associa\u00e7\u00e3o su\u00ed\u00e7a para a eutan\u00e1sia \u201cDignitas\u201d querer criar um caso precedente de eutan\u00e1sia na Alemanha. O porta-voz do SPD no parlamento Alem\u00e3o afirmou:\u201d N\u00f3s acabaremos com a das treiben actividade de Dignitas na Alemanha\u201d. \u00c9 desumano fazer-se neg\u00f3cio com a morte de pessoas &hellip; <a href=\"https:\/\/antonio-justo.eu\/?p=1284\" class=\"more-link\">Continuar a ler <span class=\"screen-reader-text\">Eutan\u00e1sia<\/span><\/a><\/p>\n","protected":false},"author":1,"featured_media":0,"comment_status":"open","ping_status":"open","sticky":false,"template":"","format":"standard","meta":{"sfsi_plus_gutenberg_text_before_share":"","sfsi_plus_gutenberg_show_text_before_share":"","sfsi_plus_gutenberg_icon_type":"","sfsi_plus_gutenberg_icon_alignemt":"","sfsi_plus_gutenburg_max_per_row":"","footnotes":""},"categories":[1],"tags":[],"class_list":["post-1284","post","type-post","status-publish","format-standard","hentry","category-sem-categoria"],"_links":{"self":[{"href":"https:\/\/antonio-justo.eu\/index.php?rest_route=\/wp\/v2\/posts\/1284","targetHints":{"allow":["GET"]}}],"collection":[{"href":"https:\/\/antonio-justo.eu\/index.php?rest_route=\/wp\/v2\/posts"}],"about":[{"href":"https:\/\/antonio-justo.eu\/index.php?rest_route=\/wp\/v2\/types\/post"}],"author":[{"embeddable":true,"href":"https:\/\/antonio-justo.eu\/index.php?rest_route=\/wp\/v2\/users\/1"}],"replies":[{"embeddable":true,"href":"https:\/\/antonio-justo.eu\/index.php?rest_route=%2Fwp%2Fv2%2Fcomments&post=1284"}],"version-history":[{"count":0,"href":"https:\/\/antonio-justo.eu\/index.php?rest_route=\/wp\/v2\/posts\/1284\/revisions"}],"wp:attachment":[{"href":"https:\/\/antonio-justo.eu\/index.php?rest_route=%2Fwp%2Fv2%2Fmedia&parent=1284"}],"wp:term":[{"taxonomy":"category","embeddable":true,"href":"https:\/\/antonio-justo.eu\/index.php?rest_route=%2Fwp%2Fv2%2Fcategories&post=1284"},{"taxonomy":"post_tag","embeddable":true,"href":"https:\/\/antonio-justo.eu\/index.php?rest_route=%2Fwp%2Fv2%2Ftags&post=1284"}],"curies":[{"name":"wp","href":"https:\/\/api.w.org\/{rel}","templated":true}]}}