{"id":1282,"date":"2007-12-12T11:41:00","date_gmt":"2007-12-12T10:41:00","guid":{"rendered":"https:\/\/antonio-justo.eu\/?p=1282"},"modified":"2007-12-12T11:41:00","modified_gmt":"2007-12-12T10:41:00","slug":"ser-mae-a-nossa-natureza-mais-profunda","status":"publish","type":"post","link":"https:\/\/antonio-justo.eu\/?p=1282","title":{"rendered":"Ser M\u00e3e &#8211; A nossa natureza mais profunda"},"content":{"rendered":"<p class=\"MsoNormal\" style=\"text-align: center;\" align=\"center\"><b style=\"\"><span style=\"font-size: 18pt;\" lang=\"PT\">Nascimento \u2013 Deus \u00e9 M\u00e3e<o:p><\/o:p><\/span><\/b><\/p>\n<p class=\"MsoNormal\"><span style=\"\" lang=\"PT\">O nascimento de cada um de n\u00f3s \u00e9 um acontecimento \u00fanico e inconfund\u00edvel, uma nova abertura a toda a possibilidade, uma abertura m\u00e3e, tamb\u00e9m ela com a possibilidade de dar \u00e0 luz. Para isso \u00e9 preciso a capacidade de, tamb\u00e9m n\u00f3s homens, assumirmos a feminidade. Com a primeira experi\u00eancia da gravidez, da paternidade surge uma meta, uma crian\u00e7a. Depois da crian\u00e7a nascida vem a preocupa\u00e7\u00e3o por ela, a aten\u00e7\u00e3o. A nova situa\u00e7\u00e3o fomenta novas for\u00e7as de entrega e dedica\u00e7\u00e3o e um outro sentido pelos outros. Tudo passa a ser diferente, um novo estilo de vida centrado no outro.<o:p><\/o:p><\/span><\/p>\n<p class=\"MsoNormal\"><span style=\"\" lang=\"PT\"><o:p> <\/o:p><\/span><\/p>\n<p class=\"MsoNormal\"><span style=\"\" lang=\"PT\">A capacidade da gravidez e a const\u00e2ncia prepara-nos para a abertura confiante, a experi\u00eancia do integral, do sagrado.<o:p><\/o:p><\/span><\/p>\n<p class=\"MsoNormal\"><span style=\"\" lang=\"PT\"><o:p> <\/o:p><\/span><\/p>\n<p class=\"MsoNormal\"><span style=\"\" lang=\"PT\">As dores do parto s\u00e3o um sinal duma presen\u00e7a. Deus n\u00e3o conhece o passado nem o futuro. Ele est\u00e1 sempre a dar \u00e0 luz. Deus puxa o homem do seu corpo m\u00e3e como uma parteira (Sal 22,10). <o:p><\/o:p><\/span><\/p>\n<p class=\"MsoNormal\"><span style=\"\" lang=\"PT\"><o:p> <\/o:p><\/span><\/p>\n<p class=\"MsoNormal\"><span style=\"\" lang=\"PT\">A sua actividade criadora \u00e9 apresentada como um processo de dar \u00e0 luz (Sal 90, 2 ). Deus, como a m\u00e3e parturiente possibilita o novo, a sua presen\u00e7a (Jes 42, 14).<o:p><\/o:p><\/span><\/p>\n<p class=\"MsoNormal\"><span style=\"\" lang=\"PT\"><o:p> <\/o:p><\/span><\/p>\n<p class=\"MsoNormal\"><span style=\"\" lang=\"PT\">Dados \u00e0 luz por um microcosmo, dum ventre materno para o ventre terreno, o ventre do universo. De rela\u00e7\u00e3o em rela\u00e7\u00e3o<o:p><\/o:p><\/span><\/p>\n<p class=\"MsoNormal\"><span style=\"\" lang=\"PT\"><o:p> <\/o:p><\/span><\/p>\n<p class=\"MsoNormal\"><span style=\"\" lang=\"PT\">O nascimento liga-nos \u00e0 cria\u00e7\u00e3o e o dar \u00e0 luz ao acto do criador. No parto se testemunha a necessidade da rela\u00e7\u00e3o e do apoio duns e doutros. Seguimos de liga\u00e7\u00e3o em liga\u00e7\u00e3o, de come\u00e7o em come\u00e7o, no substrato da uni\u00e3o profunda no Esp\u00edrito. \u00c0 desliga\u00e7\u00e3o da m\u00e3e e ao corte umbilical segue-se a liga\u00e7\u00e3o \u00e0 comunidade humana atrav\u00e9s do baptismo e do registo. \u00c9 o in\u00edcio dum novo come\u00e7o. <o:p><\/o:p><\/span><\/p>\n<p class=\"MsoNormal\"><span style=\"\" lang=\"PT\"><o:p> <\/o:p><\/span><\/p>\n<p class=\"MsoNormal\"><span style=\"\" lang=\"PT\">Precisamos, na arte na religi\u00e3o, do aprofundamento dos modelos de compreens\u00e3o da vida num horizonte de compreens\u00e3o vivo e aberto sem nos deixarmos enredar em preconceitos existentes.<o:p><\/o:p><\/span><\/p>\n<p class=\"MsoNormal\"><span style=\"\" lang=\"PT\"><o:p> <\/o:p><\/span><\/p>\n<p class=\"MsoNormal\"><span style=\"\" lang=\"PT\">\u201cTu \u00e9s o meu filho, hoje te dou \u00e0 luz\u201d (Sl , 2, 7). Assim se legitima a maternidade divina e a nossa natureza de filhos e reis. Em Jesus d\u00e1-se a \u201cdemocratiza\u00e7\u00e3o\u201d da filia\u00e7\u00e3o divina a todo o ser humano e at\u00e9 ao resto da natureza. Com ele inicia-se a cristogenese do homem e do mundo.<o:p><\/o:p><\/span><\/p>\n<p class=\"MsoNormal\"><span style=\"\" lang=\"PT\"><o:p> <\/o:p><\/span><\/p>\n<p class=\"MsoNormal\"><span style=\"\" lang=\"PT\">A igreja \u00e9 a garante da propaga\u00e7\u00e3o da f\u00e9 transmitida, a continuidade hist\u00f3rica, a recorda\u00e7\u00e3o. Tamb\u00e9m ela gera devendo por isso manter-se sempre aberta ao Esp\u00edrito. N\u00e3o h\u00e1 vida sem m\u00e3e. Pelo milagre do amor Deus nasceu em Jesus!<o:p><\/o:p><\/span><\/p>\n<p class=\"MsoNormal\"><span style=\"\" lang=\"PT\"><o:p> <\/o:p><\/span><\/p>\n<p class=\"MsoNormal\"><span style=\"\" lang=\"PT\">Nascer e dar \u00e0 luz s\u00e3o met\u00e1foras da vida que nos acompanham at\u00e9 ao seu outro lado que \u00e9 a morte.<o:p><\/o:p><\/span><\/p>\n<p class=\"MsoNormal\"><span style=\"\" lang=\"PT\"><o:p> <\/o:p><\/span><\/p>\n<p class=\"MsoNormal\"><span style=\"\" lang=\"PT\">Deus deu \u00e0 luz a Luz. Maria d\u00e1 \u00e0 luz a sua Luz. A m\u00e3e de Deus chora o seu filho crucificado agora no seu rega\u00e7o. No mesmo seio, a vida e a morte, a incarna\u00e7\u00e3o e a ressurrei\u00e7\u00e3o. <o:p><\/o:p><\/span><\/p>\n<p class=\"MsoNormal\"><span style=\"\" lang=\"PT\"><o:p> <\/o:p><\/span><\/p>\n<p class=\"MsoNormal\"><span style=\"\" lang=\"PT\">Em todo o processo existencial h\u00e1 um per\u00edodo da noite, da espera, um per\u00edodo da gravidez. A partir do 25 de Dezembro a noite \u00e9 mais curta. \u201cEu sou a luz do mundo\u201d(Jo 8,12). <o:p><\/o:p><\/span><\/p>\n<p class=\"MsoNormal\"><span style=\"\" lang=\"PT\"><o:p> <\/o:p><\/span><\/p>\n<p class=\"MsoNormal\"><span style=\"\" lang=\"PT\">Ant\u00f3nio Justo<o:p><\/o:p><\/span><\/p>\n","protected":false},"excerpt":{"rendered":"<p>Nascimento \u2013 Deus \u00e9 M\u00e3e O nascimento de cada um de n\u00f3s \u00e9 um acontecimento \u00fanico e inconfund\u00edvel, uma nova abertura a toda a possibilidade, uma abertura m\u00e3e, tamb\u00e9m ela com a possibilidade de dar \u00e0 luz. Para isso \u00e9 preciso a capacidade de, tamb\u00e9m n\u00f3s homens, assumirmos a feminidade. Com a primeira experi\u00eancia da &hellip; <a href=\"https:\/\/antonio-justo.eu\/?p=1282\" class=\"more-link\">Continuar a ler <span class=\"screen-reader-text\">Ser M\u00e3e &#8211; A nossa natureza mais profunda<\/span><\/a><\/p>\n","protected":false},"author":1,"featured_media":0,"comment_status":"open","ping_status":"open","sticky":false,"template":"","format":"standard","meta":{"sfsi_plus_gutenberg_text_before_share":"","sfsi_plus_gutenberg_show_text_before_share":"","sfsi_plus_gutenberg_icon_type":"","sfsi_plus_gutenberg_icon_alignemt":"","sfsi_plus_gutenburg_max_per_row":"","footnotes":""},"categories":[1],"tags":[],"class_list":["post-1282","post","type-post","status-publish","format-standard","hentry","category-sem-categoria"],"_links":{"self":[{"href":"https:\/\/antonio-justo.eu\/index.php?rest_route=\/wp\/v2\/posts\/1282","targetHints":{"allow":["GET"]}}],"collection":[{"href":"https:\/\/antonio-justo.eu\/index.php?rest_route=\/wp\/v2\/posts"}],"about":[{"href":"https:\/\/antonio-justo.eu\/index.php?rest_route=\/wp\/v2\/types\/post"}],"author":[{"embeddable":true,"href":"https:\/\/antonio-justo.eu\/index.php?rest_route=\/wp\/v2\/users\/1"}],"replies":[{"embeddable":true,"href":"https:\/\/antonio-justo.eu\/index.php?rest_route=%2Fwp%2Fv2%2Fcomments&post=1282"}],"version-history":[{"count":0,"href":"https:\/\/antonio-justo.eu\/index.php?rest_route=\/wp\/v2\/posts\/1282\/revisions"}],"wp:attachment":[{"href":"https:\/\/antonio-justo.eu\/index.php?rest_route=%2Fwp%2Fv2%2Fmedia&parent=1282"}],"wp:term":[{"taxonomy":"category","embeddable":true,"href":"https:\/\/antonio-justo.eu\/index.php?rest_route=%2Fwp%2Fv2%2Fcategories&post=1282"},{"taxonomy":"post_tag","embeddable":true,"href":"https:\/\/antonio-justo.eu\/index.php?rest_route=%2Fwp%2Fv2%2Ftags&post=1282"}],"curies":[{"name":"wp","href":"https:\/\/api.w.org\/{rel}","templated":true}]}}