{"id":1281,"date":"2007-12-11T13:42:00","date_gmt":"2007-12-11T12:42:00","guid":{"rendered":"https:\/\/antonio-justo.eu\/?p=1281"},"modified":"2007-12-11T13:42:00","modified_gmt":"2007-12-11T12:42:00","slug":"cimeira-africa-ue-em-lisboa","status":"publish","type":"post","link":"https:\/\/antonio-justo.eu\/?p=1281","title":{"rendered":"Cimeira \u00c1frica-UE em Lisboa"},"content":{"rendered":"<p class=\"MsoNormal\" style=\"text-align: center;\" align=\"center\"><b style=\"\"><span style=\"font-size: 18pt;\" lang=\"PT\"><br \/><o:p><\/o:p><\/span><\/b><\/p>\n<p class=\"MsoNormal\" style=\"text-align: center;\" align=\"center\"><b style=\"\"><span style=\"font-size: 16pt;\" lang=\"PT\">Lei da cultura contra a lei da natura<o:p><\/o:p><\/span><\/b><\/p>\n<p class=\"MsoNormal\"><span style=\"\" lang=\"PT\">Robert Mugabe, com 83 anos encontra-se desde h\u00e1 27 anos \u00e0 frente do Estado. No in\u00edcio foi o her\u00f3i da independ\u00eancia do Zimbabu\u00e9, transformando-se entretanto num autocrata opressor da oposi\u00e7\u00e3o e sendo o respons\u00e1vel pela mis\u00e9ria de grande parte da popula\u00e7\u00e3o.<o:p><\/o:p><\/span><\/p>\n<p class=\"MsoNormal\"><span style=\"\" lang=\"PT\"><o:p> <\/o:p><\/span><\/p>\n<p class=\"MsoNormal\"><span style=\"\" lang=\"PT\">Embora a Europa o tenha declarado persona non grata, foi admitida a sua presen\u00e7a na cimeira de Lisboa, onde \u00c2ngela Merckel, no fim de semana passado, lhe deu um pux\u00e3o de orelhas.<o:p><\/o:p><\/span><\/p>\n<p class=\"MsoNormal\"><span style=\"\" lang=\"PT\"><o:p> <\/o:p><\/span><\/p>\n<p class=\"MsoNormal\"><span style=\"\" lang=\"PT\">A Chanceler alem\u00e3, \u00c2ngela Merckel, falou, em nome da Uni\u00e3o Europeia, sobre o tema Direitos Humanos, referindo que\u201da Europa sofreu na pele, nos s\u00e9culos passados, onde pode conduzir o desprezo dos direitos humanos: \u00e0 ditadura, guerra e indescrit\u00edveis sofrimentos\u201d. A Chanceler criticou a situa\u00e7\u00e3o no Zimbabu\u00e9 afirmando que aquela condi\u00e7\u00e3o prejudica a reputa\u00e7\u00e3o da nova \u00c1frica: \u201cN\u00f3s n\u00e3o devemos desviar o olhar quando direitos humanos s\u00e3o pisados com os p\u00e9s.\u201d<o:p><\/o:p><\/span><\/p>\n<p class=\"MsoNormal\"><span style=\"\" lang=\"PT\"><o:p> <\/o:p><\/span><\/p>\n<p class=\"MsoNormal\"><span style=\"\" lang=\"PT\"><span style=\"\"> <\/span>Mugabe tenta lavar as m\u00e3os, considerando a cr\u00edtica uma intromiss\u00e3o nos assuntos internos do pa\u00eds. De facto ele tem medo de, ao ter de abandonar as r\u00e9deas do poder, vir a ter de responder no Tribunal Internacional dos Direitos Humanos pelas barbaridades cometidas.<o:p><\/o:p><\/span><\/p>\n<p class=\"MsoNormal\"><span style=\"\" lang=\"PT\"><o:p> <\/o:p><\/span><\/p>\n<p class=\"MsoNormal\"><span style=\"\" lang=\"PT\">A reac\u00e7\u00e3o de Mugabe mostra que ele n\u00e3o sabe lidar com cr\u00edtica justa. Embora a Chanceler tenha falado em nome de todos os estados europeus, \u00e9 atacada duma maneira pessoal, infame e brutal. O governo do Zimbabu\u00e9 atrav\u00e9s do seu ministro Sikhanyiso Ndlovu no jornal \u201cThe Herald\u201d injuria-a de \u201c racista, fascista, reminisc\u00eancia nazi\u201d. \u201cEla deve fechar a boca e abalar. Zimbabu\u00e9 n\u00e3o \u00e9 nenhuma col\u00f3nia alem\u00e3, isto \u00e9 o m\u00e1ximo de racismo dum chefe de governo alem\u00e3o.\u201d Mugabe tinha ultrajado a Alemanha, Dinamarca, Su\u00e9cia e Pa\u00edses Baixos como \u201co bando dos quatro arrogantes\u201d.<o:p><\/o:p><\/span><\/p>\n<p class=\"MsoNormal\"><span style=\"\" lang=\"PT\"><o:p> <\/o:p><\/span><\/p>\n<p class=\"MsoNormal\"><span style=\"\" lang=\"PT\">Por isto se v\u00ea que quem mais se empenha na defesa dos direitos humanos n\u00e3o recebe aplauso.<o:p><\/o:p><\/span><\/p>\n<p class=\"MsoNormal\"><span style=\"\" lang=\"PT\"><o:p> <\/o:p><\/span><\/p>\n<p class=\"MsoNormal\"><span style=\"\" lang=\"PT\">Merckel n\u00e3o costuma falar apenas \u201cpara ingl\u00eas ver\u201d. O ataque \u00e0 Chanceler \u00e9 um ataque a toda a Uni\u00e3o Europeia. O comportamento dum d\u00e9spota n\u00e3o deve conduzir a reac\u00e7\u00f5es que castiguem o povo do Zimbabu\u00e9.<o:p><\/o:p><\/span><\/p>\n<p class=\"MsoNormal\"><span style=\"\" lang=\"PT\"><o:p> <\/o:p><\/span><\/p>\n<p class=\"MsoNormal\"><span style=\"\" lang=\"PT\">A cimeira deveria agarrar nas m\u00e3os os problemas dos dois continentes, que s\u00f3 podem ser solucionados em comum. <o:p><\/o:p><\/span><\/p>\n<p class=\"MsoNormal\"><span style=\"\" lang=\"PT\"><o:p> <\/o:p><\/span><\/p>\n<p class=\"MsoNormal\"><span style=\"\" lang=\"PT\">O processo da coloniza\u00e7\u00e3o interna de \u00c1frica foi interrompido pelo interregno da coloniza\u00e7\u00e3o exterior. Esta n\u00e3o permitiu \u00e0s for\u00e7as e grupos internos alcan\u00e7ar a hegemonia interna. Por isso a situa\u00e7\u00e3o em \u00c1frica vive dum passado interrompido. Sente a democracia e a defesa dos direitos humanos como uma imposi\u00e7\u00e3o de fora, a imposi\u00e7\u00e3o da lei da cultura contra a lei da natura. <o:p><\/o:p><\/span><\/p>\n<p class=\"MsoNormal\"><span style=\"\" lang=\"PT\"><o:p> <\/o:p><\/span><\/p>\n<p class=\"MsoNormal\"><span style=\"\" lang=\"PT\">\u00c9 verdade que a Europa aprendeu tarde mas aprende dos erros que fez no passado. S\u00f3 que os problemas do futuro depender\u00e3o dos erros que faz hoje!<o:p><\/o:p><\/span><\/p>\n<p class=\"MsoNormal\"><span style=\"\" lang=\"PT\"><o:p> <\/o:p><\/span><\/p>\n<p class=\"MsoNormal\"><span style=\"\" lang=\"PT\"><o:p> <\/o:p><\/span><\/p>\n<p class=\"MsoNormal\"><span style=\"\" lang=\"PT\">Ant\u00f3nio  Justo<o:p><\/o:p><\/span><\/p>\n","protected":false},"excerpt":{"rendered":"<p>Lei da cultura contra a lei da natura Robert Mugabe, com 83 anos encontra-se desde h\u00e1 27 anos \u00e0 frente do Estado. No in\u00edcio foi o her\u00f3i da independ\u00eancia do Zimbabu\u00e9, transformando-se entretanto num autocrata opressor da oposi\u00e7\u00e3o e sendo o respons\u00e1vel pela mis\u00e9ria de grande parte da popula\u00e7\u00e3o. Embora a Europa o tenha declarado &hellip; <a href=\"https:\/\/antonio-justo.eu\/?p=1281\" class=\"more-link\">Continuar a ler <span class=\"screen-reader-text\">Cimeira \u00c1frica-UE em Lisboa<\/span><\/a><\/p>\n","protected":false},"author":1,"featured_media":0,"comment_status":"open","ping_status":"open","sticky":false,"template":"","format":"standard","meta":{"sfsi_plus_gutenberg_text_before_share":"","sfsi_plus_gutenberg_show_text_before_share":"","sfsi_plus_gutenberg_icon_type":"","sfsi_plus_gutenberg_icon_alignemt":"","sfsi_plus_gutenburg_max_per_row":"","footnotes":""},"categories":[1],"tags":[],"class_list":["post-1281","post","type-post","status-publish","format-standard","hentry","category-sem-categoria"],"_links":{"self":[{"href":"https:\/\/antonio-justo.eu\/index.php?rest_route=\/wp\/v2\/posts\/1281","targetHints":{"allow":["GET"]}}],"collection":[{"href":"https:\/\/antonio-justo.eu\/index.php?rest_route=\/wp\/v2\/posts"}],"about":[{"href":"https:\/\/antonio-justo.eu\/index.php?rest_route=\/wp\/v2\/types\/post"}],"author":[{"embeddable":true,"href":"https:\/\/antonio-justo.eu\/index.php?rest_route=\/wp\/v2\/users\/1"}],"replies":[{"embeddable":true,"href":"https:\/\/antonio-justo.eu\/index.php?rest_route=%2Fwp%2Fv2%2Fcomments&post=1281"}],"version-history":[{"count":0,"href":"https:\/\/antonio-justo.eu\/index.php?rest_route=\/wp\/v2\/posts\/1281\/revisions"}],"wp:attachment":[{"href":"https:\/\/antonio-justo.eu\/index.php?rest_route=%2Fwp%2Fv2%2Fmedia&parent=1281"}],"wp:term":[{"taxonomy":"category","embeddable":true,"href":"https:\/\/antonio-justo.eu\/index.php?rest_route=%2Fwp%2Fv2%2Fcategories&post=1281"},{"taxonomy":"post_tag","embeddable":true,"href":"https:\/\/antonio-justo.eu\/index.php?rest_route=%2Fwp%2Fv2%2Ftags&post=1281"}],"curies":[{"name":"wp","href":"https:\/\/api.w.org\/{rel}","templated":true}]}}