{"id":1280,"date":"2007-12-11T13:41:00","date_gmt":"2007-12-11T12:41:00","guid":{"rendered":"https:\/\/antonio-justo.eu\/?p=1280"},"modified":"2007-12-11T13:41:00","modified_gmt":"2007-12-11T12:41:00","slug":"criancas-vitimas","status":"publish","type":"post","link":"https:\/\/antonio-justo.eu\/?p=1280","title":{"rendered":"Crian\u00e7as V\u00edtimas"},"content":{"rendered":"<p class=\"MsoNormal\" style=\"text-align: center;\" align=\"center\"><b style=\"\"><span style=\"font-size: 18pt;\" lang=\"PT\"><br \/><o:p><\/o:p><\/span><\/b><\/p>\n<p class=\"MsoNormal\" style=\"text-align: center;\" align=\"center\"><b style=\"\"><span style=\"font-size: 16pt;\" lang=\"PT\">A Sociedade Machista e Sexista n\u00e3o suporta M\u00e3es nem Pais<\/span><\/b><span style=\"\" lang=\"PT\"><o:p><\/o:p><\/span><\/p>\n<p> <\/p>\n<p class=\"MsoNormal\"><span style=\"\" lang=\"PT\">Na Alemanha, especialmente na zona da antiga Alemanha democr\u00e1tica t\u00eam-se amontoado os casos de assass\u00ednios de crian\u00e7as e doutros extremismos. <o:p><\/o:p><\/span><\/p>\n<p class=\"MsoNormal\"><span style=\"\" lang=\"PT\"><o:p> <\/o:p><\/span><\/p>\n<p class=\"MsoNormal\"><span style=\"\" lang=\"PT\">Um fen\u00f3meno raro mas que ultimamente tem aumentado \u00e9 o facto de cada vez mais m\u00e3es cometerem tal acto pelos mais diversos motivos. A sociedade tem de se perguntar porqu\u00ea e tem de se preocupar mais com a protec\u00e7\u00e3o das crian\u00e7as. Uma Europa, de esp\u00edrito cada vez mais mercantilista, n\u00e3o pode nem querer\u00e1 dar resposta \u00e0s novas necessidades e exig\u00eancias que cria. Cada vez se faz mais sentir a brutalidade que depois tamb\u00e9m se repercute nos elementos mais fracos da sociedade.<o:p><\/o:p><\/span><\/p>\n<p class=\"MsoNormal\"><span style=\"\" lang=\"PT\"><o:p> <\/o:p><\/span><\/p>\n<p class=\"MsoNormal\"><span style=\"\" lang=\"PT\">A semana passada, uma m\u00e3e, de 28 anos, em Plauen encontra-se presa por ter presumivelmente matado os seu tr\u00eas beb\u00e9s. Esta m\u00e3e vivia bastante isolada; n\u00e3o se sabe ainda se ela matou as crian\u00e7as ou se as deixou morrer \u00e0 fome.<o:p><\/o:p><\/span><\/p>\n<p class=\"MsoNormal\"><span style=\"\" lang=\"PT\"><o:p> <\/o:p><\/span><\/p>\n<p class=\"MsoNormal\"><span style=\"\" lang=\"PT\">Tamb\u00e9m em Darry, uma m\u00e3e, de 31 anos, matou 5 filhos na idade entre 3 e 9 anos; a m\u00e3e, psiquicamente doente, julgando querer poupar as crian\u00e7as \u00e0 dureza da vida, anestesiou-as e depois matou-as.<o:p><\/o:p><\/span><\/p>\n<p class=\"MsoNormal\"><span style=\"\" lang=\"PT\"><o:p> <\/o:p><\/span><\/p>\n<p class=\"MsoNormal\"><span style=\"\" lang=\"PT\">Em casos conflituosos com a lei, muitas das m\u00e3es e dos pais tiveram uma inf\u00e2ncia sem protec\u00e7\u00e3o e sem a possibilidade de interiorizar uma verdadeira atitude dos pais.<o:p><\/o:p><\/span><\/p>\n<p class=\"MsoNormal\"><span style=\"\" lang=\"PT\"><o:p> <\/o:p><\/span><\/p>\n<p class=\"MsoNormal\"><span style=\"\" lang=\"PT\">A pol\u00edtica, em casos que agitam a popula\u00e7\u00e3o, reage, sem pensar nas causas, e discute a possibilidade da obriga\u00e7\u00e3o geral legal \u00e0 visita regular ao m\u00e9dico de inf\u00e2ncia e, no caso de aus\u00eancia, o m\u00e9dico ter de o comunicar \u00e0 administra\u00e7\u00e3o da cidade. Tamb\u00e9m no caso de maus-tratos os m\u00e9dicos dever\u00e3o quebrar o sigilo. Alguns estados federais j\u00e1 regularam isto por lei. A pol\u00edtica fomenta uma filosofia de vida ego\u00edsta e uma sociedade do arrume-se quem poder e no momento em que as consequ\u00eancias desagrad\u00e1veis se tornam vis\u00edveis reagem com accionismo precipitado socorrendo-se de leis para distrair ou desviar a bola para canto.<o:p><\/o:p><\/span><\/p>\n<p class=\"MsoNormal\"><span style=\"\" lang=\"PT\"><o:p> <\/o:p><\/span><\/p>\n<p class=\"MsoNormal\"><span style=\"\" lang=\"PT\">A lei n\u00e3o pode ser a resposta \u00e0 questiona\u00e7\u00e3o que os problemas apresentam a este tipo de sociedade. Trata-se geralmente duma pol\u00edtica simb\u00f3lica e apenas de remedeio. <o:p><\/o:p><\/span><\/p>\n<p class=\"MsoNormal\"><span style=\"\" lang=\"PT\"><o:p> <\/o:p><\/span><\/p>\n<p class=\"MsoNormal\"><span style=\"\" lang=\"PT\">Al\u00e9m da necessidade da propaga\u00e7\u00e3o geral dum verdadeiro humanismo nas rela\u00e7\u00f5es laborais e sociais entre as pessoas e institui\u00e7\u00f5es, as vidas mais prec\u00e1rias com pobreza, problemas sociais e droga deveriam receber mais aten\u00e7\u00e3o e apoio.<o:p><\/o:p><\/span><\/p>\n<p class=\"MsoNormal\"><span style=\"\" lang=\"PT\"><o:p> <\/o:p><\/span><\/p>\n<p class=\"MsoNormal\"><span style=\"\" lang=\"PT\">J\u00e1 h\u00e1 iniciativas que procuram ajudar m\u00e3es jovens que, em casos especiais de situa\u00e7\u00e3o de assist\u00eancia social, precisam de apoio, recebendo, a partir do quarto m\u00eas at\u00e9 aos dois anos, um apoio com uma acompanhante de fam\u00edlia que a apoia em todas as necessidades.<o:p><\/o:p><\/span><\/p>\n<p class=\"MsoNormal\"><span style=\"\" lang=\"PT\"><o:p> <\/o:p><\/span><\/p>\n<p class=\"MsoNormal\"><span style=\"\" lang=\"PT\">Assim, m\u00e3es n\u00e3o motivadas para o ser, ou gr\u00e1vidas em dificuldade recebem um apoio fortalecedor para as mulheres e para as crian\u00e7as. Esta ser\u00e1 a melhor maneira de providenciar as visitas m\u00e9dicas regulares. Voluntariedade \u00e9 melhor do que a obriga\u00e7\u00e3o legal de participar em observa\u00e7\u00f5es m\u00e9dicas.<o:p><\/o:p><\/span><\/p>\n<p class=\"MsoNormal\"><span style=\"\" lang=\"PT\"><o:p> <\/o:p><\/span><\/p>\n<p class=\"MsoNormal\"><span style=\"\" lang=\"PT\">Na Alemanha procura-se remendar o sistema social com iniciativas como o \u201cProjecto pr\u00f3 Crian\u00e7a\u201d destinado a apoiar mulheres gr\u00e1vidas que se encontram s\u00f3s, sem ajuda da fam\u00edlia e, por vezes, sem uma ideia de como educar crian\u00e7as. <o:p><\/o:p><\/span><\/p>\n<p class=\"MsoNormal\"><span style=\"\" lang=\"PT\"><o:p> <\/o:p><\/span><\/p>\n<p class=\"MsoNormal\"><span style=\"\" lang=\"PT\">A nossa sociedade despreza todas as conven\u00e7\u00f5es desvalorizando cada vez mais o papel da m\u00e3e e do pai. Estes s\u00e3o cada vez mais colocados a leste numa sociedade de esp\u00edrito colonialista que pensa resolver os seus problemas de natalidade internos, que criou, com a importa\u00e7\u00e3o, n\u00e3o de pessoas mas de for\u00e7as de trabalho. Na pol\u00edtica progressista, fam\u00edlia \u00e9 s\u00edmbolo de empecilho e portando a desacreditar. Cada um vive para si sem se preocupar com o que acontece ao lado. Os pais assassinos, tal como as crian\u00e7as, s\u00e3o v\u00edtimas duma sociedade que n\u00e3o tem lugar para eles. O nosso sistema social, entretanto, n\u00e3o tem nada a ver com a responsabilidade social da pessoa singular.<o:p><\/o:p><\/span><\/p>\n<p class=\"MsoNormal\"><span style=\"\" lang=\"PT\"><o:p> <\/o:p><\/span><\/p>\n<p class=\"MsoNormal\"><span style=\"\" lang=\"PT\">Ant\u00f3nio  Justo<o:p><\/o:p><\/span><\/p>\n","protected":false},"excerpt":{"rendered":"<p>A Sociedade Machista e Sexista n\u00e3o suporta M\u00e3es nem Pais Na Alemanha, especialmente na zona da antiga Alemanha democr\u00e1tica t\u00eam-se amontoado os casos de assass\u00ednios de crian\u00e7as e doutros extremismos. Um fen\u00f3meno raro mas que ultimamente tem aumentado \u00e9 o facto de cada vez mais m\u00e3es cometerem tal acto pelos mais diversos motivos. A sociedade &hellip; <a href=\"https:\/\/antonio-justo.eu\/?p=1280\" class=\"more-link\">Continuar a ler <span class=\"screen-reader-text\">Crian\u00e7as V\u00edtimas<\/span><\/a><\/p>\n","protected":false},"author":1,"featured_media":0,"comment_status":"open","ping_status":"open","sticky":false,"template":"","format":"standard","meta":{"sfsi_plus_gutenberg_text_before_share":"","sfsi_plus_gutenberg_show_text_before_share":"","sfsi_plus_gutenberg_icon_type":"","sfsi_plus_gutenberg_icon_alignemt":"","sfsi_plus_gutenburg_max_per_row":"","footnotes":""},"categories":[1],"tags":[],"class_list":["post-1280","post","type-post","status-publish","format-standard","hentry","category-sem-categoria"],"_links":{"self":[{"href":"https:\/\/antonio-justo.eu\/index.php?rest_route=\/wp\/v2\/posts\/1280","targetHints":{"allow":["GET"]}}],"collection":[{"href":"https:\/\/antonio-justo.eu\/index.php?rest_route=\/wp\/v2\/posts"}],"about":[{"href":"https:\/\/antonio-justo.eu\/index.php?rest_route=\/wp\/v2\/types\/post"}],"author":[{"embeddable":true,"href":"https:\/\/antonio-justo.eu\/index.php?rest_route=\/wp\/v2\/users\/1"}],"replies":[{"embeddable":true,"href":"https:\/\/antonio-justo.eu\/index.php?rest_route=%2Fwp%2Fv2%2Fcomments&post=1280"}],"version-history":[{"count":0,"href":"https:\/\/antonio-justo.eu\/index.php?rest_route=\/wp\/v2\/posts\/1280\/revisions"}],"wp:attachment":[{"href":"https:\/\/antonio-justo.eu\/index.php?rest_route=%2Fwp%2Fv2%2Fmedia&parent=1280"}],"wp:term":[{"taxonomy":"category","embeddable":true,"href":"https:\/\/antonio-justo.eu\/index.php?rest_route=%2Fwp%2Fv2%2Fcategories&post=1280"},{"taxonomy":"post_tag","embeddable":true,"href":"https:\/\/antonio-justo.eu\/index.php?rest_route=%2Fwp%2Fv2%2Ftags&post=1280"}],"curies":[{"name":"wp","href":"https:\/\/api.w.org\/{rel}","templated":true}]}}