{"id":1278,"date":"2007-12-05T00:34:00","date_gmt":"2007-12-04T23:34:00","guid":{"rendered":"https:\/\/antonio-justo.eu\/?p=1278"},"modified":"2007-12-05T00:34:00","modified_gmt":"2007-12-04T23:34:00","slug":"democratas-cristaos-alemaes-%e2%80%93-programa-doutrinario-2","status":"publish","type":"post","link":"https:\/\/antonio-justo.eu\/?p=1278","title":{"rendered":"Democratas Crist\u00e3os Alem\u00e3es \u2013 Programa Doutrin\u00e1rio"},"content":{"rendered":"<p class=\"MsoNormal\" style=\"text-align: center;\" align=\"center\"><b style=\"\"><span style=\"font-size: 18pt;\" lang=\"PT\"><\/span><span style=\"font-size: 14pt;\" lang=\"PT\"><o:p> <\/o:p><\/span><\/b><\/p>\n<p class=\"MsoNormal\" style=\"text-align: center;\" align=\"center\"><b style=\"\"><span style=\"font-size: 14pt;\" lang=\"PT\">Programa do CDU da Alemanha \u2013 Um <span style=\"\"> <\/span>Exemplo para Partidos do Centro?<o:p><\/o:p><\/span><\/b><\/p>\n<p class=\"MsoNormal\"><span style=\"\" lang=\"PT\"><o:p> <\/o:p><\/span><\/p>\n<p class=\"MsoNormal\">\n<p><\/p>\n<p class=\"MsoNormal\"><span style=\"\" lang=\"PT\">O Congresso do CDU da Alemanha, que acaba de terminar, teve como lema \u201cO Centro\u201d. A chefe do partido, \u00c2ngela Merkel, acentuou perante os 1000 delegados que s\u00f3 eles s\u00e3o o centro. \u201cAqui \u00e9 o centro. Aqui no centro estamos n\u00f3s e s\u00f3 n\u00f3s\u201d. <o:p><\/o:p><\/span><\/p>\n<p class=\"MsoNormal\"><span style=\"\" lang=\"PT\"><o:p> <\/o:p><\/span><\/p>\n<p class=\"MsoNormal\"><span style=\"\" lang=\"PT\">O CDU declara-se como um grande partido do povo, querendo atingir a grande maioria do povo alem\u00e3o. Quer uma pol\u00edtica temperada, baseada no consenso, contra a polariza\u00e7\u00e3o e os extremos radicais duma esquerda e duma direita. O partido manifestou, por unanimidade numa resolu\u00e7\u00e3o, manter-se na dist\u00e2ncia para com o partido da coliga\u00e7\u00e3o SPD que n\u00e3o \u00e9 fiel \u00e0 pr\u00f3pria Agenda. O SPD, com medo da concorr\u00eancia dos irm\u00e3os socialistas mais extremistas (o Partido da Esquerda), tem optado por um caminho mais \u00e0 esquerda que antes. <o:p><\/o:p><\/span><\/p>\n<p class=\"MsoNormal\"><span style=\"\" lang=\"PT\"><o:p> <\/o:p><\/span><\/p>\n<p class=\"MsoNormal\"><span style=\"\" lang=\"PT\">Merkel fala de participa\u00e7\u00e3o e justi\u00e7a manifestando a vontade de determinar em mais alguns ramos da economia sal\u00e1rios m\u00ednimos, a exemplo do que foi j\u00e1 decidido para trabalhadores \u2013 os carteiros dos correios, com um sal\u00e1rio m\u00ednimo entre 8 e 9,80 Euros \u00e0 hora. <o:p><\/o:p><\/span><\/p>\n<p class=\"MsoNormal\"><span style=\"\" lang=\"PT\"><o:p> <\/o:p><\/span><\/p>\n<p class=\"MsoNormal\"><span style=\"\" lang=\"PT\">O partido manifesta a preocupa\u00e7\u00e3o de dar resposta \u00e0s necessidades do povo. Efectivamente por toda a Europa os estados e os aparelhos dos estados t\u00eam enriquecido enquanto que o povo tem empobrecido. O partido quer, atrav\u00e9s de inova\u00e7\u00e3o, ordenado justo, apoio de creches e jardins infantis e de apoio econ\u00f3mico para o cuidado de crian\u00e7as em casa, dar resposta ao eleitorado feminino e ir de encontro \u00e0s necessidades da juventude. Por outro lado, quanto mais temas assume que antes eram temas do SPD. mais se distancia do tradicional parceiro de coliga\u00e7\u00e3o, o partido Liberal.<o:p><\/o:p><\/span><\/p>\n<p class=\"MsoNormal\"><span style=\"\" lang=\"PT\"><o:p> <\/o:p><\/span><\/p>\n<p class=\"MsoNormal\"><span style=\"\" lang=\"PT\">A preocupa\u00e7\u00e3o com as mudan\u00e7as clim\u00e1ticas e a protec\u00e7\u00e3o do ambiente faz parte muito importante do programa, revela Merkel. A Chanceler critica os ordenados demasiado altos de muitos gestores de empresas.<o:p><\/o:p><\/span><\/p>\n<p class=\"MsoNormal\"><span style=\"\" lang=\"PT\"><o:p> <\/o:p><\/span><\/p>\n<p class=\"MsoNormal\"><span style=\"\" lang=\"PT\">Antes do Congresso agora realizado em Hannover,<span style=\"\">  <\/span>34% dos crist\u00e3os democratas tinham o seu descontentamento com o trabalho da Coliga\u00e7\u00e3o Governamental pretendendo a proibi\u00e7\u00e3o de novas d\u00edvidas para o Governo Federal. Queriam ver assegurado um Rendimento M\u00ednimo e o apoio estatal para os de rendimento diminuto. Negam a cria\u00e7\u00e3o duma taxa para a forma\u00e7\u00e3o profissional a pagar pelas empresas. <o:p><\/o:p><\/span><\/p>\n<p class=\"MsoNormal\"><span style=\"\" lang=\"PT\"><o:p> <\/o:p><\/span><\/p>\n<p class=\"MsoNormal\"><span style=\"\" lang=\"PT\">A chanceler alem\u00e3, \u00c2ngela Merkel, saiu mais refor\u00e7ada do Congresso, mant\u00e9m as r\u00e9deas do partido mais firmes que nunca.<o:p><\/o:p><\/span><\/p>\n<p class=\"MsoNormal\"><span style=\"\" lang=\"PT\"><o:p> <\/o:p><\/span><\/p>\n<p class=\"MsoNormal\"><span style=\"\" lang=\"PT\">Palavras-chave do novo Programa Doutrin\u00e1rio s\u00e3o: crist\u00e3o, social, liberal e valores conservadores. Na base do Programa est\u00e1 a imagem crist\u00e3 do homem da qual deriva os valores fundamentais de liberdade, solidariedade e justi\u00e7a sem jerarquia. O objectivo social \u00e9 a igualdade de chances na participa\u00e7\u00e3o de bens e na forma\u00e7\u00e3o. Espera-se dos imigrantes a afirma\u00e7\u00e3o da cultura envolvente. O casamento de homem e mulher permanece imagem padr\u00e3o da sociedade. Fam\u00edlia \u00e9 definida como o lugar onde pais e filhos assumem responsabilidade m\u00fatua de uns pelos outros, incluindo-se tamb\u00e9m a uni\u00e3o conjugal sem certid\u00e3o de casamento. A bonifica\u00e7\u00e3o fiscal (privil\u00e9gios legais) limitada ao casamento deve ser alargada \u00e0 fam\u00edlia. O fomento de jardins infantis e dinheiro de apoio ao cuidado com crian\u00e7as deve ser fomentado visto constituir uma oportunidade de aut\u00eantica alternativa de op\u00e7\u00e3o coordenando os interesses de fam\u00edlia e profiss\u00e3o. No Programa \u00e9 tamb\u00e9m acentuada o papel fulcral da forma\u00e7\u00e3o. Um ponto principal \u00e9 a protec\u00e7\u00e3o do clima e do ambiente. A energia at\u00f3mica \u00e9 vista como tecnologia ponte. Defende-se um imigra\u00e7\u00e3o controlada com vontade de se integrar. \u00c9 recusada a entrada da Turquia na Uni\u00e3o Europeia e acentuada a amizade com a USA.<o:p><\/o:p><\/span><\/p>\n<p class=\"MsoNormal\"><span style=\"\" lang=\"PT\"><o:p> <\/o:p><\/span><\/p>\n<p class=\"MsoNormal\"><span style=\"\" lang=\"PT\">O modelo social crist\u00e3o e democrata crist\u00e3o alem\u00e3o podem servir de exemplo para uma pol\u00edtica que combina e respeita as caracter\u00edsticas culturais e hist\u00f3ricas da Europa com as necessidades do povo.<o:p><\/o:p><\/span><\/p>\n<p class=\"MsoNormal\"><span style=\"\" lang=\"PT\"><o:p> <\/o:p><\/span><\/p>\n<p class=\"MsoNormal\"><span style=\"\" lang=\"PT\">Ant\u00f3nio Justo<o:p><\/o:p><\/span><\/p>\n<p class=\"MsoNormal\"><span style=\"\" lang=\"PT\"><o:p> <\/o:p><\/span><\/p>\n","protected":false},"excerpt":{"rendered":"<p>Programa do CDU da Alemanha \u2013 Um Exemplo para Partidos do Centro? O Congresso do CDU da Alemanha, que acaba de terminar, teve como lema \u201cO Centro\u201d. A chefe do partido, \u00c2ngela Merkel, acentuou perante os 1000 delegados que s\u00f3 eles s\u00e3o o centro. \u201cAqui \u00e9 o centro. Aqui no centro estamos n\u00f3s e s\u00f3 &hellip; <a href=\"https:\/\/antonio-justo.eu\/?p=1278\" class=\"more-link\">Continuar a ler <span class=\"screen-reader-text\">Democratas Crist\u00e3os Alem\u00e3es \u2013 Programa Doutrin\u00e1rio<\/span><\/a><\/p>\n","protected":false},"author":1,"featured_media":0,"comment_status":"open","ping_status":"open","sticky":false,"template":"","format":"standard","meta":{"sfsi_plus_gutenberg_text_before_share":"","sfsi_plus_gutenberg_show_text_before_share":"","sfsi_plus_gutenberg_icon_type":"","sfsi_plus_gutenberg_icon_alignemt":"","sfsi_plus_gutenburg_max_per_row":"","footnotes":""},"categories":[1],"tags":[],"class_list":["post-1278","post","type-post","status-publish","format-standard","hentry","category-sem-categoria"],"_links":{"self":[{"href":"https:\/\/antonio-justo.eu\/index.php?rest_route=\/wp\/v2\/posts\/1278","targetHints":{"allow":["GET"]}}],"collection":[{"href":"https:\/\/antonio-justo.eu\/index.php?rest_route=\/wp\/v2\/posts"}],"about":[{"href":"https:\/\/antonio-justo.eu\/index.php?rest_route=\/wp\/v2\/types\/post"}],"author":[{"embeddable":true,"href":"https:\/\/antonio-justo.eu\/index.php?rest_route=\/wp\/v2\/users\/1"}],"replies":[{"embeddable":true,"href":"https:\/\/antonio-justo.eu\/index.php?rest_route=%2Fwp%2Fv2%2Fcomments&post=1278"}],"version-history":[{"count":0,"href":"https:\/\/antonio-justo.eu\/index.php?rest_route=\/wp\/v2\/posts\/1278\/revisions"}],"wp:attachment":[{"href":"https:\/\/antonio-justo.eu\/index.php?rest_route=%2Fwp%2Fv2%2Fmedia&parent=1278"}],"wp:term":[{"taxonomy":"category","embeddable":true,"href":"https:\/\/antonio-justo.eu\/index.php?rest_route=%2Fwp%2Fv2%2Fcategories&post=1278"},{"taxonomy":"post_tag","embeddable":true,"href":"https:\/\/antonio-justo.eu\/index.php?rest_route=%2Fwp%2Fv2%2Ftags&post=1278"}],"curies":[{"name":"wp","href":"https:\/\/api.w.org\/{rel}","templated":true}]}}