{"id":1277,"date":"2007-12-05T00:27:00","date_gmt":"2007-12-04T23:27:00","guid":{"rendered":"https:\/\/antonio-justo.eu\/?p=1277"},"modified":"2007-12-05T00:27:00","modified_gmt":"2007-12-04T23:27:00","slug":"pisa-2006-%e2%80%93-pessimas-notas-para-portugal","status":"publish","type":"post","link":"https:\/\/antonio-justo.eu\/?p=1277","title":{"rendered":"PISA 2006 \u2013 P\u00e9ssimas Notas para Portugal"},"content":{"rendered":"<p class=\"MsoNormal\" style=\"text-align: center;\" align=\"center\"><b style=\"\"><span style=\"font-size: 18pt;\" lang=\"PT\"><br \/><o:p><\/o:p><\/span><\/b><\/p>\n<p class=\"MsoNormal\" style=\"text-align: center;\" align=\"center\"><b style=\"\"><span style=\"font-size: 16pt;\" lang=\"PT\">Um Pa\u00eds para Ingl\u00eas ver?<o:p><\/o:p><\/span><\/b><\/p>\n<p><\/p>\n<p class=\"MsoNormal\"><span style=\"\" lang=\"PT\"><o:p><\/o:p><\/span><\/p>\n<p class=\"MsoNormal\"><span style=\"\" lang=\"PT\"><o:p> <\/o:p><\/span><\/p>\n<p class=\"MsoNormal\"><span style=\"\" lang=\"PT\">Os resultados da investiga\u00e7\u00e3o Pisa, que se efectua de tr\u00eas em tr\u00eas anos, foram publicados. Eles servem para ver onde nos encontramos internacionalmente. De 50 pa\u00edses participantes qualificados, Finl\u00e2ndia ocupa o primeiro lugar, Indon\u00e9sia o \u00faltimo e Portugal muito abaixo da m\u00e9dia ocupa o lugar 37 da escala. Dos pa\u00edses da Uni\u00e3o Europeia s\u00f3 a Gr\u00e9cia e a Rom\u00e9nia obtiveram piores resultados.<o:p><\/o:p><\/span><\/p>\n<p class=\"MsoNormal\"><span style=\"\" lang=\"PT\"><o:p> <\/o:p><\/span><\/p>\n<p class=\"MsoNormal\"><span style=\"\" lang=\"PT\">Esta \u00e9 a factura duma pol\u00edtica de educacao mais preocupada com medidas populistas (e apenas interessada em resultados estat\u00edsticos tratados) do que com a aquisi\u00e7\u00e3o de compet\u00eancias. Portugal cada vez ocupa mais a cauda dos pa\u00edses.<o:p><\/o:p><\/span><\/p>\n<p class=\"MsoNormal\"><span style=\"\" lang=\"PT\"><o:p> <\/o:p><\/span><\/p>\n<p class=\"MsoNormal\"><span style=\"\" lang=\"PT\">A nota que Portugal recebeu em termos de compara\u00e7\u00e3o de pa\u00edses corresponde a insuficiente. Se quisermos que se aprenda mais nas escolas estatais a primeira condi\u00e7\u00e3o ser\u00e1 despolitizar o ensino e dignificar o trabalho e os professores. Esta virtude n\u00e3o \u00e9 pr\u00f3pria da esquerda que orienta a rasoira da medida, n\u00e3o pela m\u00e9dia, mas, pela mediocridade. O estado prolet\u00e1rio n\u00e3o precisa de pensadores, basta-lhe m\u00e3os de obra, pessoas reflectidas estorvam. A nomenclatura com uma administra\u00e7\u00e3o obediente e d\u00f3cil chega. Pensar al\u00e9m de fazer doer \u00e9 perigoso para as nomenclaturas. <o:p><\/o:p><\/span><\/p>\n<p class=\"MsoNormal\"><span style=\"\" lang=\"PT\"><o:p> <\/o:p><\/span><\/p>\n<p class=\"MsoNormal\"><span style=\"\" lang=\"PT\">As notas dadas por PISA ao Ensino Privado superaram de longe as do Ensino P\u00fablico. Aquele tem de ser mais apoiado pelo Estado para que o povo possa ter a alternativa da escolha. Al\u00e9m de programas aferidos \u00e9 necess\u00e1ria uma forma\u00e7\u00e3o de professores mais objectiva.<o:p><\/o:p><\/span><\/p>\n<p class=\"MsoNormal\"><span style=\"\" lang=\"PT\"><o:p> <\/o:p><\/span><\/p>\n<p class=\"MsoNormal\"><span style=\"\" lang=\"PT\">Muitas medidas de forma\u00e7\u00e3o de professores n\u00e3o s\u00e3o isentas. Pecam por querer aproveitar, \u00e0 \u00faltima hora, os dinheiros da Uni\u00e3o Europeia dispon\u00edveis para forma\u00e7\u00e3o. Al\u00e9m disso os cursos s\u00e3o muitas vezes dirigidos por um conjunto de formadores seleccionados pela bitola partid\u00e1ria, ao servi\u00e7o duma filosofia partid\u00e1ria. A maior parte dos professores l\u00e1 vai suportando ou engolindo ingenuamente as endoutrina\u00e7\u00f5es ministeriais, comportando-se bem, na ca\u00e7a aos cr\u00e9ditos.<o:p><\/o:p><\/span><\/p>\n<p class=\"MsoNormal\"><span style=\"\" lang=\"PT\"><o:p> <\/o:p><\/span><\/p>\n<p class=\"MsoNormal\"><span style=\"\" lang=\"PT\">O Ensino em Portugal, a n\u00edvel administrativo de minist\u00e9rios, encontra-se nas m\u00e3os da esquerda. Como est\u00e1 totalmente centralizado, os distritos n\u00e3o t\u00eam qualquer oportunidade de impedir a mis\u00e9ria que de ano para ano se repete nas escolas. O medo e a inseguran\u00e7a indigna s\u00e3o o meio que o centralismo usa na coloca\u00e7\u00e3o dos professores. Este \u00e9 um exemplo de como os mercen\u00e1rios de Lisboa tratam Portugal. O pior de tudo \u00e9 que o povo n\u00e3o nota! Na prov\u00edncia parece reinar a lei da sorte ou do destino e em Lisboa a lei da cunha ou do oportunismo. <o:p><\/o:p><\/span><\/p>\n<p class=\"MsoNormal\"><span style=\"\" lang=\"PT\"><o:p> <\/o:p><\/span><\/p>\n<p class=\"MsoNormal\" style=\"text-align: center;\" align=\"center\"><b style=\"\"><span style=\"font-size: 14pt;\" lang=\"PT\">O povo \u00e9 prov\u00edncia<o:p><\/o:p><\/span><\/b><\/p>\n<p class=\"MsoNormal\"><span style=\"\" lang=\"PT\">\u00c9 urgente a descentraliza\u00e7\u00e3o do ensino para que este passe a ser mais eficiente e justo. \u00c9 incr\u00edvel que um pa\u00eds com uma atitude esquerdista de Educa\u00e7\u00e3o e um governo tamb\u00e9m esquerdo mas com uma pol\u00edtica econ\u00f3mica favorecedora das elites capitalistas consiga fazer condizer coisa com coisa. O que lhes vale \u00e9 a sociedade ser an\u00f3nima e acreditar nos \u201csegredos dos Deuses\u201d, bastando para estes iluminados um pouco de esperteza e uns rituais de lojas. <o:p><\/o:p><\/span><\/p>\n<p class=\"MsoNormal\"><span style=\"\" lang=\"PT\"><o:p> <\/o:p><\/span><\/p>\n<p class=\"MsoNormal\"><span style=\"\" lang=\"PT\">O Zeca tinha raz\u00e3o ao dizer: \u201celes comem tudo e n\u00e3o deixam nada\u201d! O povo s\u00f3 mata o corpo, anda sempre vergado atr\u00e1s da necessidade, \u00e9 seara alheia. O 25 de Abril produziu homens catitas, de olhares devassadores, com bocas muito s\u00f4fregas de torresmos, sem respeito nem considera\u00e7\u00e3o por nada. Assim, governos de cucos briosos ocuparam a governan\u00e7a dum povo para quem o destino reserva, quando muito, o fad\u00e1rio de vaca leiteira.Este povo, de ra\u00edzes campesinas, continua renitente \u00e0 espera dos sinais duma madrugada. <o:p><\/o:p><\/span><\/p>\n<p class=\"MsoNormal\"><span style=\"\" lang=\"PT\"><o:p> <\/o:p><\/span><\/p>\n<p class=\"MsoNormal\"><span style=\"\" lang=\"PT\">Eles, que substitu\u00edram os andores da prociss\u00e3o passaram a ser os pimp\u00f5es da festa, embora omissos ou de ideias encardidas, metem-se \u00e0 frente e ainda se gabam: \u201cO povo \u00e9 prov\u00edncia!\u201d Povo \u00e9 terra submersa, a submergir; \u00e9 leira pisada em que eles t\u00eam a prerrogativa de mandar sem acarretar com as consequ\u00eancias, podendo continuar a caminhar na modorra de sempre.<o:p><\/o:p><\/span><\/p>\n<p class=\"MsoNormal\"><span style=\"\" lang=\"PT\"><o:p> <\/o:p><\/span><\/p>\n<p class=\"MsoNormal\"><span style=\"\" lang=\"PT\">Os mimados do poder narcisista conseguiram o salto para Lisboa. Com eles o sucesso fugiu da terra. Nesta resta apenas a satisfa\u00e7\u00e3o sempre cativa na preocupa\u00e7\u00e3o dum fim de m\u00eas sem dinheiro. O campo espoliado e profanado ferve duma raiva indefinida. Eles foram, levaram tudo e s\u00f3 deixaram a desgra\u00e7a.<o:p><\/o:p><\/span><\/p>\n<p class=\"MsoNormal\"><span style=\"\" lang=\"PT\"><o:p> <\/o:p><\/span><\/p>\n<p class=\"MsoNormal\" style=\"text-align: center;\" align=\"center\"><b style=\"\"><span style=\"font-size: 14pt;\" lang=\"PT\">Lisboa uma Prostituta<o:p><\/o:p><\/span><\/b><\/p>\n<p class=\"MsoNormal\"><span style=\"\" lang=\"PT\">Pol\u00edticos, n\u00e3o chega apostar em carreiras pol\u00edticas nacionais que desembocam em cargos internacionais. A presen\u00e7a de Portugal no mundo, para n\u00e3o ser enganosa, exige mais de todos!&#8230; A nossa presen\u00e7a internacional, reduzida quase exclusivamente a pol\u00edticos e a emigrantes, reflecte o nosso mal de raiz: muita conversa e saber indiferenciado; uns, em Lisboa, alde\u00f5es engravatados, o resto, alde\u00f5es trabalhadores. A uns e a outros resta uma chance, redescobrir a aldeia e ent\u00e3o em Portugal voltar\u00e1 a haver lugar para a \u201cCasa<span style=\"\">  <\/span>dos Vinte e Quatro\u201d. Os homens bons, ent\u00e3o, honrar\u00e3o a cidade e o campo!<o:p><\/o:p><\/span><\/p>\n<p class=\"MsoNormal\"><span style=\"\" lang=\"PT\"><o:p> <\/o:p><\/span><\/p>\n<p class=\"MsoNormal\"><span style=\"\" lang=\"PT\">Para se estar presente na hist\u00f3ria e na cena internacional n\u00e3o chega a honra de tachos internacionais nem uma Lisboa de cara enfeitada, para ingl\u00eas ver. O que \u00e9 preciso \u00e9 que Portugal e o povo portugu\u00eas apare\u00e7am e se tornem Na\u00e7\u00e3o, e, assim, esta n\u00e3o seja apenas de alguns que, na periferia da hist\u00f3ria e da Europa, se mostram, de cara luzidia nos palcos internacionais, sem vergonha daquilo que escondem e que exploram. Uns desavergonhados, envergonhados do povo que dizem representarem.<o:p><\/o:p><\/span><\/p>\n<p class=\"MsoNormal\"><span style=\"\" lang=\"PT\"><o:p> <\/o:p><\/span><\/p>\n<p class=\"MsoNormal\"><span style=\"\" lang=\"PT\">Na \u00e9poca em que Portugal era povo, consegu\u00edamos estar presentes no mundo, com a nossa f\u00e9, ci\u00eancia e trabalho; \u00e9ramos caravelas, feitas com todos os pinheiros de Portugal, que singravam ao vento da nossa vontade. Desde que os mercen\u00e1rios do poder se apoderaram de Portugal passou o povo a ter de trabalhar para eles ou a ver-se obrigado a emigrar para o estrangeiro \u00e0 procura de p\u00e3o e de honra!<o:p><\/o:p><\/span><\/p>\n<p class=\"MsoNormal\"><span style=\"\" lang=\"PT\"><o:p> <\/o:p><\/span><\/p>\n<p class=\"MsoNormal\"><span style=\"\" lang=\"PT\">\u00c9 um esc\u00e2ndalo o desinteresse pelo ensino e pela aprendizagem. \u00c9 um abuso a impertin\u00eancia dos nossos pol\u00edticos.<o:p><\/o:p><\/span><\/p>\n<p class=\"MsoNormal\"><span style=\"\" lang=\"PT\"><o:p> <\/o:p><\/span><\/p>\n<p class=\"MsoNormal\"><span style=\"\" lang=\"PT\">Saramago, quando fala da solu\u00e7\u00e3o Uni\u00e3o Ib\u00e9rica, tal como j\u00e1 fizeram outros intelectuais em tempos passados, talvez o fa\u00e7a por desilus\u00e3o completa e por verificar a verdadeira baixeza cr\u00f3nica em que nos encontramos.<o:p><\/o:p><\/span><\/p>\n<p class=\"MsoNormal\"><span style=\"\" lang=\"PT\"><o:p> <\/o:p><\/span><\/p>\n<p class=\"MsoNormal\"><span style=\"\" lang=\"PT\">Penso que, mais que em entregar Portugal a Espanha ou \u00e0s internacionais, o povo tem que ser acordado por uma nova estirpe jovem de povo que conhe\u00e7a um pouco mais da hist\u00f3ria de Portugal, que n\u00e3o se deixe corromper e passe a trabalhar e a fazer trabalhar. Para isso \u00e9 preciso fomentar a cultura e um ensino s\u00e9rio. Vai sendo tempo de dizer n\u00e3o a um ensino s\u00f3 preocupado com resultados balofos, a um ensino que premeia o suborno. O nosso Minist\u00e9rio da Educa\u00e7\u00e3o n\u00e3o tem tido respeito nem por cultura, nem por professores, nem pelo povo; chega-lhes uma mediania que possibilite continuar a fazer do povo seu tapete, um povo que se quer apenas trolha. A falta de forma\u00e7\u00e3o e o oportunismo facilitam a vida aos actores que fazem do neg\u00f3cio a entropia.<o:p><\/o:p><\/span><\/p>\n<p class=\"MsoNormal\"><span style=\"\" lang=\"PT\"><o:p> <\/o:p><\/span><\/p>\n<p class=\"MsoNormal\"><span style=\"\" lang=\"PT\">Assim, sendo embora Portugal um grande povo, continua a adiar a sua hist\u00f3ria! <o:p><\/o:p><\/span><\/p>\n<p class=\"MsoNormal\"><span style=\"\" lang=\"PT\"><o:p> <\/o:p><\/span><\/p>\n<p class=\"MsoNormal\"><span style=\"\" lang=\"PT\">Ant\u00f3nio Justo<o:p><\/o:p><\/span><\/p>\n","protected":false},"excerpt":{"rendered":"<p>Um Pa\u00eds para Ingl\u00eas ver? Os resultados da investiga\u00e7\u00e3o Pisa, que se efectua de tr\u00eas em tr\u00eas anos, foram publicados. Eles servem para ver onde nos encontramos internacionalmente. De 50 pa\u00edses participantes qualificados, Finl\u00e2ndia ocupa o primeiro lugar, Indon\u00e9sia o \u00faltimo e Portugal muito abaixo da m\u00e9dia ocupa o lugar 37 da escala. Dos pa\u00edses &hellip; <a href=\"https:\/\/antonio-justo.eu\/?p=1277\" class=\"more-link\">Continuar a ler <span class=\"screen-reader-text\">PISA 2006 \u2013 P\u00e9ssimas Notas para Portugal<\/span><\/a><\/p>\n","protected":false},"author":1,"featured_media":0,"comment_status":"open","ping_status":"open","sticky":false,"template":"","format":"standard","meta":{"sfsi_plus_gutenberg_text_before_share":"","sfsi_plus_gutenberg_show_text_before_share":"","sfsi_plus_gutenberg_icon_type":"","sfsi_plus_gutenberg_icon_alignemt":"","sfsi_plus_gutenburg_max_per_row":"","footnotes":""},"categories":[1],"tags":[],"class_list":["post-1277","post","type-post","status-publish","format-standard","hentry","category-sem-categoria"],"_links":{"self":[{"href":"https:\/\/antonio-justo.eu\/index.php?rest_route=\/wp\/v2\/posts\/1277","targetHints":{"allow":["GET"]}}],"collection":[{"href":"https:\/\/antonio-justo.eu\/index.php?rest_route=\/wp\/v2\/posts"}],"about":[{"href":"https:\/\/antonio-justo.eu\/index.php?rest_route=\/wp\/v2\/types\/post"}],"author":[{"embeddable":true,"href":"https:\/\/antonio-justo.eu\/index.php?rest_route=\/wp\/v2\/users\/1"}],"replies":[{"embeddable":true,"href":"https:\/\/antonio-justo.eu\/index.php?rest_route=%2Fwp%2Fv2%2Fcomments&post=1277"}],"version-history":[{"count":0,"href":"https:\/\/antonio-justo.eu\/index.php?rest_route=\/wp\/v2\/posts\/1277\/revisions"}],"wp:attachment":[{"href":"https:\/\/antonio-justo.eu\/index.php?rest_route=%2Fwp%2Fv2%2Fmedia&parent=1277"}],"wp:term":[{"taxonomy":"category","embeddable":true,"href":"https:\/\/antonio-justo.eu\/index.php?rest_route=%2Fwp%2Fv2%2Fcategories&post=1277"},{"taxonomy":"post_tag","embeddable":true,"href":"https:\/\/antonio-justo.eu\/index.php?rest_route=%2Fwp%2Fv2%2Ftags&post=1277"}],"curies":[{"name":"wp","href":"https:\/\/api.w.org\/{rel}","templated":true}]}}